{"id":21628,"date":"2022-06-08T14:54:55","date_gmt":"2022-06-08T14:54:55","guid":{"rendered":"http:\/\/www.iceagetv.com\/radiosite\/?p=21628"},"modified":"2022-06-08T14:54:55","modified_gmt":"2022-06-08T14:54:55","slug":"crise-aux-urgences-le-gouvernement-annonce-une-serie-de-premieres-mesures-heures-sup-payees-doubles-renfort-deleves-infirmiers","status":"publish","type":"post","link":"https:\/\/www.iceagetv.com\/radiosite\/crise-aux-urgences-le-gouvernement-annonce-une-serie-de-premieres-mesures-heures-sup-payees-doubles-renfort-deleves-infirmiers\/","title":{"rendered":"Crise aux urgences &#8211; Le gouvernement annonce une s\u00e9rie de \u00ab\u00a0premi\u00e8res mesures\u00a0\u00bb: heures sup pay\u00e9es doubles, renfort d&rsquo;\u00e9l\u00e8ves infirmiers&#8230;"},"content":{"rendered":"\n<p>Heures sup pay\u00e9es doubles, \u00e9l\u00e8ves infirmiers \u00ab imm\u00e9diatement \u00bb employables: la ministre de la Sant\u00e9, Brigitte Bourguignon, a annonc\u00e9 mercredi une s\u00e9rie de \u00ab premi\u00e8res mesures \u00bb afin de surmonter un \u00ab \u00e9t\u00e9 difficile \u00bb \u00e0 l\u2019h\u00f4pital, \u00ab sans attendre \u00bb les conclusions de la mission flash sur les urgences. \u00ab L\u2019\u00e9t\u00e9 sera difficile \u00bb et il faudra \u00ab trouver des solutions pour que les Fran\u00e7ais ne soient pas priv\u00e9s de soins \u00bb, a d\u00e9clar\u00e9 Mme Bourguignon lors d\u2019une intervention au Congr\u00e8s Urgences, qui se tient \u00e0 Paris de mercredi \u00e0 vendredi.<\/p>\n\n\n\n<p>Alors que 120 services d\u2019urgences ont \u00e9t\u00e9 forc\u00e9s de limiter leur activit\u00e9 ou s\u2019y pr\u00e9parent, selon un d\u00e9compte diffus\u00e9 fin mai par l\u2019association Samu-Urgences de France, \u00ab le gouvernement prend ses responsabilit\u00e9s face \u00e0 la crise \u00bb, a-t-elle affirm\u00e9. L\u2019ex\u00e9cutif a notamment \u00ab d\u00e9cid\u00e9 de r\u00e9activer le doublement de la r\u00e9mun\u00e9ration des heures suppl\u00e9mentaires du personnel non m\u00e9dical, et du temps de travail additionnel des m\u00e9decins, pour l\u2019ensemble de la p\u00e9riode estivale \u00bb.<\/p>\n\n\n\n<p>La ministre a \u00e9galement annonc\u00e9 \u00ab un dispositif exceptionnel \u00bb pour que \u00ab les \u00e9l\u00e8ves infirmiers et aides-soignants ayant achev\u00e9 leur formation initiale en juin et juillet (puissent) commencer \u00e0 exercer imm\u00e9diatement, sans attendre la remise officielle de leur dipl\u00f4me \u00bb. Les soignants retrait\u00e9s \u00ab volontaires pour reprendre une activit\u00e9 \u00bb cet \u00e9t\u00e9 b\u00e9n\u00e9ficieront pour leur part de \u00ab facilit\u00e9s de cumul (avec) leur pension de retraite \u00bb.<\/p>\n\n\n\n<p>Par ailleurs, les agences r\u00e9gionales de sant\u00e9 (ARS) ont \u00e9t\u00e9 somm\u00e9es de \u00ab remobiliser les dispositifs territoriaux de gestion de crise \u00bb pour coordonner h\u00f4pitaux publics, cliniques priv\u00e9es et professionnels lib\u00e9raux. Ces \u00ab premi\u00e8res mesures seront bient\u00f4t compl\u00e9t\u00e9es par les propositions de la mission Braun \u00bb, a-t-elle ajout\u00e9. Emmanuel Macron a en effet charg\u00e9 le Dr Fran\u00e7ois Braun, chef des urgences du CHR de Metz et pr\u00e9sident de Samu-Urgences de France, d\u2019une \u00ab mission flash \u00bb sur les \u00ab soins non programm\u00e9s \u00bb, dont les r\u00e9sultats sont attendus avant le 1er juillet.<\/p>\n","protected":false},"excerpt":{"rendered":"<p>Heures sup pay\u00e9es doubles, \u00e9l\u00e8ves infirmiers \u00ab imm\u00e9diatement \u00bb employables: la ministre de la Sant\u00e9, Brigitte Bourguignon, a annonc\u00e9 mercredi une s\u00e9rie de \u00ab premi\u00e8res mesures \u00bb afin de surmonter un \u00ab \u00e9t\u00e9 difficile \u00bb \u00e0 l\u2019h\u00f4pital, \u00ab sans attendre \u00bb les conclusions de la mission flash sur les urgences. \u00ab L\u2019\u00e9t\u00e9 sera difficile \u00bb [&hellip;]<\/p>\n","protected":false},"author":2,"featured_media":21629,"comment_status":"open","ping_status":"open","sticky":false,"template":"","format":"standard","meta":{"_jetpack_memberships_contains_paid_content":false,"footnotes":"","jetpack_publicize_message":"","jetpack_publicize_feature_enabled":true,"jetpack_social_post_already_shared":true,"jetpack_social_options":{"image_generator_settings":{"template":"highway","default_image_id":0,"font":"","enabled":false},"version":2},"_wpas_customize_per_network":false},"categories":[405],"tags":[],"class_list":["post-21628","post","type-post","status-publish","format-standard","has-post-thumbnail","hentry","category-actu-france-monde"],"jetpack_publicize_connections":[],"jetpack_featured_media_url":"https:\/\/i0.wp.com\/www.iceagetv.com\/radiosite\/wp-content\/uploads\/2022\/06\/Crise-aux-urgences.jpg?fit=679%2C293&ssl=1","jetpack_sharing_enabled":true,"_links":{"self":[{"href":"https:\/\/www.iceagetv.com\/radiosite\/wp-json\/wp\/v2\/posts\/21628","targetHints":{"allow":["GET"]}}],"collection":[{"href":"https:\/\/www.iceagetv.com\/radiosite\/wp-json\/wp\/v2\/posts"}],"about":[{"href":"https:\/\/www.iceagetv.com\/radiosite\/wp-json\/wp\/v2\/types\/post"}],"author":[{"embeddable":true,"href":"https:\/\/www.iceagetv.com\/radiosite\/wp-json\/wp\/v2\/users\/2"}],"replies":[{"embeddable":true,"href":"https:\/\/www.iceagetv.com\/radiosite\/wp-json\/wp\/v2\/comments?post=21628"}],"version-history":[{"count":1,"href":"https:\/\/www.iceagetv.com\/radiosite\/wp-json\/wp\/v2\/posts\/21628\/revisions"}],"predecessor-version":[{"id":21630,"href":"https:\/\/www.iceagetv.com\/radiosite\/wp-json\/wp\/v2\/posts\/21628\/revisions\/21630"}],"wp:featuredmedia":[{"embeddable":true,"href":"https:\/\/www.iceagetv.com\/radiosite\/wp-json\/wp\/v2\/media\/21629"}],"wp:attachment":[{"href":"https:\/\/www.iceagetv.com\/radiosite\/wp-json\/wp\/v2\/media?parent=21628"}],"wp:term":[{"taxonomy":"category","embeddable":true,"href":"https:\/\/www.iceagetv.com\/radiosite\/wp-json\/wp\/v2\/categories?post=21628"},{"taxonomy":"post_tag","embeddable":true,"href":"https:\/\/www.iceagetv.com\/radiosite\/wp-json\/wp\/v2\/tags?post=21628"}],"curies":[{"name":"wp","href":"https:\/\/api.w.org\/{rel}","templated":true}]}}