{"id":21649,"date":"2022-06-10T16:00:04","date_gmt":"2022-06-10T16:00:04","guid":{"rendered":"http:\/\/www.iceagetv.com\/radiosite\/?p=21649"},"modified":"2022-06-10T16:00:04","modified_gmt":"2022-06-10T16:00:04","slug":"proces-des-attentats-du-13-novembre-la-perpetuite-incompressible-requise-contre-salah-abdeslam","status":"publish","type":"post","link":"https:\/\/www.iceagetv.com\/radiosite\/proces-des-attentats-du-13-novembre-la-perpetuite-incompressible-requise-contre-salah-abdeslam\/","title":{"rendered":"Proc\u00e8s des attentats du 13-Novembre : la perp\u00e9tuit\u00e9 incompressible requise contre Salah Abdeslam"},"content":{"rendered":"\n<p><strong>Cette sanction rarissime, qui rend tr\u00e8s infime la possibilit\u00e9 d&rsquo;un am\u00e9nagement de peine, a \u00e9t\u00e9 demand\u00e9e \u00abau regard de l&rsquo;immense gravit\u00e9 des faits\u00bb qui sont reproch\u00e9s au Fran\u00e7ais de 32 ans.<\/strong>Le parquet national antiterroriste (Pnat) a requis vendredi 10 juin au proc\u00e8s des attentats du 13-Novembre la perp\u00e9tuit\u00e9 avec une p\u00e9riode de s\u00fbret\u00e9 incompressible \u00e0 l&rsquo;encontre de Salah Abdeslam, unique membre encore en vie des commandos qui ont fait 130 morts \u00e0 Paris et Saint-Denis. Cette sanction rarissime, qui rend tr\u00e8s infime la possibilit\u00e9 d&rsquo;un am\u00e9nagement de peine, a \u00e9t\u00e9 demand\u00e9e \u00abau regard de l&rsquo;immense gravit\u00e9 des faits\u00bb qui sont reproch\u00e9s au Fran\u00e7ais de 32 ans, qui est \u00abrest\u00e9 fid\u00e8le jusqu&rsquo;au bout \u00e0 son id\u00e9ologie\u00bb et n&rsquo;a jamais exprim\u00e9 \u00able moindre remords\u00bb.<\/p>\n\n\n\n<p>Le minist\u00e8re public a r\u00e9clam\u00e9 les peines les plus lourdes contre Salah Abdeslam ainsi qu&rsquo;\u00e0 l&rsquo;encontre de deux hauts cadres de l&rsquo;\u00c9tat islamique, pr\u00e9sum\u00e9s morts en zone irako-syrienne et jug\u00e9s en leur absence. Il a \u00e9galement requis la perp\u00e9tuit\u00e9 assortie d&rsquo;une peine de s\u00fbret\u00e9 de 22 ans contre le Belge Mohammed Abrini, \u00ab<em>l&rsquo;homme au chapeau<\/em>\u00bb des attentats de Bruxelles.<\/p>\n\n\n\n<h2 class=\"wp-block-heading\" id=\"peine-la-plus-lourde-du-code-penal\">Peine la plus lourde du code p\u00e9nal<\/h2>\n\n\n\n<p>La r\u00e9clusion criminelle \u00e0 perp\u00e9tuit\u00e9 incompressible ou \u00ab<em>perp\u00e9tuit\u00e9 r\u00e9elle<\/em>\u00bb, requise \u00e0 l&rsquo;encontre de Salah Abdeslam, est la plus lourde du code p\u00e9nal. La cour d&rsquo;assises sp\u00e9ciale, uniquement compos\u00e9e de magistrats professionnels, n&rsquo;est pas tenue de suivre ces r\u00e9quisitions. Si elle prononce une p\u00e9riode de s\u00fbret\u00e9 illimit\u00e9e, elle doit sp\u00e9cialement motiver sa d\u00e9cision. Cette \u00ab<em>perp\u00e9tuit\u00e9 r\u00e9elle<\/em>\u00bb rend impossible de demander un am\u00e9nagement de peine. Le condamn\u00e9 \u00e0 cette peine peut toutefois, au bout de trente ans pass\u00e9s en prison, demander au tribunal de l&rsquo;application des peines de revenir sur cette impossibilit\u00e9.<\/p>\n\n\n\n<p>La \u00ab<em>perp\u00e9tuit\u00e9 r\u00e9elle<\/em>\u00bb n&rsquo;a \u00e9t\u00e9 prononc\u00e9e qu&rsquo;\u00e0 quatre reprises: contre Pierre Bodein dit \u00ab<em>Pierrot le fou<\/em>\u00bb en 2007, Michel Fourniret &#8211; depuis d\u00e9c\u00e9d\u00e9 en prison &#8211; en 2008, Nicolas Blondiau en 2013 et Yannick Luende Bothelo en 2016, \u00e0 chaque fois pour des meurtres d&rsquo;enfants accompagn\u00e9s de viols ou tortures.<\/p>\n","protected":false},"excerpt":{"rendered":"<p>Cette sanction rarissime, qui rend tr\u00e8s infime la possibilit\u00e9 d&rsquo;un am\u00e9nagement de peine, a \u00e9t\u00e9 demand\u00e9e \u00abau regard de l&rsquo;immense gravit\u00e9 des faits\u00bb qui sont reproch\u00e9s au Fran\u00e7ais de 32 ans.Le parquet national antiterroriste (Pnat) a requis vendredi 10 juin au proc\u00e8s des attentats du 13-Novembre la perp\u00e9tuit\u00e9 avec une p\u00e9riode de s\u00fbret\u00e9 incompressible \u00e0 [&hellip;]<\/p>\n","protected":false},"author":2,"featured_media":21650,"comment_status":"open","ping_status":"open","sticky":false,"template":"","format":"standard","meta":{"_jetpack_memberships_contains_paid_content":false,"footnotes":"","jetpack_publicize_message":"","jetpack_publicize_feature_enabled":true,"jetpack_social_post_already_shared":true,"jetpack_social_options":{"image_generator_settings":{"template":"highway","default_image_id":0,"font":"","enabled":false},"version":2},"_wpas_customize_per_network":false},"categories":[405],"tags":[],"class_list":["post-21649","post","type-post","status-publish","format-standard","has-post-thumbnail","hentry","category-actu-france-monde"],"jetpack_publicize_connections":[],"jetpack_featured_media_url":"https:\/\/i0.wp.com\/www.iceagetv.com\/radiosite\/wp-content\/uploads\/2022\/06\/la-perpetuite-incompressible-requise-contre-Salah-Abdeslam.png?fit=691%2C323&ssl=1","jetpack_sharing_enabled":true,"_links":{"self":[{"href":"https:\/\/www.iceagetv.com\/radiosite\/wp-json\/wp\/v2\/posts\/21649","targetHints":{"allow":["GET"]}}],"collection":[{"href":"https:\/\/www.iceagetv.com\/radiosite\/wp-json\/wp\/v2\/posts"}],"about":[{"href":"https:\/\/www.iceagetv.com\/radiosite\/wp-json\/wp\/v2\/types\/post"}],"author":[{"embeddable":true,"href":"https:\/\/www.iceagetv.com\/radiosite\/wp-json\/wp\/v2\/users\/2"}],"replies":[{"embeddable":true,"href":"https:\/\/www.iceagetv.com\/radiosite\/wp-json\/wp\/v2\/comments?post=21649"}],"version-history":[{"count":1,"href":"https:\/\/www.iceagetv.com\/radiosite\/wp-json\/wp\/v2\/posts\/21649\/revisions"}],"predecessor-version":[{"id":21651,"href":"https:\/\/www.iceagetv.com\/radiosite\/wp-json\/wp\/v2\/posts\/21649\/revisions\/21651"}],"wp:featuredmedia":[{"embeddable":true,"href":"https:\/\/www.iceagetv.com\/radiosite\/wp-json\/wp\/v2\/media\/21650"}],"wp:attachment":[{"href":"https:\/\/www.iceagetv.com\/radiosite\/wp-json\/wp\/v2\/media?parent=21649"}],"wp:term":[{"taxonomy":"category","embeddable":true,"href":"https:\/\/www.iceagetv.com\/radiosite\/wp-json\/wp\/v2\/categories?post=21649"},{"taxonomy":"post_tag","embeddable":true,"href":"https:\/\/www.iceagetv.com\/radiosite\/wp-json\/wp\/v2\/tags?post=21649"}],"curies":[{"name":"wp","href":"https:\/\/api.w.org\/{rel}","templated":true}]}}