{"id":21652,"date":"2022-06-12T16:42:31","date_gmt":"2022-06-12T16:42:31","guid":{"rendered":"http:\/\/www.iceagetv.com\/radiosite\/?p=21652"},"modified":"2022-06-12T16:42:31","modified_gmt":"2022-06-12T16:42:31","slug":"le-pouvoir-dachat-des-menages-francais-devrait-se-contracter-en-moyenne-de-08-cette-annee-du-fait-de-linflation-prevoit-lofce-et-cela-malgre-les-mesures-de-soutien-deja-deployees-ou-annoncees","status":"publish","type":"post","link":"https:\/\/www.iceagetv.com\/radiosite\/le-pouvoir-dachat-des-menages-francais-devrait-se-contracter-en-moyenne-de-08-cette-annee-du-fait-de-linflation-prevoit-lofce-et-cela-malgre-les-mesures-de-soutien-deja-deployees-ou-annoncees\/","title":{"rendered":"Le pouvoir d&rsquo;achat des m\u00e9nages fran\u00e7ais devrait se contracter en moyenne de 0,8% cette ann\u00e9e du fait de l&rsquo;inflation, pr\u00e9voit l&rsquo;OFCE, et cela malgr\u00e9 les mesures de soutien d\u00e9j\u00e0 d\u00e9ploy\u00e9es ou annonc\u00e9es par le gouvernement"},"content":{"rendered":"\n<p>Le pouvoir d&rsquo;achat des m\u00e9nages fran\u00e7ais devrait se contracter en moyenne de 0,8% cette ann\u00e9e du fait de l&rsquo;inflation, pr\u00e9voit l&rsquo;OFCE, et cela malgr\u00e9 les mesures de soutien d\u00e9j\u00e0 d\u00e9ploy\u00e9es ou annonc\u00e9es par le gouvernement.&nbsp;Avec une inflation estim\u00e9e en moyenne \u00e0 4,9% sur l&rsquo;ann\u00e9e et une croissance \u00e9conomique ramen\u00e9e \u00e0 2,4%, \u00ab\u00a0cette contraction du pouvoir d&rsquo;achat va peser sur la dynamique de reprise \u00e0 travers la faible dynamique de la consommation des m\u00e9nages\u00a0\u00bb, juge l&rsquo;Observatoire fran\u00e7ais des conjonctures \u00e9conomiques qui a publi\u00e9 ses nouvelles pr\u00e9visions \u00e9conomiques pour 2022.<\/p>\n\n\n\n<p>Selon l&rsquo;OFCE, pour s&rsquo;adapter \u00e0 cette perte de pouvoir d&rsquo;achat, les m\u00e9nages vont surtout encore freiner leur consommation, qui a d\u00e9j\u00e0 recul\u00e9 de 1,5% au premier trimestre, malgr\u00e9 la forte \u00e9pargne accumul\u00e9e par certains foyers durant la pand\u00e9mie de Covid-19.<\/p>\n\n\n\n<p>Le taux d&rsquo;\u00e9pargne devrait encore atteindre 16,7% cette ann\u00e9e.<\/p>\n\n\n\n<p>\u00ab\u00a0Les m\u00e9nages continuent \u00e0 \u00e9pargner pr\u00e8s de 2 points de plus qu&rsquo;ils ne le faisaient par le pass\u00e9 (avant la pand\u00e9mie, NDLR), or face \u00e0 un choc tr\u00e8s fort, l&rsquo;\u00e9pargne joue en g\u00e9n\u00e9ral un r\u00f4le d&rsquo;amortisseur\u00a0\u00bb, c&rsquo;est-\u00e0-dire que les m\u00e9nages continuent \u00e0 consommer en puisant dans cette \u00e9pargne plut\u00f4t que de r\u00e9duire directement leur consommation, a soulign\u00e9 Mathieu Plane, directeur adjoint du d\u00e9partement analyse et pr\u00e9vision de l&rsquo;OFCE, lors d&rsquo;une conf\u00e9rence de presse.<\/p>\n\n\n\n<p>Cela s&rsquo;explique d&rsquo;abord par le fait que ce sont surtout les m\u00e9nages ais\u00e9s qui \u00e9pargnent depuis 2020 et ces derniers subissent moins intens\u00e9ment le choc d&rsquo;inflation que les m\u00e9nages modestes, qui n&rsquo;ont d&rsquo;autre choix que de limiter leurs d\u00e9penses.<\/p>\n\n\n\n<p>C&rsquo;est aussi le signe d&rsquo;une \u00ab\u00a0prudence\u00a0\u00bb des m\u00e9nages face aux incertitudes g\u00e9opolitiques, selon M. Plane.<\/p>\n\n\n\n<p>Au total, l&rsquo;OFCE pr\u00e9voit que la consommation augmentera de 2,5% en 2022 par rapport \u00e0 l&rsquo;an dernier.<\/p>\n\n\n\n<p>Ces pr\u00e9visions tiennent compte des aides d\u00e9bloqu\u00e9es depuis la fin 2021 pour att\u00e9nuer l&rsquo;impact de l&rsquo;inflation sur les m\u00e9nages, et celles promises par Emmanuel Macron qui entreraient en vigueur apr\u00e8s les \u00e9lections l\u00e9gislatives (hausse de 4% des retraites et prestations sociales, augmentation de la r\u00e9mun\u00e9ration des agents publics estim\u00e9e \u00e0 2% par l&rsquo;OFCE), ch\u00e8que alimentaire, prolongation du bouclier tarifaire et de la remise carburant). L&rsquo;OFCE fait aussi l&rsquo;hypoth\u00e8se d&rsquo;une augmentation de 3,6% des salaires cette ann\u00e9e.<\/p>\n\n\n\n<p>L&rsquo;ensemble de ces mesures permettraient de r\u00e9duire sur 2022 de 2,1 points la hausse des prix, pour une d\u00e9pense repr\u00e9sentant 1,7 point de PIB, soit environ 40 milliards d&rsquo;euros.<\/p>\n\n\n\n<p>En particulier, la revalorisation de 4% des prestations sociales \u00ab\u00a0va permettre de limiter tr\u00e8s fortement les pertes de pouvoir d&rsquo;achat\u00a0\u00bb pour les m\u00e9nages qui les per\u00e7oivent, souligne M. Plane.<\/p>\n\n\n\n<p>Sur le front de l&#8217;emploi, l&rsquo;OFCE table sur une poursuite de la croissance de l&#8217;emploi (+0,6%) cette ann\u00e9e, avec 179.000 emplois cr\u00e9\u00e9s, ce qui stabiliserait le taux de ch\u00f4mage \u00e0 7,3%.<\/p>\n\n\n\n<p>Cons\u00e9quence de ces nouvelles d\u00e9penses et de cette croissance en berne: les finances publiques se redresseraient moins que pr\u00e9vu par le gouvernement cette ann\u00e9e. L&rsquo;OFCE table sur une r\u00e9duction du d\u00e9ficit de 6,5% \u00e0 5,6% (contre 5% anticip\u00e9 par le gouvernement) et une dette publique ramen\u00e9e \u00e0 112,1% du PIB (apr\u00e8s 112,5% l&rsquo;an dernier).<\/p>\n","protected":false},"excerpt":{"rendered":"<p>Le pouvoir d&rsquo;achat des m\u00e9nages fran\u00e7ais devrait se contracter en moyenne de 0,8% cette ann\u00e9e du fait de l&rsquo;inflation, pr\u00e9voit l&rsquo;OFCE, et cela malgr\u00e9 les mesures de soutien d\u00e9j\u00e0 d\u00e9ploy\u00e9es ou annonc\u00e9es par le gouvernement.&nbsp;Avec une inflation estim\u00e9e en moyenne \u00e0 4,9% sur l&rsquo;ann\u00e9e et une croissance \u00e9conomique ramen\u00e9e \u00e0 2,4%, \u00ab\u00a0cette contraction du pouvoir [&hellip;]<\/p>\n","protected":false},"author":2,"featured_media":21653,"comment_status":"open","ping_status":"open","sticky":false,"template":"","format":"standard","meta":{"_jetpack_memberships_contains_paid_content":false,"footnotes":"","jetpack_publicize_message":"","jetpack_publicize_feature_enabled":true,"jetpack_social_post_already_shared":true,"jetpack_social_options":{"image_generator_settings":{"template":"highway","default_image_id":0,"font":"","enabled":false},"version":2},"_wpas_customize_per_network":false},"categories":[405],"tags":[],"class_list":["post-21652","post","type-post","status-publish","format-standard","has-post-thumbnail","hentry","category-actu-france-monde"],"jetpack_publicize_connections":[],"jetpack_featured_media_url":"https:\/\/i0.wp.com\/www.iceagetv.com\/radiosite\/wp-content\/uploads\/2022\/06\/Le-pouvoir-dachat-des-menages-francais-devrait-se-contracter-en-moyenne-de-08.jpg?fit=680%2C408&ssl=1","jetpack_sharing_enabled":true,"_links":{"self":[{"href":"https:\/\/www.iceagetv.com\/radiosite\/wp-json\/wp\/v2\/posts\/21652","targetHints":{"allow":["GET"]}}],"collection":[{"href":"https:\/\/www.iceagetv.com\/radiosite\/wp-json\/wp\/v2\/posts"}],"about":[{"href":"https:\/\/www.iceagetv.com\/radiosite\/wp-json\/wp\/v2\/types\/post"}],"author":[{"embeddable":true,"href":"https:\/\/www.iceagetv.com\/radiosite\/wp-json\/wp\/v2\/users\/2"}],"replies":[{"embeddable":true,"href":"https:\/\/www.iceagetv.com\/radiosite\/wp-json\/wp\/v2\/comments?post=21652"}],"version-history":[{"count":1,"href":"https:\/\/www.iceagetv.com\/radiosite\/wp-json\/wp\/v2\/posts\/21652\/revisions"}],"predecessor-version":[{"id":21654,"href":"https:\/\/www.iceagetv.com\/radiosite\/wp-json\/wp\/v2\/posts\/21652\/revisions\/21654"}],"wp:featuredmedia":[{"embeddable":true,"href":"https:\/\/www.iceagetv.com\/radiosite\/wp-json\/wp\/v2\/media\/21653"}],"wp:attachment":[{"href":"https:\/\/www.iceagetv.com\/radiosite\/wp-json\/wp\/v2\/media?parent=21652"}],"wp:term":[{"taxonomy":"category","embeddable":true,"href":"https:\/\/www.iceagetv.com\/radiosite\/wp-json\/wp\/v2\/categories?post=21652"},{"taxonomy":"post_tag","embeddable":true,"href":"https:\/\/www.iceagetv.com\/radiosite\/wp-json\/wp\/v2\/tags?post=21652"}],"curies":[{"name":"wp","href":"https:\/\/api.w.org\/{rel}","templated":true}]}}