{"id":21682,"date":"2022-06-15T15:05:57","date_gmt":"2022-06-15T15:05:57","guid":{"rendered":"http:\/\/www.iceagetv.com\/radiosite\/?p=21682"},"modified":"2022-06-15T15:05:57","modified_gmt":"2022-06-15T15:05:57","slug":"en-deplacement-dans-le-calvados-la-premiere-ministre-elisabeth-borne-interpellee-sur-les-accusations-contre-damien-abad-pourquoi-il-est-encore-la","status":"publish","type":"post","link":"https:\/\/www.iceagetv.com\/radiosite\/en-deplacement-dans-le-calvados-la-premiere-ministre-elisabeth-borne-interpellee-sur-les-accusations-contre-damien-abad-pourquoi-il-est-encore-la\/","title":{"rendered":"En d\u00e9placement dans le Calvados, la Premi\u00e8re ministre Elisabeth Borne interpell\u00e9e sur les accusations contre Damien Abad: \u00ab\u00a0Pourquoi il est encore l\u00e0 ?\u00a0\u00bb"},"content":{"rendered":"\n<p>Ce matin, Elisabeth Borne \u00e9tait dans le Calvados. Au cours d&rsquo;un d\u00e9placement au march\u00e9 de Villers-Bocage, la Premi\u00e8re ministre a \u00e9t\u00e9 interpell\u00e9e par une femme concernant les nouvelles accusations visant le ministre des Solidarit\u00e9s, Damien Abad. \u00ab\u00a0Qu&rsquo;un homme utilise sa stature de pouvoir pour avoir des faveurs, \u00e7a me d\u00e9range\u00a0\u00bb, lui a-t-elle lanc\u00e9. \u00ab\u00a0Bien s\u00fbr que cela me d\u00e9range\u00a0\u00bb, a r\u00e9pondu la Premi\u00e8re ministe. \u00ab\u00a0Pourquoi il est encore l\u00e0?\u00a0\u00bb, a alors demand\u00e9 la jeune femme.<\/p>\n\n\n\n<p>\u00ab\u00a0C&rsquo;est essentiel que sur ces sujets la parole des femmes (&#8230;) soit entendue. Vous comprenez bien que je ne peux pas me prononcer sur la base de t\u00e9moignages anonymes\u00a0\u00bb, a-t-elle d\u00e9clar\u00e9 \u00e0 la presse sur le march\u00e9 de Villers-Bocage, dans la 6e circonscription du Calvados, o\u00f9 elle fait campagne pour les l\u00e9gislatives.<\/p>\n\n\n\n<p>\u00ab\u00a0En tant que Premi\u00e8re ministre, je le dis aussi en tant que femme, il faut permettre \u00e0 la justice d&rsquo;\u00e9tablir les faits. Il ne faut pas h\u00e9siter \u00e0 aller porter plainte.(&#8230;) Je ne suis pas un juge et les enqu\u00eates ne se font pas avec des t\u00e9moignages anonymes. Tout est fait pour (&#8230;) accueillir au mieux les femmes pour qu&rsquo;elles puissent d\u00e9poser plainte et que la justice puisse \u00e9tablir des faits\u00a0\u00bb, a-t-elle ajout\u00e9.<\/p>\n\n\n\n<p>Dans le t\u00e9moignage recueilli par Mediapart, \u00ab\u00a0La\u00ebtitia\u00a0\u00bb (pr\u00e9nom d&#8217;emprunt), une \u00ab\u00a0\u00e9lue centriste\u00a0\u00bb, accuse M. Abad d&rsquo;avoir tent\u00e9 de la violer lors d&rsquo;une f\u00eate organis\u00e9e chez lui, \u00e0 Paris, au premier semestre 2010. Sans \u00e9voquer explicitement une plainte, son avocate, Me Rapha\u00eble Bialkiewicz, a indiqu\u00e9 \u00e0 Mediapart qu&rsquo;elle proc\u00e9dait \u00ab\u00a0\u00e0 la r\u00e9colte et aux recoupements d&rsquo;\u00e9l\u00e9ments, en vue d&rsquo;y apporter toutes les suites utiles\u00a0\u00bb.<\/p>\n\n\n\n<p>Ces accusations surviennent apr\u00e8s celles publi\u00e9es par le m\u00e9dia en ligne le 20 mai, au lendemain de la nomination de M. Abad comme ministre des Solidarit\u00e9s, de l&rsquo;Autonomie et des Personnes handicap\u00e9es: deux femmes, cit\u00e9es par Mediapart, accusaient le nouveau ministre de les avoir viol\u00e9es en 2010 et 2011.<\/p>\n","protected":false},"excerpt":{"rendered":"<p>Ce matin, Elisabeth Borne \u00e9tait dans le Calvados. Au cours d&rsquo;un d\u00e9placement au march\u00e9 de Villers-Bocage, la Premi\u00e8re ministre a \u00e9t\u00e9 interpell\u00e9e par une femme concernant les nouvelles accusations visant le ministre des Solidarit\u00e9s, Damien Abad. \u00ab\u00a0Qu&rsquo;un homme utilise sa stature de pouvoir pour avoir des faveurs, \u00e7a me d\u00e9range\u00a0\u00bb, lui a-t-elle lanc\u00e9. \u00ab\u00a0Bien s\u00fbr [&hellip;]<\/p>\n","protected":false},"author":2,"featured_media":21683,"comment_status":"open","ping_status":"open","sticky":false,"template":"","format":"standard","meta":{"_jetpack_memberships_contains_paid_content":false,"footnotes":"","jetpack_publicize_message":"","jetpack_publicize_feature_enabled":true,"jetpack_social_post_already_shared":true,"jetpack_social_options":{"image_generator_settings":{"template":"highway","default_image_id":0,"font":"","enabled":false},"version":2},"_wpas_customize_per_network":false},"categories":[405],"tags":[],"class_list":["post-21682","post","type-post","status-publish","format-standard","has-post-thumbnail","hentry","category-actu-france-monde"],"jetpack_publicize_connections":[],"jetpack_featured_media_url":"https:\/\/i0.wp.com\/www.iceagetv.com\/radiosite\/wp-content\/uploads\/2022\/06\/En-deplacement-dans-le-Calvados-la-Premiere-ministre-Elisabeth-Borne.png?fit=878%2C374&ssl=1","jetpack_sharing_enabled":true,"_links":{"self":[{"href":"https:\/\/www.iceagetv.com\/radiosite\/wp-json\/wp\/v2\/posts\/21682","targetHints":{"allow":["GET"]}}],"collection":[{"href":"https:\/\/www.iceagetv.com\/radiosite\/wp-json\/wp\/v2\/posts"}],"about":[{"href":"https:\/\/www.iceagetv.com\/radiosite\/wp-json\/wp\/v2\/types\/post"}],"author":[{"embeddable":true,"href":"https:\/\/www.iceagetv.com\/radiosite\/wp-json\/wp\/v2\/users\/2"}],"replies":[{"embeddable":true,"href":"https:\/\/www.iceagetv.com\/radiosite\/wp-json\/wp\/v2\/comments?post=21682"}],"version-history":[{"count":1,"href":"https:\/\/www.iceagetv.com\/radiosite\/wp-json\/wp\/v2\/posts\/21682\/revisions"}],"predecessor-version":[{"id":21684,"href":"https:\/\/www.iceagetv.com\/radiosite\/wp-json\/wp\/v2\/posts\/21682\/revisions\/21684"}],"wp:featuredmedia":[{"embeddable":true,"href":"https:\/\/www.iceagetv.com\/radiosite\/wp-json\/wp\/v2\/media\/21683"}],"wp:attachment":[{"href":"https:\/\/www.iceagetv.com\/radiosite\/wp-json\/wp\/v2\/media?parent=21682"}],"wp:term":[{"taxonomy":"category","embeddable":true,"href":"https:\/\/www.iceagetv.com\/radiosite\/wp-json\/wp\/v2\/categories?post=21682"},{"taxonomy":"post_tag","embeddable":true,"href":"https:\/\/www.iceagetv.com\/radiosite\/wp-json\/wp\/v2\/tags?post=21682"}],"curies":[{"name":"wp","href":"https:\/\/api.w.org\/{rel}","templated":true}]}}