{"id":21691,"date":"2022-06-16T19:15:18","date_gmt":"2022-06-16T19:15:18","guid":{"rendered":"http:\/\/www.iceagetv.com\/radiosite\/?p=21691"},"modified":"2022-06-16T19:15:18","modified_gmt":"2022-06-16T19:15:18","slug":"ukraine-la-france-lallemagne-litalie-et-la-roumanie-pour-un-statut-de-candidat-immediat-a-une-adhesion-a-lunion-europeenne","status":"publish","type":"post","link":"https:\/\/www.iceagetv.com\/radiosite\/ukraine-la-france-lallemagne-litalie-et-la-roumanie-pour-un-statut-de-candidat-immediat-a-une-adhesion-a-lunion-europeenne\/","title":{"rendered":"Ukraine: La France, l&rsquo;Allemagne, l&rsquo;Italie et la Roumanie pour un statut de candidat \u00ab\u00a0imm\u00e9diat\u00a0\u00bb \u00e0 une adh\u00e9sion \u00e0 l&rsquo;Union Europ\u00e9enne &#8211;"},"content":{"rendered":"\n<p><strong>Le point sur la situation sur place &#8211;<\/strong>&nbsp;Les dirigeants fran\u00e7ais, allemand et italien ainsi que leur homologue roumain se sont dits jeudi pr\u00eats \u00e0 accorder \u00ab\u00a0imm\u00e9diatement\u00a0\u00bb \u00e0 l&rsquo;Ukraine le statut de candidat \u00e0 une adh\u00e9sion \u00e0 l&rsquo;Union europ\u00e9enne, et \u00e0 la soutenir militairement \u00ab\u00a0aussi longtemps qu&rsquo;il le faudra\u00a0\u00bb, lors d&rsquo;une visite in\u00e9dite \u00e0 Kiev.<\/p>\n\n\n\n<p>\u00ab\u00a0Tous les quatre, nous soutenons le statut de candidat imm\u00e9diat \u00e0 l&rsquo;adh\u00e9sion\u00a0\u00bb, a d\u00e9clar\u00e9 le pr\u00e9sident fran\u00e7ais Emmanuel Macron, \u00e0 l&rsquo;issue d&rsquo;entretiens avec le pr\u00e9sident ukrainien Volodymyr Zelensky, le chancelier allemand Olaf Scholz, le chef du gouvernement italien Mario Draghi et le pr\u00e9sident roumain Klaus Iohannis. \u00ab\u00a0Ce statut sera assorti d&rsquo;une feuille de route et impliquera aussi que soit prise en compte la situation des Balkans occidentaux et du voisinage, en particulier de la Moldavie\u00a0\u00bb, a ajout\u00e9 le dirigeant fran\u00e7ais, qui assume la pr\u00e9sidence tournante de l&rsquo;UE jusqu&rsquo;au 30 juin.<\/p>\n\n\n\n<p>Olaf Scholz a lui aussi dit esp\u00e9rer une \u00ab\u00a0d\u00e9cision positive\u00a0\u00bb de l&rsquo;Union europ\u00e9enne sur l&rsquo;octroi du statut de candidat \u00e0 l&rsquo;Ukraine comme \u00e0 la Moldavie voisine. Il faudra \u00ab\u00a0faire tout le n\u00e9cessaire\u00a0\u00bb pour \u00ab\u00a0trouver l&rsquo;unanimit\u00e9\u00a0\u00bb au sein de l&rsquo;UE pour lancer ces candidatures, a-t-il ajout\u00e9. \u00ab\u00a0Aujourd&rsquo;hui, le message le plus important de notre visite est que l&rsquo;Italie veut l&rsquo;Ukraine dans l&rsquo;Union europ\u00e9enne\u00a0\u00bb, a aussi affirm\u00e9 Mario Draghi. \u00ab\u00a0Nous sommes \u00e0 un moment charni\u00e8re de notre histoire.<\/p>\n\n\n\n<p>Le peuple ukrainien d\u00e9fend chaque jour les valeurs de d\u00e9mocratie et de libert\u00e9 qui sont \u00e0 la base du projet europ\u00e9en, de notre projet. Nous ne pouvons pas tra\u00eener les pieds et retarder ce processus\u00a0\u00bb d&rsquo;adh\u00e9sion qui prendra du temps, a-t-il poursuivi. Les Vingt-Sept doivent prendre une d\u00e9cision sur cette question \u00e0 l&rsquo;unanimit\u00e9 lors du sommet europ\u00e9en des 23 et 24 juin.<\/p>\n\n\n\n<p>Parmi les 27, les pays d&rsquo;Europe de l&rsquo;Est appuient cette candidature, mais d&rsquo;autres comme le Danemark ou les Pays-Bas ont exprim\u00e9 des r\u00e9serves. Le pr\u00e9sident Zelensky a lui soulign\u00e9 que l&rsquo;Union europ\u00e9enne \u00e9tait \u00ab\u00a0\u00e0 la veille de d\u00e9cisions historiques\u00a0\u00bb. \u00ab\u00a0Les Ukrainiens ont d\u00e9j\u00e0 m\u00e9rit\u00e9 le droit (&#8230;) d&rsquo;obtenir le statut de candidat\u00a0\u00bb et sont \u00ab\u00a0pr\u00eats \u00e0 travailler\u00a0\u00bb pour que l&rsquo;Ukraine devienne \u00ab\u00a0membre de plein droit de l&rsquo;UE\u00a0\u00bb, a-t-il soulign\u00e9.<\/p>\n\n\n\n<p>Les dirigeants fran\u00e7ais et allemand, arriv\u00e9s \u00e0 Kiev dans la matin\u00e9e par un train de nuit sp\u00e9cial, se sont \u00e9galement engag\u00e9s \u00e0 poursuivre leur soutien militaire \u00e0 Kiev. \u00ab\u00a0Nous aidons l&rsquo;Ukraine avec des livraisons d&rsquo;armes, nous continuerons \u00e0 le faire aussi longtemps que l&rsquo;Ukraine en aura besoin\u00a0\u00bb, a d\u00e9clar\u00e9 M. Scholz, critiqu\u00e9 pour tarder \u00e0 livrer des armes \u00e0 Kiev. Emmanuel Macron a annonc\u00e9 de son c\u00f4t\u00e9 que la France allait livrer \u00e0 l&rsquo;Ukraine \u00ab\u00a0six Caesar additionnels\u00a0\u00bb, ces canons automoteurs r\u00e9put\u00e9s pour leur pr\u00e9cision et dont 12 exemplaires avaient selon lui d\u00e9j\u00e0 \u00e9t\u00e9 livr\u00e9s.<\/p>\n\n\n\n<p>\u00ab\u00a0Il faut que l&rsquo;Ukraine puisse r\u00e9sister et l&#8217;emporter (&#8230;) La France est aux c\u00f4t\u00e9s de l&rsquo;Ukraine depuis le premier jour\u00a0\u00bb (&#8230;) nous sommes aux c\u00f4t\u00e9s des Ukrainiens sans ambigu\u00eft\u00e9\u00a0\u00bb, avait-il affirm\u00e9 plus t\u00f4t jeudi, lors d&rsquo;une br\u00e8ve visite avec ses homologues europ\u00e9ens \u00e0 Irpin, une banlieue de Kiev d\u00e9vast\u00e9e par la guerre. Le pr\u00e9sident fran\u00e7ais a \u00e9t\u00e9 tr\u00e8s critiqu\u00e9 en Ukraine ces derniers jours pour avoir affirm\u00e9 qu&rsquo;il ne fallait pas \u00ab\u00a0humilier\u00a0\u00bb la Russie, et pour maintenir un dialogue r\u00e9gulier avec Vladimir Poutine.<\/p>\n\n\n\n<p>\u00ab\u00a0La d\u00e9cision revient au pr\u00e9sident Macron, mais je ne suis pas s\u00fbr que le pr\u00e9sident russe soit pr\u00eat \u00e0 entendre quoi que ce soit\u00a0\u00bb, a d\u00e9clar\u00e9 M. Zelensky en r\u00e9ponse \u00e0 la question d&rsquo;un journaliste. \u00ab\u00a0Cela ne concerne pas qu&rsquo;Emmanuel, je ne crois pas qu&rsquo;aucun dirigeant dans le monde aujourd&rsquo;hui puisse individuellement forcer la Russie \u00e0 arr\u00eater la guerre\u00a0\u00bb.<\/p>\n","protected":false},"excerpt":{"rendered":"<p>Le point sur la situation sur place &#8211;&nbsp;Les dirigeants fran\u00e7ais, allemand et italien ainsi que leur homologue roumain se sont dits jeudi pr\u00eats \u00e0 accorder \u00ab\u00a0imm\u00e9diatement\u00a0\u00bb \u00e0 l&rsquo;Ukraine le statut de candidat \u00e0 une adh\u00e9sion \u00e0 l&rsquo;Union europ\u00e9enne, et \u00e0 la soutenir militairement \u00ab\u00a0aussi longtemps qu&rsquo;il le faudra\u00a0\u00bb, lors d&rsquo;une visite in\u00e9dite \u00e0 Kiev. \u00ab\u00a0Tous [&hellip;]<\/p>\n","protected":false},"author":2,"featured_media":21692,"comment_status":"open","ping_status":"open","sticky":false,"template":"","format":"standard","meta":{"_jetpack_memberships_contains_paid_content":false,"footnotes":"","jetpack_publicize_message":"","jetpack_publicize_feature_enabled":true,"jetpack_social_post_already_shared":true,"jetpack_social_options":{"image_generator_settings":{"template":"highway","default_image_id":0,"font":"","enabled":false},"version":2},"_wpas_customize_per_network":false},"categories":[405],"tags":[],"class_list":["post-21691","post","type-post","status-publish","format-standard","has-post-thumbnail","hentry","category-actu-france-monde"],"jetpack_publicize_connections":[],"jetpack_featured_media_url":"https:\/\/i0.wp.com\/www.iceagetv.com\/radiosite\/wp-content\/uploads\/2022\/06\/une-adhesion-a-lUnion-Europeenne.jpg?fit=679%2C293&ssl=1","jetpack_sharing_enabled":true,"_links":{"self":[{"href":"https:\/\/www.iceagetv.com\/radiosite\/wp-json\/wp\/v2\/posts\/21691","targetHints":{"allow":["GET"]}}],"collection":[{"href":"https:\/\/www.iceagetv.com\/radiosite\/wp-json\/wp\/v2\/posts"}],"about":[{"href":"https:\/\/www.iceagetv.com\/radiosite\/wp-json\/wp\/v2\/types\/post"}],"author":[{"embeddable":true,"href":"https:\/\/www.iceagetv.com\/radiosite\/wp-json\/wp\/v2\/users\/2"}],"replies":[{"embeddable":true,"href":"https:\/\/www.iceagetv.com\/radiosite\/wp-json\/wp\/v2\/comments?post=21691"}],"version-history":[{"count":1,"href":"https:\/\/www.iceagetv.com\/radiosite\/wp-json\/wp\/v2\/posts\/21691\/revisions"}],"predecessor-version":[{"id":21693,"href":"https:\/\/www.iceagetv.com\/radiosite\/wp-json\/wp\/v2\/posts\/21691\/revisions\/21693"}],"wp:featuredmedia":[{"embeddable":true,"href":"https:\/\/www.iceagetv.com\/radiosite\/wp-json\/wp\/v2\/media\/21692"}],"wp:attachment":[{"href":"https:\/\/www.iceagetv.com\/radiosite\/wp-json\/wp\/v2\/media?parent=21691"}],"wp:term":[{"taxonomy":"category","embeddable":true,"href":"https:\/\/www.iceagetv.com\/radiosite\/wp-json\/wp\/v2\/categories?post=21691"},{"taxonomy":"post_tag","embeddable":true,"href":"https:\/\/www.iceagetv.com\/radiosite\/wp-json\/wp\/v2\/tags?post=21691"}],"curies":[{"name":"wp","href":"https:\/\/api.w.org\/{rel}","templated":true}]}}