{"id":21708,"date":"2022-06-18T09:44:00","date_gmt":"2022-06-18T09:44:00","guid":{"rendered":"http:\/\/www.iceagetv.com\/radiosite\/?p=21708"},"modified":"2022-06-18T09:44:00","modified_gmt":"2022-06-18T09:44:00","slug":"vire-hier-par-la-direction-de-bfm-tv-jean-jacques-bourdin-reagit-pour-la-premiere-fois-je-suis-tellement-heureux-detre-libere-je-repars-pour-de-nouvelles-aventures","status":"publish","type":"post","link":"https:\/\/www.iceagetv.com\/radiosite\/vire-hier-par-la-direction-de-bfm-tv-jean-jacques-bourdin-reagit-pour-la-premiere-fois-je-suis-tellement-heureux-detre-libere-je-repars-pour-de-nouvelles-aventures\/","title":{"rendered":"Vir\u00e9 hier par la direction de BFM TV, Jean-Jacques Bourdin r\u00e9agit pour la premi\u00e8re fois : \u00ab\u00a0Je suis tellement heureux d&rsquo;\u00eatre lib\u00e9r\u00e9, je repars pour de nouvelles aventures"},"content":{"rendered":"\n<p>Ecart\u00e9 de l&rsquo;antenne depuis fin janvier, Jean-Jacques Bourdin restera sur la touche: Altice, la maison m\u00e8re de BFMTV et RMC, a d\u00e9cid\u00e9 de se s\u00e9parer de son journaliste vedette de 73 ans, vis\u00e9 par des accusations d&rsquo;agression sexuelle qu&rsquo;il conteste \u00ab\u00a0fermement\u00a0\u00bb. La direction d&rsquo;Altice M\u00e9dia \u00ab\u00a0a d\u00e9cid\u00e9 de mettre un terme au contrat de travail de monsieur Jean-Jacques Bourdin et ainsi cesser toute collaboration\u00a0\u00bb, a-t-elle indiqu\u00e9 dans un communiqu\u00e9, invoquant les \u00ab\u00a0\u00e9v\u00e9nements intervenus et port\u00e9s\u00a0\u00bb \u00e0 sa connaissance \u00ab\u00a0au cours de l&rsquo;ann\u00e9e 2022\u00a0\u00bb.<\/p>\n\n\n\n<p><strong>\u00ab\u00a0Nous nous s\u00e9parons, je suis tellement heureux d&rsquo;\u00eatre lib\u00e9r\u00e9, je repars pour de nouvelles aventures (&#8230;) vive le journalisme libre et ind\u00e9pendant !!\u00a0\u00bb,<\/strong>&nbsp;a r\u00e9agi sur Twitter le sniper du PAF, connu pour ses interviews offensives pendant ses 21 ans \u00e0 l&rsquo;antenne de RMC, RMC D\u00e9couverte et BFMTV. Altice avait diligent\u00e9 une enqu\u00eate interne mi-janvier, apr\u00e8s avoir appris \u00ab\u00a0par voie de presse\u00a0\u00bb que son journaliste vedette \u00e9tait vis\u00e9 par une plainte pour \u00ab\u00a0agression sexuelle\u00a0\u00bb.<\/p>\n\n\n\n<p>Une enqu\u00eate judiciaire avait \u00e9t\u00e9 ouverte dans la foul\u00e9e, rendant difficilement tenable, en pleine campagne pr\u00e9sidentielle, le maintien de l&rsquo;intervieweur politique \u00e0 l&rsquo;antenne.<\/p>\n\n\n\n<p>Pour le lancement le 18 janvier de \u00ab\u00a0La France dans les yeux\u00a0\u00bb, \u00e9mission politique, la premi\u00e8re invit\u00e9e, la candidate LR Val\u00e9rie P\u00e9cresse, avait \u00e9trill\u00e9 Jean-Jacques Bourdin en direct, d\u00e9non\u00e7ant \u00ab\u00a0la loi du silence\u00a0\u00bb autour des violences faites aux femmes. Environ un mois plus tard, la journaliste Fanny Agostini, ancienne pr\u00e9sentatrice m\u00e9t\u00e9o de BFMTV-RMC, pass\u00e9e ensuite par \u00ab\u00a0Thalassa\u00a0\u00bb, avait r\u00e9v\u00e9l\u00e9 \u00e0 Mediapart \u00eatre \u00e0 l&rsquo;origine de la plainte d\u00e9pos\u00e9e pour tentative d&rsquo;agression sexuelle.<\/p>\n\n\n\n<p>Dans sa plainte, elle racontait que M. Bourdin lui avait \u00ab\u00a0saisi le cou\u00a0\u00bb, et avait \u00ab\u00a0essay\u00e9 de (l&rsquo;)embrasser \u00e0 plusieurs reprises\u00a0\u00bb, sans y \u00ab\u00a0parvenir\u00a0\u00bb, dans la piscine d&rsquo;un h\u00f4tel de Calvi (Haute-Corse) en octobre 2013.<\/p>\n\n\n\n<p>Elle se serait \u00ab\u00a0d\u00e9battue\u00a0\u00bb et serait parvenue \u00e0 sortir de la piscine. Jean-Jacques Bourdin aurait alors dit: \u00ab\u00a0J&rsquo;obtiens toujours ce que je veux\u00a0\u00bb. Puis il lui aurait envoy\u00e9 \u00ab\u00a0durant plusieurs mois\u00a0\u00bb des mails et des SMS insistants, selon la journaliste aujourd&rsquo;hui \u00e2g\u00e9e de 33 ans, qui dit avoir \u00ab\u00a0\u00e9t\u00e9 sans cesse dans la peur\u00a0\u00bb jusqu&rsquo;\u00e0 son d\u00e9part du groupe en 2017.<\/p>\n\n\n\n<p>Mi-f\u00e9vrier, une seconde femme avait d\u00e9pos\u00e9 plainte pour agression sexuelle, harc\u00e8lement et exhibition sexuelle, pour des faits remontant \u00e0 la fin des ann\u00e9es 1980.<\/p>\n\n\n\n<p><strong>L&rsquo;enqu\u00eate a \u00e9t\u00e9 class\u00e9e sans suite en avril pour prescription, le d\u00e9lai en la mati\u00e8re \u00e9tant de six ans. Le journaliste avait d\u00e9nonc\u00e9 \u00ab\u00a0l&rsquo;instrumentalisation publique de cette proc\u00e9dure\u00a0\u00bb et d\u00e9plor\u00e9 les \u00ab\u00a0atteintes graves\u00a0\u00bb \u00e0 sa vie personnelle et professionnelle.<\/strong><\/p>\n\n\n\n<p>Contact\u00e9 par l&rsquo;AFP, la direction d&rsquo;Altice n&rsquo;a pas souhait\u00e9 commenter sa d\u00e9cision vendredi, mais en interne, son d\u00e9part n&rsquo;est pas \u00ab\u00a0forc\u00e9ment une surprise\u00a0\u00bb.<\/p>\n\n\n\n<p>\u00ab\u00a0On sentait que globalement c&rsquo;\u00e9tait un peu, de toute fa\u00e7on, la fin entre BFM et Jean-Jacques Bourdin\u00a0\u00bb, qui avait perdu la pr\u00e9sentation de la matinale BFMTV-RMC en 2020 au profit d&rsquo;Apolline de Malherbe, a rappel\u00e9 \u00e0 l&rsquo;AFP un journaliste de BFMTV, sous couvert d&rsquo;anonymat.<\/p>\n\n\n\n<p><strong>\u00ab\u00a0Il avait dit clairement qu&rsquo;il arr\u00eaterait l&rsquo;interview politique apr\u00e8s la pr\u00e9sidentielle\u00a0\u00bb, a abond\u00e9 un confr\u00e8re de RMC, pr\u00e9cisant n&rsquo;avoir eu aucun \u00e9cho, \u00ab\u00a0officiel ou officieux\u00a0\u00bb, de l&rsquo;enqu\u00eate interne et se disant \u00ab\u00a0surpris du ton du communiqu\u00e9\u00a0\u00bb de la direction.<\/strong>&nbsp;Lanc\u00e9 en 2001 sur RMC, le face-\u00e0-face matinal de 8H30 de \u00ab\u00a0Bourdin\u00a0\u00bb, essentiellement avec des personnalit\u00e9s politiques, avait relanc\u00e9 la carri\u00e8re du journaliste \u00e0 l&rsquo;aube de la cinquantaine.<\/p>\n\n\n\n<p>Misant sur un ton offensif et anti-parisien, le natif de Bois-Colombes \u00e9tait parvenu \u00e0 relever les audiences de la station. Auparavant, il avait \u00e9t\u00e9 pendant 25 ans une des voix embl\u00e9matiques de RTL avec son accent du sud rocailleux.<\/p>\n","protected":false},"excerpt":{"rendered":"<p>Ecart\u00e9 de l&rsquo;antenne depuis fin janvier, Jean-Jacques Bourdin restera sur la touche: Altice, la maison m\u00e8re de BFMTV et RMC, a d\u00e9cid\u00e9 de se s\u00e9parer de son journaliste vedette de 73 ans, vis\u00e9 par des accusations d&rsquo;agression sexuelle qu&rsquo;il conteste \u00ab\u00a0fermement\u00a0\u00bb. La direction d&rsquo;Altice M\u00e9dia \u00ab\u00a0a d\u00e9cid\u00e9 de mettre un terme au contrat de travail [&hellip;]<\/p>\n","protected":false},"author":2,"featured_media":21709,"comment_status":"open","ping_status":"open","sticky":false,"template":"","format":"standard","meta":{"_jetpack_memberships_contains_paid_content":false,"footnotes":"","jetpack_publicize_message":"","jetpack_publicize_feature_enabled":true,"jetpack_social_post_already_shared":true,"jetpack_social_options":{"image_generator_settings":{"template":"highway","default_image_id":0,"font":"","enabled":false},"version":2},"_wpas_customize_per_network":false},"categories":[405],"tags":[],"class_list":["post-21708","post","type-post","status-publish","format-standard","has-post-thumbnail","hentry","category-actu-france-monde"],"jetpack_publicize_connections":[],"jetpack_featured_media_url":"https:\/\/i0.wp.com\/www.iceagetv.com\/radiosite\/wp-content\/uploads\/2022\/06\/jean-jacque-bourdin.png?fit=205%2C138&ssl=1","jetpack_sharing_enabled":true,"_links":{"self":[{"href":"https:\/\/www.iceagetv.com\/radiosite\/wp-json\/wp\/v2\/posts\/21708","targetHints":{"allow":["GET"]}}],"collection":[{"href":"https:\/\/www.iceagetv.com\/radiosite\/wp-json\/wp\/v2\/posts"}],"about":[{"href":"https:\/\/www.iceagetv.com\/radiosite\/wp-json\/wp\/v2\/types\/post"}],"author":[{"embeddable":true,"href":"https:\/\/www.iceagetv.com\/radiosite\/wp-json\/wp\/v2\/users\/2"}],"replies":[{"embeddable":true,"href":"https:\/\/www.iceagetv.com\/radiosite\/wp-json\/wp\/v2\/comments?post=21708"}],"version-history":[{"count":1,"href":"https:\/\/www.iceagetv.com\/radiosite\/wp-json\/wp\/v2\/posts\/21708\/revisions"}],"predecessor-version":[{"id":21710,"href":"https:\/\/www.iceagetv.com\/radiosite\/wp-json\/wp\/v2\/posts\/21708\/revisions\/21710"}],"wp:featuredmedia":[{"embeddable":true,"href":"https:\/\/www.iceagetv.com\/radiosite\/wp-json\/wp\/v2\/media\/21709"}],"wp:attachment":[{"href":"https:\/\/www.iceagetv.com\/radiosite\/wp-json\/wp\/v2\/media?parent=21708"}],"wp:term":[{"taxonomy":"category","embeddable":true,"href":"https:\/\/www.iceagetv.com\/radiosite\/wp-json\/wp\/v2\/categories?post=21708"},{"taxonomy":"post_tag","embeddable":true,"href":"https:\/\/www.iceagetv.com\/radiosite\/wp-json\/wp\/v2\/tags?post=21708"}],"curies":[{"name":"wp","href":"https:\/\/api.w.org\/{rel}","templated":true}]}}