{"id":21724,"date":"2022-06-20T16:17:55","date_gmt":"2022-06-20T16:17:55","guid":{"rendered":"http:\/\/www.iceagetv.com\/radiosite\/?p=21724"},"modified":"2022-06-20T16:17:55","modified_gmt":"2022-06-20T16:17:55","slug":"legislatives-le-conseil-des-ministres-de-demain-est-annule-apres-les-resultats-des-elections-legislatives-dhier-le-ps-pcf-et-eelv-sopposent-a-la-proposition-de-jean-luc-melenchon-de-creer-un-g","status":"publish","type":"post","link":"https:\/\/www.iceagetv.com\/radiosite\/legislatives-le-conseil-des-ministres-de-demain-est-annule-apres-les-resultats-des-elections-legislatives-dhier-le-ps-pcf-et-eelv-sopposent-a-la-proposition-de-jean-luc-melenchon-de-creer-un-g\/","title":{"rendered":"L\u00e9gislatives: Le Conseil des ministres de demain est annul\u00e9 apr\u00e8s les r\u00e9sultats des \u00e9lections l\u00e9gislatives d&rsquo;hier &#8211; Le PS, PCF et EELV s&rsquo;opposent \u00e0 la proposition de Jean-Luc M\u00e9lenchon de cr\u00e9er un groupe unique Nupes \u00e0 l&rsquo;Assembl\u00e9e nationale"},"content":{"rendered":"\n<p><strong>Le Conseil des ministres de demain est annul\u00e9 apr\u00e8s les r\u00e9sultats des \u00e9lections l\u00e9gislatives d&rsquo;hier, indique BFM TV.<\/strong><\/p>\n\n\n\n<p><strong>Rappelons que&nbsp;trois ministres candidats qui briguaient un si\u00e8ge \u00e0 l&rsquo;Assembl\u00e9e ont perdu:&nbsp;<\/strong><\/p>\n\n\n\n<p><strong>Il s&rsquo;agit d&rsquo;Am\u00e9lie de Montchalin, ministre \u00e0 la transition \u00e9cologique et de la coh\u00e9sion des territoires,\u00a0Brigitte Bourguignon, ministre de la sant\u00e9, et\u00a0Justine B\u00e9nin, secr\u00e9taire d\u2019Etat charg\u00e9e de la mer.Aucun d\u00e9put\u00e9 Les R\u00e9publicains ne votera la confiance au gouvernement\u00a0\u00bb,\u00a0confirme Christian Jacob, le patron de LR, sur un possible soutien \u00e0 Emmanuel Macron.<\/strong><\/p>\n\n\n\n<p><strong>Le Parti socialiste, EELV et le PCF ont d\u00e9clar\u00e9 lundi \u00e0 l\u2019AFP refuser la proposition de Jean-Luc M\u00e9lenchon de former un groupe Nupes unique \u00e0 l\u2019Assembl\u00e9e nationale, rappelant que l\u2019accord de coalition sign\u00e9 d\u00e9but mai pr\u00e9voyait des groupes distincts.<\/strong>&nbsp;\u00ab Il n\u2019a jamais \u00e9t\u00e9 question d\u2019un groupe unique. Il y aura un groupe socialiste \u00e0 l\u2019Assembl\u00e9e nationale \u00bb, a d\u00e9clar\u00e9 Pierre Jouvet, porte-parole du PS, qui a n\u00e9goci\u00e9 l\u2019accord avec LFI. \u00ab Le contrat de coalition \u00e9tait tr\u00e8s clair, il pr\u00e9voyait que chaque parti ait son groupe et qu\u2019ensuite il y ait un intergroupe \u00bb, a-t-il rappel\u00e9.<\/p>\n\n\n\n<p>\u00ab Pas question de se fondre dans un groupe unique \u00bb, a pour sa part r\u00e9agi le porte-parole d\u2019EELV Alain Coulombel. \u00ab On a un contrat avec la Nupes et je pense que c\u2019est pareil pour PCF et PS: il \u00e9tait convenu que chacun ait son propre groupe. Cette proposition est inappropri\u00e9e par rapport \u00e0 l\u2019engagement mutuel. On est mis devant le fait accompli \u00bb, a-t-il d\u00e9nonc\u00e9.<\/p>\n\n\n\n<p>\u00ab Avoir un groupe propre est un des \u00e9l\u00e9ments de l\u2019accord, nous avons toujours \u00e9t\u00e9 clairs \u00e0 ce sujet \u00bb, a pr\u00e9cis\u00e9 \u00e0 l\u2019AFP Igor Zamichiei, num\u00e9ro 2 du PCF, parti d\u2019accord en revanche avec le principe d\u2019un intergroupe. Jean-Luc M\u00e9lenchon a propos\u00e9 lundi que la Nouvelle union populaire \u00e9cologique et sociale se constitue \u00ab comme un seul groupe \u00bb \u00e0 l\u2019Assembl\u00e9e nationale, inquiet que l\u2019obtention de 89 d\u00e9put\u00e9s par le RN remette en cause son \u00ab statut \u00bb de premi\u00e8re opposition \u00e0 Emmanuel Macron.<\/p>\n\n\n\n<p><strong>La Nouvelle union populaire \u00e9cologique et sociale devrait se constituer comme un seul groupe \u00bb \u00e0 l\u2019Assembl\u00e9e nationale, a \u00ab propos\u00e9 \u00bb lundi Jean-Luc M\u00e9lenchon, inquiet que l\u2019obtention de 89 d\u00e9put\u00e9s par le RN remette en cause son \u00ab statut \u00bb de premi\u00e8re opposition \u00e0 Emmanuel Macron.<\/strong>&nbsp;\u00ab D\u00e8s lors qu\u2019il y a un seul groupe, sans aucune discussion possible l\u2019opposition s\u2019appellerait Nupes \u00bb, a-t-il estim\u00e9 devant le si\u00e8ge de La France insoumise \u00e0 Paris.<\/p>\n\n\n\n<p>Il a justifi\u00e9 cette proposition: \u00ab Personne n\u2019avait vu arriver cette situation \u00bb. Il ne souhaite pas, a-t-il ajout\u00e9, \u00ab donner le sentiment que nous amplifions la confusion \u00bb \u00ab par notre propre \u00e9parpillement \u00bb. \u00ab Naturellement je m\u2019en remettrai \u00e0 ce que d\u00e9cideront les groupes \u00bb, a-t-il d\u00e9clar\u00e9, plaidant: \u00ab Je crois que nous devons \u00eatre et rester une alternative unie \u00bb.<\/p>\n\n\n\n<p>Interrog\u00e9 sur les discussions sur ce point avec le PS, EELV et le PCF, Jean-Luc M\u00e9lenchon a r\u00e9pondu: \u00ab \u00e7a commence l\u00e0 tout de suite. Quelques uns ont \u00e9voqu\u00e9 le sujet devant moi mais je ne veux pas les mettre dans l\u2019embarras \u00bb. Il a ensuite cit\u00e9 comme interlocuteurs, d\u00e8s dimanche soir, le premier secr\u00e9taire du PS Olivier Faure et le chef d\u2019EELV Julien Bayou.<\/p>\n\n\n\n<p>En attendant, Val\u00e9rie Rabault, cheffe de file des socialistes \u00e0 l\u2019Assembl\u00e9e nationale lors de la pr\u00e9c\u00e9dente l\u00e9gislature, s\u2019est d\u2019ores et d\u00e9j\u00e0 oppos\u00e9e \u00e0 la proposition. \u00ab La gauche est plurielle, elle est repr\u00e9sent\u00e9e dans sa diversit\u00e9 \u00e0 l\u2019Assembl\u00e9e Nationale. C\u2019est une force au service du peuple fran\u00e7ais. Vouloir supprimer cette diversit\u00e9 est une erreur et je m\u2019y oppose \u00bb, a-t-elle tweet\u00e9 aussit\u00f4t apr\u00e8s la d\u00e9claration de M. M\u00e9lenchon.<\/p>\n\n\n\n<p>\u00ab C\u2019est une proposition, pas une injonction. Ca n\u2019emp\u00eache pas chaque partie d\u2019avoir une d\u00e9l\u00e9gation, comme au Parlement europ\u00e9en, qui s\u2019auto-organise \u00bb, a voulu rassurer M. M\u00e9lenchon. \u00ab Dussions-nous perdre quelques moyens mat\u00e9riels, j\u2019estime que c\u2019est d\u00e9risoire par rapport \u00e0 l\u2019enjeu politique qui se dessine devant nous \u00bb, a-t-il dit en r\u00e9f\u00e9rence aux financements des partis.<\/p>\n","protected":false},"excerpt":{"rendered":"<p>Le Conseil des ministres de demain est annul\u00e9 apr\u00e8s les r\u00e9sultats des \u00e9lections l\u00e9gislatives d&rsquo;hier, indique BFM TV. Rappelons que&nbsp;trois ministres candidats qui briguaient un si\u00e8ge \u00e0 l&rsquo;Assembl\u00e9e ont perdu:&nbsp; Il s&rsquo;agit d&rsquo;Am\u00e9lie de Montchalin, ministre \u00e0 la transition \u00e9cologique et de la coh\u00e9sion des territoires,\u00a0Brigitte Bourguignon, ministre de la sant\u00e9, et\u00a0Justine B\u00e9nin, secr\u00e9taire d\u2019Etat [&hellip;]<\/p>\n","protected":false},"author":2,"featured_media":21725,"comment_status":"open","ping_status":"open","sticky":false,"template":"","format":"standard","meta":{"_jetpack_memberships_contains_paid_content":false,"footnotes":"","jetpack_publicize_message":"","jetpack_publicize_feature_enabled":true,"jetpack_social_post_already_shared":true,"jetpack_social_options":{"image_generator_settings":{"template":"highway","default_image_id":0,"font":"","enabled":false},"version":2},"_wpas_customize_per_network":false},"categories":[405],"tags":[],"class_list":["post-21724","post","type-post","status-publish","format-standard","has-post-thumbnail","hentry","category-actu-france-monde"],"jetpack_publicize_connections":[],"jetpack_featured_media_url":"https:\/\/i0.wp.com\/www.iceagetv.com\/radiosite\/wp-content\/uploads\/2022\/06\/Le-Conseil-des-ministres-de-demain-est-annule.jpg?fit=679%2C293&ssl=1","jetpack_sharing_enabled":true,"_links":{"self":[{"href":"https:\/\/www.iceagetv.com\/radiosite\/wp-json\/wp\/v2\/posts\/21724","targetHints":{"allow":["GET"]}}],"collection":[{"href":"https:\/\/www.iceagetv.com\/radiosite\/wp-json\/wp\/v2\/posts"}],"about":[{"href":"https:\/\/www.iceagetv.com\/radiosite\/wp-json\/wp\/v2\/types\/post"}],"author":[{"embeddable":true,"href":"https:\/\/www.iceagetv.com\/radiosite\/wp-json\/wp\/v2\/users\/2"}],"replies":[{"embeddable":true,"href":"https:\/\/www.iceagetv.com\/radiosite\/wp-json\/wp\/v2\/comments?post=21724"}],"version-history":[{"count":1,"href":"https:\/\/www.iceagetv.com\/radiosite\/wp-json\/wp\/v2\/posts\/21724\/revisions"}],"predecessor-version":[{"id":21726,"href":"https:\/\/www.iceagetv.com\/radiosite\/wp-json\/wp\/v2\/posts\/21724\/revisions\/21726"}],"wp:featuredmedia":[{"embeddable":true,"href":"https:\/\/www.iceagetv.com\/radiosite\/wp-json\/wp\/v2\/media\/21725"}],"wp:attachment":[{"href":"https:\/\/www.iceagetv.com\/radiosite\/wp-json\/wp\/v2\/media?parent=21724"}],"wp:term":[{"taxonomy":"category","embeddable":true,"href":"https:\/\/www.iceagetv.com\/radiosite\/wp-json\/wp\/v2\/categories?post=21724"},{"taxonomy":"post_tag","embeddable":true,"href":"https:\/\/www.iceagetv.com\/radiosite\/wp-json\/wp\/v2\/tags?post=21724"}],"curies":[{"name":"wp","href":"https:\/\/api.w.org\/{rel}","templated":true}]}}