{"id":21742,"date":"2022-06-22T09:58:22","date_gmt":"2022-06-22T09:58:22","guid":{"rendered":"http:\/\/www.iceagetv.com\/radiosite\/?p=21742"},"modified":"2022-06-22T09:58:22","modified_gmt":"2022-06-22T09:58:22","slug":"covid-19-le-retour-du-masque-dans-les-transports-alain-fischer-estime-que-ce-serait-une-bonne-mesure","status":"publish","type":"post","link":"https:\/\/www.iceagetv.com\/radiosite\/covid-19-le-retour-du-masque-dans-les-transports-alain-fischer-estime-que-ce-serait-une-bonne-mesure\/","title":{"rendered":"Covid-19 : le retour du masque dans les transports ? Alain Fischer estime que ce serait une bonne mesure"},"content":{"rendered":"\n<p>Alors que l\u2019\u00e9pid\u00e9mie de Covid-19 repart \u00e0 la hausse, faut-il r\u00e9imposer le masque dans les transports&nbsp;? Sur le plan m\u00e9dical, l\u2019option aurait du sens, selon Alain Fischer, immunologue et pr\u00e9sident du Conseil d\u2019orientation de la strat\u00e9gie vaccinale, institution mise en place par le gouvernement au c\u0153ur de la crise sanitaire.<\/p>\n\n\n\n<p>Les chiffres du\u00a0<a href=\"https:\/\/www.leparisien.fr\/coronavirus\/\">Covid-19<\/a>\u00a0ne sont vraiment pas bons depuis une dizaine de jours. Le nombre de cas d\u00e9tect\u00e9s a augment\u00e9 de 50\u00a0% en une semaine et la courbe semble de plus en plus s\u2019approcher d\u2019une exponentielle. La tendance est \u00e0 la hausse\u00a0<a rel=\"noreferrer noopener\" href=\"https:\/\/www.leparisien.fr\/societe\/sante\/covid-19-les-premices-dun-nouveau-rebond-epidemique-03-06-2022-H2DFLIUD2NDZJPC6HKHI6CG6J4.php\" target=\"_blank\">depuis plus d\u2019un mois.<\/a>Invit\u00e9 de T\u00e9l\u00e9matin sur France\u00a02, Alain Fischer a ainsi estim\u00e9 \u00ab\u00a0\u00e0 titre personnel\u00a0\u00bb que remettre le masque dans les transports collectifs est \u00ab\u00a0probablement raisonnable, certainement pour les personnes fragiles et probablement pour l\u2019ensemble de la population\u00a0\u00bb.<\/p>\n\n\n\n<p>L\u2019expert a insist\u00e9 sur le bienfait collectif d\u2019une telle mesure. \u00ab C\u2019est une mesure de protection collective et en faisant le petit effort de porter le masque, on contribue \u00e0 prot\u00e9ger les personnes fragiles \u00bb, a insist\u00e9 le scientifique.<\/p>\n\n\n\n<p>Pas de cons\u00e9quence sur l\u2019h\u00f4pital pour l\u2019instant<br>Pourquoi le nombre de cas repart \u00e0 la hausse en France ? \u00ab L\u2019explication la plus probable \u00e0 ce rebond est l\u2019arriv\u00e9e de ces trois sous-variants (incluant BA.2.12.1) sur le territoire \u00bb, estimait dans nos colonnes Antoine Flahault, directeur de l\u2019Institut de sant\u00e9 globale de Gen\u00e8ve.D\u2019autres facteurs, comme un rel\u00e2chement plus important des gestes barri\u00e8re \u00e0 l\u2019approche de l\u2019\u00e9t\u00e9, pourraient aussi expliquer ce d\u00e9but de reprise \u00e9pid\u00e9mique. Reste qu\u2019aucun expert contact\u00e9 n\u2019est en mesure de dire pr\u00e9cis\u00e9ment l\u2019origine de cette hausse, qui concerne une grande partie du pays et dont il est \u00ab\u00a0tr\u00e8s difficile de pr\u00e9dire l\u2019ampleur\u00a0\u00bb, confiait au Parisien au d\u00e9but de cette 7e vague l\u2019\u00e9pid\u00e9miologiste Arnaud Fontanet, membre du conseil scientifique.<\/p>\n\n\n\n<p>Pour l\u2019heure, le taux de vaccination \u00e9carte tout risque de retour dans une situation de crise. Mais la&nbsp;<a href=\"https:\/\/www.leparisien.fr\/societe\/sante\/covid-19-le-gouvernement-veut-accelerer-la-campagne-de-deuxiemes-rappels-de-vaccin-21-06-2022-XAKVFCIZSVCJLMJTQYYTS5M4FM.php\" target=\"_blank\" rel=\"noreferrer noopener\">campagne de deuxi\u00e8mes doses de rappel&nbsp;<\/a>(aussi appel\u00e9 \u00ab&nbsp;quatri\u00e8mes doses&nbsp;\u00bb), calme plat, inqui\u00e8te le gouvernement, alors que les h\u00f4pitaux restent \u00e9touff\u00e9s par le Covid-19 et le manque de personnel.<\/p>\n\n\n\n<p>Le rythme d\u2019injection des deuxi\u00e8mes doses de rappel n\u2019a jamais v\u00e9ritablement d\u00e9coll\u00e9, s\u2019\u00e9tablissant entre 25&nbsp;000&nbsp;et 30&nbsp;000 piq\u00fbres par jour en moyenne depuis deux mois. \u00ab&nbsp;Ce n\u2019est pas suffisant, et cela ne va pas suffisamment vite&nbsp;\u00bb, a exhort\u00e9 ce mardi le minist\u00e8re de la Sant\u00e9.<\/p>\n","protected":false},"excerpt":{"rendered":"<p>Alors que l\u2019\u00e9pid\u00e9mie de Covid-19 repart \u00e0 la hausse, faut-il r\u00e9imposer le masque dans les transports&nbsp;? Sur le plan m\u00e9dical, l\u2019option aurait du sens, selon Alain Fischer, immunologue et pr\u00e9sident du Conseil d\u2019orientation de la strat\u00e9gie vaccinale, institution mise en place par le gouvernement au c\u0153ur de la crise sanitaire. Les chiffres du\u00a0Covid-19\u00a0ne sont vraiment [&hellip;]<\/p>\n","protected":false},"author":2,"featured_media":21743,"comment_status":"open","ping_status":"open","sticky":false,"template":"","format":"standard","meta":{"_jetpack_memberships_contains_paid_content":false,"footnotes":"","jetpack_publicize_message":"","jetpack_publicize_feature_enabled":true,"jetpack_social_post_already_shared":true,"jetpack_social_options":{"image_generator_settings":{"template":"highway","default_image_id":0,"font":"","enabled":false},"version":2},"_wpas_customize_per_network":false},"categories":[405],"tags":[],"class_list":["post-21742","post","type-post","status-publish","format-standard","has-post-thumbnail","hentry","category-actu-france-monde"],"jetpack_publicize_connections":[],"jetpack_featured_media_url":"https:\/\/i0.wp.com\/www.iceagetv.com\/radiosite\/wp-content\/uploads\/2022\/06\/le-retour-du-masque-dans-les-transports.jpg?fit=932%2C582&ssl=1","jetpack_sharing_enabled":true,"_links":{"self":[{"href":"https:\/\/www.iceagetv.com\/radiosite\/wp-json\/wp\/v2\/posts\/21742","targetHints":{"allow":["GET"]}}],"collection":[{"href":"https:\/\/www.iceagetv.com\/radiosite\/wp-json\/wp\/v2\/posts"}],"about":[{"href":"https:\/\/www.iceagetv.com\/radiosite\/wp-json\/wp\/v2\/types\/post"}],"author":[{"embeddable":true,"href":"https:\/\/www.iceagetv.com\/radiosite\/wp-json\/wp\/v2\/users\/2"}],"replies":[{"embeddable":true,"href":"https:\/\/www.iceagetv.com\/radiosite\/wp-json\/wp\/v2\/comments?post=21742"}],"version-history":[{"count":1,"href":"https:\/\/www.iceagetv.com\/radiosite\/wp-json\/wp\/v2\/posts\/21742\/revisions"}],"predecessor-version":[{"id":21744,"href":"https:\/\/www.iceagetv.com\/radiosite\/wp-json\/wp\/v2\/posts\/21742\/revisions\/21744"}],"wp:featuredmedia":[{"embeddable":true,"href":"https:\/\/www.iceagetv.com\/radiosite\/wp-json\/wp\/v2\/media\/21743"}],"wp:attachment":[{"href":"https:\/\/www.iceagetv.com\/radiosite\/wp-json\/wp\/v2\/media?parent=21742"}],"wp:term":[{"taxonomy":"category","embeddable":true,"href":"https:\/\/www.iceagetv.com\/radiosite\/wp-json\/wp\/v2\/categories?post=21742"},{"taxonomy":"post_tag","embeddable":true,"href":"https:\/\/www.iceagetv.com\/radiosite\/wp-json\/wp\/v2\/tags?post=21742"}],"curies":[{"name":"wp","href":"https:\/\/api.w.org\/{rel}","templated":true}]}}