{"id":21745,"date":"2022-06-22T18:31:31","date_gmt":"2022-06-22T18:31:31","guid":{"rendered":"http:\/\/www.iceagetv.com\/radiosite\/?p=21745"},"modified":"2022-06-22T18:31:31","modified_gmt":"2022-06-22T18:31:31","slug":"emmanuel-macron-le-24-avril-vous-mavez-donne-une-legitimite-claire-les-dirigeants-que-jai-recu-ont-exclu-lhypothese-dun-gouvernement-dunion-nationale-nous-devons-collectivement-apprend","status":"publish","type":"post","link":"https:\/\/www.iceagetv.com\/radiosite\/emmanuel-macron-le-24-avril-vous-mavez-donne-une-legitimite-claire-les-dirigeants-que-jai-recu-ont-exclu-lhypothese-dun-gouvernement-dunion-nationale-nous-devons-collectivement-apprend\/","title":{"rendered":"Emmanuel Macron : \u00ab\u00a0Le 24 avril vous m&rsquo;avez donn\u00e9 une l\u00e9gitimit\u00e9 claire. Les dirigeants que j&rsquo;ai re\u00e7u ont exclu l&rsquo;hypoth\u00e8se d&rsquo;un gouvernement d&rsquo;union nationale. Nous devons collectivement apprendre \u00e0 gouverner et l\u00e9gif\u00e9rer\u00a0\u00bb"},"content":{"rendered":"\n<p><strong>R\u00e9action en direct de Jean-Luc M\u00e9lenchon : \u00ab\u00a0D\u00e9sormais la Premi\u00e8re Ministre doit demander la confiance de l&rsquo;Assembl\u00e9e et si elle ne l&rsquo;a pas elle doit d\u00e9missionner et si elle a cette confiance, elle pr\u00e9sentera des textes et d\u00e8s lors chacun pr\u00e9sentera des textes.<\/strong>\u00a0Voyons ce qu&rsquo;il est possible de faire et ce que nous avons \u00e0 dire, nous l&rsquo;avons d\u00e9j\u00e0 dit. La force doit rester \u00e0 la d\u00e9mocratie. Telle est la r\u00e9alit\u00e9 qui s&rsquo;imposera.\u00a0\u00bb<\/p>\n\n\n\n<p><strong>Emmanuel Macron prend la parole&nbsp;<\/strong>en direct sur toutes les cha\u00eenes de t\u00e9l\u00e9vision pour s&rsquo;adresser de fa\u00e7on solennelle aux Fran\u00e7ais:<\/p>\n\n\n\n<p>\u00ab\u00a0Fran\u00e7aises, Fran\u00e7ais,&nbsp;<strong>le 24&nbsp;avril vous m\u2019avez renouvel\u00e9 votre confiance en m\u2019\u00e9lisant pr\u00e9sident de la R\u00e9publique<\/strong>. Je veux ici f\u00e9liciter les parlementaires ayant emport\u00e9 vos suffrages. J\u2019ai une pens\u00e9e pour les d\u00e9put\u00e9s sortants battus. Je ne peux d\u2019abord ignorer la forte abstention qui nous oblige tous \u00e0 redonner davantage \u00e0 nos actions collectives de lisibilit\u00e9 aux grands rendez-vous d\u00e9mocratiques.<\/p>\n\n\n\n<p>Je ne peux pas davantage ignorer les fractures, les divisions profondes qui traversent notre pays et se refl\u00e8tent dans la composition de la nouvelle Assembl\u00e9e.&nbsp;Je n&rsquo;ignore pas les fractures et les divisions profondes qui traversent notre soci\u00e9t\u00e9.<\/p>\n\n\n\n<p>La majorit\u00e9 pr\u00e9sidentielle est la premi\u00e8re force de l&rsquo;Assembl\u00e9e mais il a manqu\u00e9 une trentaine de d\u00e9put\u00e9 pour la majorit\u00e9 absolue. Notre responsabilit\u00e9 est donc de s&rsquo;\u00e9largir.&nbsp;Nous devons collectivement apprendre \u00e0 gouverner et l\u00e9gif\u00e9rer diff\u00e9remment. B\u00e2tir des compromis nouveau dans le dialogue, l&rsquo;\u00e9coute, le respect. C&rsquo;est ce que vous avez souhait\u00e9 et j&rsquo;en prends acte.<\/p>\n\n\n\n<p><strong>La plupart des dirigeants que j\u2019ai re\u00e7us ont exclu l\u2019hypoth\u00e8se d\u2019un gouvernement d\u2019unit\u00e9 nationale, laquelle d\u2019ailleurs \u00e0 mes yeux n\u2019est pas justifi\u00e9e.<\/strong>&nbsp;Je crois qu\u2019il est donc possible, dans le moment crucial que nous vivons, de trouver une majorit\u00e9 plus large et plus claire pour agir.<\/p>\n\n\n\n<p>Il revient aux groupes politiques de dire en toute transparence jusqu&rsquo;o\u00f9 ils sont pr\u00eats \u00e0 aller. J&rsquo;ai confiance en vous et en nous car ensemble nous avons travers\u00e9 tant de crise et de difficult\u00e9. Je sais qu&rsquo;ensemble nous trouverons le chemin de la r\u00e9ussite collective.<\/p>\n","protected":false},"excerpt":{"rendered":"<p>R\u00e9action en direct de Jean-Luc M\u00e9lenchon : \u00ab\u00a0D\u00e9sormais la Premi\u00e8re Ministre doit demander la confiance de l&rsquo;Assembl\u00e9e et si elle ne l&rsquo;a pas elle doit d\u00e9missionner et si elle a cette confiance, elle pr\u00e9sentera des textes et d\u00e8s lors chacun pr\u00e9sentera des textes.\u00a0Voyons ce qu&rsquo;il est possible de faire et ce que nous avons \u00e0 [&hellip;]<\/p>\n","protected":false},"author":2,"featured_media":21746,"comment_status":"open","ping_status":"open","sticky":false,"template":"","format":"standard","meta":{"_jetpack_memberships_contains_paid_content":false,"footnotes":"","jetpack_publicize_message":"","jetpack_publicize_feature_enabled":true,"jetpack_social_post_already_shared":true,"jetpack_social_options":{"image_generator_settings":{"template":"highway","default_image_id":0,"font":"","enabled":false},"version":2},"_wpas_customize_per_network":false},"categories":[405],"tags":[],"class_list":["post-21745","post","type-post","status-publish","format-standard","has-post-thumbnail","hentry","category-actu-france-monde"],"jetpack_publicize_connections":[],"jetpack_featured_media_url":"https:\/\/i0.wp.com\/www.iceagetv.com\/radiosite\/wp-content\/uploads\/2022\/06\/Emmanuel-Macron-prend-la-parole-en-direct-sur-toutes-les-chaines-de-television-pour-sadresser-de-facon-solennelle-aux-Francais.jpg?fit=679%2C293&ssl=1","jetpack_sharing_enabled":true,"_links":{"self":[{"href":"https:\/\/www.iceagetv.com\/radiosite\/wp-json\/wp\/v2\/posts\/21745","targetHints":{"allow":["GET"]}}],"collection":[{"href":"https:\/\/www.iceagetv.com\/radiosite\/wp-json\/wp\/v2\/posts"}],"about":[{"href":"https:\/\/www.iceagetv.com\/radiosite\/wp-json\/wp\/v2\/types\/post"}],"author":[{"embeddable":true,"href":"https:\/\/www.iceagetv.com\/radiosite\/wp-json\/wp\/v2\/users\/2"}],"replies":[{"embeddable":true,"href":"https:\/\/www.iceagetv.com\/radiosite\/wp-json\/wp\/v2\/comments?post=21745"}],"version-history":[{"count":1,"href":"https:\/\/www.iceagetv.com\/radiosite\/wp-json\/wp\/v2\/posts\/21745\/revisions"}],"predecessor-version":[{"id":21747,"href":"https:\/\/www.iceagetv.com\/radiosite\/wp-json\/wp\/v2\/posts\/21745\/revisions\/21747"}],"wp:featuredmedia":[{"embeddable":true,"href":"https:\/\/www.iceagetv.com\/radiosite\/wp-json\/wp\/v2\/media\/21746"}],"wp:attachment":[{"href":"https:\/\/www.iceagetv.com\/radiosite\/wp-json\/wp\/v2\/media?parent=21745"}],"wp:term":[{"taxonomy":"category","embeddable":true,"href":"https:\/\/www.iceagetv.com\/radiosite\/wp-json\/wp\/v2\/categories?post=21745"},{"taxonomy":"post_tag","embeddable":true,"href":"https:\/\/www.iceagetv.com\/radiosite\/wp-json\/wp\/v2\/tags?post=21745"}],"curies":[{"name":"wp","href":"https:\/\/api.w.org\/{rel}","templated":true}]}}