{"id":21781,"date":"2022-06-26T07:54:10","date_gmt":"2022-06-26T07:54:10","guid":{"rendered":"http:\/\/www.iceagetv.com\/radiosite\/?p=21781"},"modified":"2022-06-26T07:54:10","modified_gmt":"2022-06-26T07:54:10","slug":"variole-du-singe-lagence-regionale-de-sante-ars-dile-de-france-a-annonce-le-premier-cas-confirme-chez-un-enfant-scolarise-en-ecole-primaire","status":"publish","type":"post","link":"https:\/\/www.iceagetv.com\/radiosite\/variole-du-singe-lagence-regionale-de-sante-ars-dile-de-france-a-annonce-le-premier-cas-confirme-chez-un-enfant-scolarise-en-ecole-primaire\/","title":{"rendered":"Variole du singe : L&rsquo;Agence R\u00e9gionale de Sant\u00e9 (ARS) d&rsquo;\u00cele-de-France a annonc\u00e9 le premier cas confirm\u00e9 chez un enfant scolaris\u00e9 en \u00e9cole primaire"},"content":{"rendered":"\n<p>L&rsquo;Agence R\u00e9gionale de Sant\u00e9 (ARS) d&rsquo;\u00cele-de-France a annonc\u00e9 le premier cas confirm\u00e9 de variole du singe chez un enfant scolaris\u00e9 en \u00e9cole primaire. Il a \u00e9t\u00e9 pris en charge et ne pr\u00e9sente aucun signe de gravit\u00e9. Dans ce m\u00eame communiqu\u00e9, l&rsquo;ARS assure avoir \u00ab\u00a0d\u00e9but\u00e9 les investigations afin de retracer au plus vite la cha\u00eene de contacts de l\u2019enfant.\u00a0\u00bb<\/p>\n\n\n\n<p>Selon les premi\u00e8res constatations, un cas probable a \u00e9t\u00e9 identifi\u00e9 dans la m\u00eame fratrie, et des mesures ont \u00e9t\u00e9 prises en collaboration avec l&rsquo;\u00c9ducation nationale, dont la diffusion d&rsquo;un message \u00e0 l&rsquo;adresse des parents des enfants contacts \u00e0 risque de l\u2019\u00e9cole fr\u00e9quent\u00e9e par l\u2019enfant.<\/p>\n\n\n\n<p>Il est conseill\u00e9 \u00e0 ces derniers de surveiller l&rsquo;apparition de sympt\u00f4mes et de solliciter le 15 en cas de besoin ou de se voir proposer une consultation afin de faire b\u00e9n\u00e9ficier \u00e0 l\u2019enfant d\u2019une vaccination si elle est jug\u00e9e n\u00e9cessaire par un m\u00e9decin. Il est \u00e9galement notifi\u00e9 qu'\u00a0\u00bbaucune mesure n\u2019est donc n\u00e9cessaire pour l\u2019enfant (ni isolement, ni adaptation des activit\u00e9s) ni pour les autres membres de la famille\u00a0\u00bb en l&rsquo;absence de sympt\u00f4mes.<\/p>\n\n\n\n<p>Auparavant en \u00cele-de-France, le virus n&rsquo;avait touch\u00e9 que des adultes (330 cas confirm\u00e9s par Sant\u00e9 Publique France au 23 juin \u00e0 14h dont 227 en \u00cele-de-France).<\/p>\n\n\n\n<p>Les cas rapport\u00e9s en France et en Europe sont survenus jusqu\u2019\u00e0 pr\u00e9sent chez des adultes jeunes majoritairement, et sont b\u00e9nins. La variole du singe (\u00ab\u00a0monkeypox\u00a0\u00bb en anglais), dont la flamb\u00e9e frappe une quarantaine de pays, se traduit d&rsquo;abord par une forte fi\u00e8vre et \u00e9volue rapidement en \u00e9ruption cutan\u00e9e.<\/p>\n\n\n\n<p>La maladie, jusqu&rsquo;alors contenue dans une dizaine de pays africains, gu\u00e9rit d&rsquo;habitude spontan\u00e9ment apr\u00e8s deux \u00e0 trois semaines<\/p>\n","protected":false},"excerpt":{"rendered":"<p>L&rsquo;Agence R\u00e9gionale de Sant\u00e9 (ARS) d&rsquo;\u00cele-de-France a annonc\u00e9 le premier cas confirm\u00e9 de variole du singe chez un enfant scolaris\u00e9 en \u00e9cole primaire. Il a \u00e9t\u00e9 pris en charge et ne pr\u00e9sente aucun signe de gravit\u00e9. Dans ce m\u00eame communiqu\u00e9, l&rsquo;ARS assure avoir \u00ab\u00a0d\u00e9but\u00e9 les investigations afin de retracer au plus vite la cha\u00eene de [&hellip;]<\/p>\n","protected":false},"author":2,"featured_media":21782,"comment_status":"open","ping_status":"open","sticky":false,"template":"","format":"standard","meta":{"_jetpack_memberships_contains_paid_content":false,"footnotes":"","jetpack_publicize_message":"","jetpack_publicize_feature_enabled":true,"jetpack_social_post_already_shared":true,"jetpack_social_options":{"image_generator_settings":{"template":"highway","default_image_id":0,"font":"","enabled":false},"version":2},"_wpas_customize_per_network":false},"categories":[405],"tags":[],"class_list":["post-21781","post","type-post","status-publish","format-standard","has-post-thumbnail","hentry","category-actu-france-monde"],"jetpack_publicize_connections":[],"jetpack_featured_media_url":"https:\/\/i0.wp.com\/www.iceagetv.com\/radiosite\/wp-content\/uploads\/2022\/06\/LAgence-Regionale-de-Sante-ARS-dIle-de-France-a-annonce-le-premier-cas-confirme-chez-un-enfant-scolarise-en-ecole-primaire.jpg?fit=679%2C293&ssl=1","jetpack_sharing_enabled":true,"_links":{"self":[{"href":"https:\/\/www.iceagetv.com\/radiosite\/wp-json\/wp\/v2\/posts\/21781","targetHints":{"allow":["GET"]}}],"collection":[{"href":"https:\/\/www.iceagetv.com\/radiosite\/wp-json\/wp\/v2\/posts"}],"about":[{"href":"https:\/\/www.iceagetv.com\/radiosite\/wp-json\/wp\/v2\/types\/post"}],"author":[{"embeddable":true,"href":"https:\/\/www.iceagetv.com\/radiosite\/wp-json\/wp\/v2\/users\/2"}],"replies":[{"embeddable":true,"href":"https:\/\/www.iceagetv.com\/radiosite\/wp-json\/wp\/v2\/comments?post=21781"}],"version-history":[{"count":1,"href":"https:\/\/www.iceagetv.com\/radiosite\/wp-json\/wp\/v2\/posts\/21781\/revisions"}],"predecessor-version":[{"id":21783,"href":"https:\/\/www.iceagetv.com\/radiosite\/wp-json\/wp\/v2\/posts\/21781\/revisions\/21783"}],"wp:featuredmedia":[{"embeddable":true,"href":"https:\/\/www.iceagetv.com\/radiosite\/wp-json\/wp\/v2\/media\/21782"}],"wp:attachment":[{"href":"https:\/\/www.iceagetv.com\/radiosite\/wp-json\/wp\/v2\/media?parent=21781"}],"wp:term":[{"taxonomy":"category","embeddable":true,"href":"https:\/\/www.iceagetv.com\/radiosite\/wp-json\/wp\/v2\/categories?post=21781"},{"taxonomy":"post_tag","embeddable":true,"href":"https:\/\/www.iceagetv.com\/radiosite\/wp-json\/wp\/v2\/tags?post=21781"}],"curies":[{"name":"wp","href":"https:\/\/api.w.org\/{rel}","templated":true}]}}