{"id":21791,"date":"2022-06-27T18:43:26","date_gmt":"2022-06-27T18:43:26","guid":{"rendered":"http:\/\/www.iceagetv.com\/radiosite\/?p=21791"},"modified":"2022-06-27T18:43:26","modified_gmt":"2022-06-27T18:43:26","slug":"pouvoir-dachat-le-gouvernement-veut-renforcer-la-prime-de-transport-versee-par-les-entreprises-a-leurs-salaries","status":"publish","type":"post","link":"https:\/\/www.iceagetv.com\/radiosite\/pouvoir-dachat-le-gouvernement-veut-renforcer-la-prime-de-transport-versee-par-les-entreprises-a-leurs-salaries\/","title":{"rendered":"Pouvoir d&rsquo;achat : Le gouvernement veut renforcer la \u00abprime de transport\u00bb vers\u00e9e par les entreprises \u00e0 leurs salari\u00e9s"},"content":{"rendered":"\n<p>Le projet de loi sur le pouvoir d&rsquo;achat pr\u00e9voit un renforcement de la \u00abprime de transport\u00bb vers\u00e9e par les entreprises \u00e0 leurs salari\u00e9s pour couvrir une partie du co\u00fbt de leurs d\u00e9placements domicile travail. Le plafond d&rsquo;exon\u00e9ration fiscale et sociale de la prise en charge par l&#8217;employeur des frais de carburant de ses salari\u00e9s sera ainsi doubl\u00e9, de 200 \u00e0 400 euros pour les ann\u00e9es 2022 et 2023, selon le document consult\u00e9 par l&rsquo;AFP et&nbsp;Le Figaro, confirmant des informations de presse.<\/p>\n\n\n\n<p>Les salari\u00e9s pourront aussi cumuler cette prime avec la prise en charge par l&#8217;employeur de 50% du prix des abonnements aux transports en commun. Par ailleurs, le gouvernement a d\u00e9cid\u00e9 d&rsquo;assouplir consid\u00e9rablement les conditions d&rsquo;\u00e9ligibilit\u00e9 \u00e0 cette \u00abprime de transport\u00bb.<\/p>\n\n\n\n<p>Jusqu&rsquo;ici r\u00e9serv\u00e9e aux salari\u00e9s hors \u00cele-de-France, ou d&rsquo;une zone urbaine, ou \u00e0 ceux ayant des horaires qui les emp\u00eachent d&rsquo;utiliser les transports en commun, elle sera \u00e9largie \u00e0 \u00abl&rsquo;ensemble des salari\u00e9s engageant des frais de carburant ou des frais d&rsquo;alimentation de v\u00e9hicules \u00e9lectriques, hybrides rechargeables ou hydrog\u00e8ne pour leurs d\u00e9placements entre leur r\u00e9sidence habituelle et leur lieu de travail\u00bb, pr\u00e9cise l&rsquo;expos\u00e9 des motifs du texte.<\/p>\n\n\n\n<p>Dans la m\u00eame logique, la mesure pr\u00e9voit aussi d&rsquo;augmenter de 500 \u00e0 700 euros le plafond d&rsquo;exon\u00e9ration pr\u00e9vu en cas de cumul de la \u00abprime de transport\u00bb avec le \u00abforfait mobilit\u00e9s durables\u00bb, vers\u00e9 aux salari\u00e9s qui privil\u00e9gient les modes de transport dits \u00e0 mobilit\u00e9 douce. \u00abCette mesure vise \u00e0 am\u00e9liorer le pouvoir d&rsquo;achat des salari\u00e9s utilisant leur v\u00e9hicule pour leurs d\u00e9placements domicile travail, particuli\u00e8rement touch\u00e9s par l&rsquo;augmentation des prix \u00e0 la pompe\u00bb, d\u00e9fend encore le gouvernement, alors que les prix des carburants ont fortement augment\u00e9 ces derniers mois.<\/p>\n","protected":false},"excerpt":{"rendered":"<p>Le projet de loi sur le pouvoir d&rsquo;achat pr\u00e9voit un renforcement de la \u00abprime de transport\u00bb vers\u00e9e par les entreprises \u00e0 leurs salari\u00e9s pour couvrir une partie du co\u00fbt de leurs d\u00e9placements domicile travail. Le plafond d&rsquo;exon\u00e9ration fiscale et sociale de la prise en charge par l&#8217;employeur des frais de carburant de ses salari\u00e9s sera [&hellip;]<\/p>\n","protected":false},"author":2,"featured_media":21792,"comment_status":"open","ping_status":"open","sticky":false,"template":"","format":"standard","meta":{"_jetpack_memberships_contains_paid_content":false,"footnotes":"","jetpack_publicize_message":"","jetpack_publicize_feature_enabled":true,"jetpack_social_post_already_shared":true,"jetpack_social_options":{"image_generator_settings":{"template":"highway","default_image_id":0,"font":"","enabled":false},"version":2},"_wpas_customize_per_network":false},"categories":[405],"tags":[],"class_list":["post-21791","post","type-post","status-publish","format-standard","has-post-thumbnail","hentry","category-actu-france-monde"],"jetpack_publicize_connections":[],"jetpack_featured_media_url":"https:\/\/i0.wp.com\/www.iceagetv.com\/radiosite\/wp-content\/uploads\/2022\/06\/Pouvoir-dachat.jpg?fit=679%2C293&ssl=1","jetpack_sharing_enabled":true,"_links":{"self":[{"href":"https:\/\/www.iceagetv.com\/radiosite\/wp-json\/wp\/v2\/posts\/21791","targetHints":{"allow":["GET"]}}],"collection":[{"href":"https:\/\/www.iceagetv.com\/radiosite\/wp-json\/wp\/v2\/posts"}],"about":[{"href":"https:\/\/www.iceagetv.com\/radiosite\/wp-json\/wp\/v2\/types\/post"}],"author":[{"embeddable":true,"href":"https:\/\/www.iceagetv.com\/radiosite\/wp-json\/wp\/v2\/users\/2"}],"replies":[{"embeddable":true,"href":"https:\/\/www.iceagetv.com\/radiosite\/wp-json\/wp\/v2\/comments?post=21791"}],"version-history":[{"count":1,"href":"https:\/\/www.iceagetv.com\/radiosite\/wp-json\/wp\/v2\/posts\/21791\/revisions"}],"predecessor-version":[{"id":21793,"href":"https:\/\/www.iceagetv.com\/radiosite\/wp-json\/wp\/v2\/posts\/21791\/revisions\/21793"}],"wp:featuredmedia":[{"embeddable":true,"href":"https:\/\/www.iceagetv.com\/radiosite\/wp-json\/wp\/v2\/media\/21792"}],"wp:attachment":[{"href":"https:\/\/www.iceagetv.com\/radiosite\/wp-json\/wp\/v2\/media?parent=21791"}],"wp:term":[{"taxonomy":"category","embeddable":true,"href":"https:\/\/www.iceagetv.com\/radiosite\/wp-json\/wp\/v2\/categories?post=21791"},{"taxonomy":"post_tag","embeddable":true,"href":"https:\/\/www.iceagetv.com\/radiosite\/wp-json\/wp\/v2\/tags?post=21791"}],"curies":[{"name":"wp","href":"https:\/\/api.w.org\/{rel}","templated":true}]}}