{"id":21797,"date":"2022-06-28T16:08:10","date_gmt":"2022-06-28T16:08:10","guid":{"rendered":"http:\/\/www.iceagetv.com\/radiosite\/?p=21797"},"modified":"2022-06-28T16:08:10","modified_gmt":"2022-06-28T16:08:10","slug":"coronavirus-le-tribunal-administratif-de-paris-reconnait-letat-francais-coupable-de-plusieurs-manquements-dans-la-gestion-de-la-pandemie-avant-mai-2020-des-les-premices-de-la-premiere-vague","status":"publish","type":"post","link":"https:\/\/www.iceagetv.com\/radiosite\/coronavirus-le-tribunal-administratif-de-paris-reconnait-letat-francais-coupable-de-plusieurs-manquements-dans-la-gestion-de-la-pandemie-avant-mai-2020-des-les-premices-de-la-premiere-vague\/","title":{"rendered":"Coronavirus &#8211; Le tribunal administratif de Paris reconnait l\u2019\u00c9tat fran\u00e7ais coupable de plusieurs manquements dans la gestion de la pand\u00e9mie avant mai 2020 d\u00e8s les pr\u00e9mices de la premi\u00e8re vague"},"content":{"rendered":"\n<p>Le tribunal administratif de Paris a reconnu l\u2019\u00c9tat fran\u00e7ais coupable, ce mardi, de plusieurs manquements dans la gestion de la pand\u00e9mie avant mai 2020 d\u00e8s les pr\u00e9mices de la premi\u00e8re vague de Covid-19. Saisi de 34 requ\u00eates mettant en cause la responsabilit\u00e9 de l\u2019\u00c9tat dans la pr\u00e9vention et la gestion de la phase initiale de la crise sanitaire, le tribunal a estim\u00e9 que ce dernier \u00ab avait commis une faute en s\u2019abstenant de constituer un stock suffisant de masques, ant\u00e9rieurement \u00e0 l\u2019\u00e9mergence de la Covid-19, eu \u00e9gard aux recommandations publi\u00e9es en mati\u00e8re de lutte contre une pand\u00e9mie \u00bb.<\/p>\n\n\n\n<p>\u00ab En outre, il a jug\u00e9 que les d\u00e9clarations gouvernementales indiquant, au d\u00e9but de la crise sanitaire, qu\u2019il n\u2019\u00e9tait pas utile, pour la population g\u00e9n\u00e9rale, de porter un masque avaient un caract\u00e8re fautif compte tenu de leur caract\u00e8re contradictoire avec les donn\u00e9es scientifiques disponibles \u00bb, indique le tribunal dans un communiqu\u00e9 ce mardi.<\/p>\n\n\n\n<p>Le tribunal a en revanche \u00e9cart\u00e9 les autres fautes invoqu\u00e9es par les requ\u00e9rants. Une quarantaine de personnes ayant contract\u00e9 le Covid-19 ou ayants droit de personnes d\u00e9c\u00e9d\u00e9es des suites de la maladie, avait engag\u00e9 un recours en justice contre l\u2019\u00c9tat en mai 2020. La cour a \u00e9galement jug\u00e9 que la contamination des victimes par le virus \u00ab ne pr\u00e9sentait pas un lien de causalit\u00e9 suffisamment direct avec les fautes commises \u00bb et a donc rejet\u00e9 les demandes indemnitaires formul\u00e9es dans l\u2019ensemble de ces requ\u00eates.<\/p>\n\n\n\n<p>Les plaignants r\u00e9clamaient notamment la cr\u00e9ation d\u2019un fonds d\u2019indemnisation pour les victimes sur le mod\u00e8le de ce qui existe pour l\u2019amiante.<\/p>\n","protected":false},"excerpt":{"rendered":"<p>Le tribunal administratif de Paris a reconnu l\u2019\u00c9tat fran\u00e7ais coupable, ce mardi, de plusieurs manquements dans la gestion de la pand\u00e9mie avant mai 2020 d\u00e8s les pr\u00e9mices de la premi\u00e8re vague de Covid-19. Saisi de 34 requ\u00eates mettant en cause la responsabilit\u00e9 de l\u2019\u00c9tat dans la pr\u00e9vention et la gestion de la phase initiale de [&hellip;]<\/p>\n","protected":false},"author":2,"featured_media":21798,"comment_status":"open","ping_status":"open","sticky":false,"template":"","format":"standard","meta":{"_jetpack_memberships_contains_paid_content":false,"footnotes":"","jetpack_publicize_message":"","jetpack_publicize_feature_enabled":true,"jetpack_social_post_already_shared":true,"jetpack_social_options":{"image_generator_settings":{"template":"highway","default_image_id":0,"font":"","enabled":false},"version":2},"_wpas_customize_per_network":false},"categories":[405],"tags":[],"class_list":["post-21797","post","type-post","status-publish","format-standard","has-post-thumbnail","hentry","category-actu-france-monde"],"jetpack_publicize_connections":[],"jetpack_featured_media_url":"https:\/\/i0.wp.com\/www.iceagetv.com\/radiosite\/wp-content\/uploads\/2022\/06\/Le-tribunal-administratif-de-Paris-reconnait-lEtat-francais-coupable-de-plusieurs-manquements-dans-la-gestion-de-la-pandemie-avant-mai-2020-des-les-premices-de-la-premiere-vague.jpg?fit=679%2C293&ssl=1","jetpack_sharing_enabled":true,"_links":{"self":[{"href":"https:\/\/www.iceagetv.com\/radiosite\/wp-json\/wp\/v2\/posts\/21797","targetHints":{"allow":["GET"]}}],"collection":[{"href":"https:\/\/www.iceagetv.com\/radiosite\/wp-json\/wp\/v2\/posts"}],"about":[{"href":"https:\/\/www.iceagetv.com\/radiosite\/wp-json\/wp\/v2\/types\/post"}],"author":[{"embeddable":true,"href":"https:\/\/www.iceagetv.com\/radiosite\/wp-json\/wp\/v2\/users\/2"}],"replies":[{"embeddable":true,"href":"https:\/\/www.iceagetv.com\/radiosite\/wp-json\/wp\/v2\/comments?post=21797"}],"version-history":[{"count":1,"href":"https:\/\/www.iceagetv.com\/radiosite\/wp-json\/wp\/v2\/posts\/21797\/revisions"}],"predecessor-version":[{"id":21799,"href":"https:\/\/www.iceagetv.com\/radiosite\/wp-json\/wp\/v2\/posts\/21797\/revisions\/21799"}],"wp:featuredmedia":[{"embeddable":true,"href":"https:\/\/www.iceagetv.com\/radiosite\/wp-json\/wp\/v2\/media\/21798"}],"wp:attachment":[{"href":"https:\/\/www.iceagetv.com\/radiosite\/wp-json\/wp\/v2\/media?parent=21797"}],"wp:term":[{"taxonomy":"category","embeddable":true,"href":"https:\/\/www.iceagetv.com\/radiosite\/wp-json\/wp\/v2\/categories?post=21797"},{"taxonomy":"post_tag","embeddable":true,"href":"https:\/\/www.iceagetv.com\/radiosite\/wp-json\/wp\/v2\/tags?post=21797"}],"curies":[{"name":"wp","href":"https:\/\/api.w.org\/{rel}","templated":true}]}}