{"id":21804,"date":"2022-06-29T19:06:49","date_gmt":"2022-06-29T19:06:49","guid":{"rendered":"http:\/\/www.iceagetv.com\/radiosite\/?p=21804"},"modified":"2022-06-29T19:06:49","modified_gmt":"2022-06-29T19:06:49","slug":"proces-des-attentats-du-13-novembre-salah-abdeslam-est-condamne-a-la-perpetuite-incompressible-mohamed-abrini-condamne-a-la-perpetuite-avec-22-ans-de-surete-dix-neuf-accuses-sur-20-ont-ete-recon","status":"publish","type":"post","link":"https:\/\/www.iceagetv.com\/radiosite\/proces-des-attentats-du-13-novembre-salah-abdeslam-est-condamne-a-la-perpetuite-incompressible-mohamed-abrini-condamne-a-la-perpetuite-avec-22-ans-de-surete-dix-neuf-accuses-sur-20-ont-ete-recon\/","title":{"rendered":"Proc\u00e8s des attentats du 13 novembre &#8211; Salah Abdeslam est condamn\u00e9 \u00e0 la perp\u00e9tuit\u00e9 incompressible &#8211; Mohamed Abrini condamn\u00e9 \u00e0 la perp\u00e9tuit\u00e9 avec 22 ans de s\u00fbret\u00e9 &#8211; Dix-neuf accus\u00e9s sur 20 ont \u00e9t\u00e9 reconnus coupables"},"content":{"rendered":"\n<p><strong>Salah Abdeslam est condamn\u00e9 \u00e0 la perp\u00e9tuit\u00e9 incompressible, conform\u00e9ment aux r\u00e9quisitions du parquet.\u00a0<\/strong>Mohamed Abrini condamn\u00e9 \u00e0 la perp\u00e9tuit\u00e9 avec 22 ans de s\u00fbret\u00e9.\u00a0A. Chouaa 4 ans dont 3 avec sursis.\u00a0A. Oulkadi 7 ans dont 3 ans avec sursis. H. Attou 4 ans dont 2 ans avec sursis . F. Kharkhach 2 ans.\u00a0Osama Krayem et Sofien Ayari sont condamn\u00e9s \u00e0 30 ans de r\u00e9clusion avec p\u00e9riode s\u00fbret\u00e9 des deux tiers.\u00a0A. El Haddad Asufi 10 ans. Y. Atar 8 ans sur\u00eat\u00e9 2\/3. M. Usmann 18 ans suret\u00e9 2\/3. A. Haddadi 18 ans suret\u00e9 2\/3.M. Bakkali 30 ans suret\u00e9 2 tiers O. Krayem 30 ans suret\u00e9 2 tiers. S. Ayari 30 ans 2\/3 de suret\u00e9<strong>Mohamed Abrini a \u00e9t\u00e9 reconnu coupable des faits de complicit\u00e9 de meurtres.<\/strong>\u00a0Il a \u00e9t\u00e9 \u00ab\u00a0pleinement int\u00e9gr\u00e9 \u00e0 la cellule terroriste\u00a0\u00bb, estime la cour. \u00ab\u00a0Il a manifestement renonc\u00e9 au dernier moment\u00a0\u00bb, note encore le pr\u00e9sident P\u00e9ri\u00e8s. Un d\u00e9part qui a d\u00e9sorganis\u00e9 la cellule terroriste.<strong>Dix-neuf accus\u00e9s ont \u00e9t\u00e9 reconnus coupables de tous les faits pour lesquels ils \u00e9taient renvoy\u00e9s, sauf Farid Kharkhach.\u00a0La culpabilit\u00e9 de Salah Abdeslam en tant que coauteur des faits a \u00e9t\u00e9 retenue.<\/strong>\u00a0La cour a \u00e9galement reconnu que le gilet explosif dont il \u00e9tait porteur n&rsquo;\u00e9tait pas fonctionnel, ce qui remet s\u00e9rieusement en question les d\u00e9clarations de Salah Abdeslam quant \u00e0 son renoncement.\u00a0<\/p>\n","protected":false},"excerpt":{"rendered":"<p>Salah Abdeslam est condamn\u00e9 \u00e0 la perp\u00e9tuit\u00e9 incompressible, conform\u00e9ment aux r\u00e9quisitions du parquet.\u00a0Mohamed Abrini condamn\u00e9 \u00e0 la perp\u00e9tuit\u00e9 avec 22 ans de s\u00fbret\u00e9.\u00a0A. Chouaa 4 ans dont 3 avec sursis.\u00a0A. Oulkadi 7 ans dont 3 ans avec sursis. H. Attou 4 ans dont 2 ans avec sursis . F. Kharkhach 2 ans.\u00a0Osama Krayem et Sofien [&hellip;]<\/p>\n","protected":false},"author":2,"featured_media":21805,"comment_status":"open","ping_status":"open","sticky":false,"template":"","format":"standard","meta":{"_jetpack_memberships_contains_paid_content":false,"footnotes":"","jetpack_publicize_message":"","jetpack_publicize_feature_enabled":true,"jetpack_social_post_already_shared":true,"jetpack_social_options":{"image_generator_settings":{"template":"highway","default_image_id":0,"font":"","enabled":false},"version":2},"_wpas_customize_per_network":false},"categories":[405],"tags":[],"class_list":["post-21804","post","type-post","status-publish","format-standard","has-post-thumbnail","hentry","category-actu-france-monde"],"jetpack_publicize_connections":[],"jetpack_featured_media_url":"https:\/\/i0.wp.com\/www.iceagetv.com\/radiosite\/wp-content\/uploads\/2022\/06\/Proces-des-attentats-du-13-novembre.jpg?fit=679%2C293&ssl=1","jetpack_sharing_enabled":true,"_links":{"self":[{"href":"https:\/\/www.iceagetv.com\/radiosite\/wp-json\/wp\/v2\/posts\/21804","targetHints":{"allow":["GET"]}}],"collection":[{"href":"https:\/\/www.iceagetv.com\/radiosite\/wp-json\/wp\/v2\/posts"}],"about":[{"href":"https:\/\/www.iceagetv.com\/radiosite\/wp-json\/wp\/v2\/types\/post"}],"author":[{"embeddable":true,"href":"https:\/\/www.iceagetv.com\/radiosite\/wp-json\/wp\/v2\/users\/2"}],"replies":[{"embeddable":true,"href":"https:\/\/www.iceagetv.com\/radiosite\/wp-json\/wp\/v2\/comments?post=21804"}],"version-history":[{"count":1,"href":"https:\/\/www.iceagetv.com\/radiosite\/wp-json\/wp\/v2\/posts\/21804\/revisions"}],"predecessor-version":[{"id":21806,"href":"https:\/\/www.iceagetv.com\/radiosite\/wp-json\/wp\/v2\/posts\/21804\/revisions\/21806"}],"wp:featuredmedia":[{"embeddable":true,"href":"https:\/\/www.iceagetv.com\/radiosite\/wp-json\/wp\/v2\/media\/21805"}],"wp:attachment":[{"href":"https:\/\/www.iceagetv.com\/radiosite\/wp-json\/wp\/v2\/media?parent=21804"}],"wp:term":[{"taxonomy":"category","embeddable":true,"href":"https:\/\/www.iceagetv.com\/radiosite\/wp-json\/wp\/v2\/categories?post=21804"},{"taxonomy":"post_tag","embeddable":true,"href":"https:\/\/www.iceagetv.com\/radiosite\/wp-json\/wp\/v2\/tags?post=21804"}],"curies":[{"name":"wp","href":"https:\/\/api.w.org\/{rel}","templated":true}]}}