{"id":21816,"date":"2022-07-01T07:36:10","date_gmt":"2022-07-01T07:36:10","guid":{"rendered":"http:\/\/www.iceagetv.com\/radiosite\/?p=21816"},"modified":"2022-07-01T07:36:10","modified_gmt":"2022-07-01T07:36:10","slug":"suicide-de-jean-claude-joly-lagriculteur-de-lamour-est-dans-le-pre-un-de-ses-proches-revele-pour-la-premiere-fois-les-raisons-de-ce-drame","status":"publish","type":"post","link":"https:\/\/www.iceagetv.com\/radiosite\/suicide-de-jean-claude-joly-lagriculteur-de-lamour-est-dans-le-pre-un-de-ses-proches-revele-pour-la-premiere-fois-les-raisons-de-ce-drame\/","title":{"rendered":"Suicide de Jean-Claude Joly, l&rsquo;agriculteur de \u00ab\u00a0L&rsquo;amour est dans le pr\u00e9\u00a0\u00bb: Un de ses proches r\u00e9v\u00e8le pour la premi\u00e8re fois les raisons de ce drame"},"content":{"rendered":"\n<p>Il y a quelques jours, Jean-Claude Joly, l&rsquo;un des candidats embl\u00e9matiques de \u00ab\u00a0L\u2019amour est dans le pr\u00e9\u00a0\u00bb sur M6, a \u00e9t\u00e9 retrouv\u00e9 pendu dans sa ferme. L\u2019agriculteur, qui avait particip\u00e9 \u00e0 la&nbsp;sixi\u00e8me saison du programme,&nbsp;s\u2019est en effet donn\u00e9 la mort dans la grange de sa ferme&nbsp;de&nbsp;La Frenaye, en Normandie.<\/p>\n\n\n\n<p>Dans son nouveau num\u00e9ro, le magazine&nbsp;<a href=\"https:\/\/www.voici.fr\/news-people\/info-voici-mort-de-jean-claude-joly-adp-la-triste-raison-de-son-suicide-devoilee-732734\" target=\"_blank\" rel=\"noreferrer noopener\">Voici<\/a>&nbsp;r\u00e9v\u00e8le ce qui aurait pouss\u00e9 l&rsquo;homme \u00e0 mettre fin \u00e0 ses jours. L&rsquo;agriculteur vivait une situation tr\u00e8s compliqu\u00e9e depuis quelques temps, et&nbsp;\u00e9tait m\u00eame \u00ab\u00a0\u00e9touff\u00e9\u00a0\u00bb financi\u00e8rement, ne&nbsp;parvenant plus \u00e0 subvenir aux besoins de sa famille, tombant m\u00eame en d\u00e9pression.<\/p>\n\n\n\n<p>L&rsquo;un de ses proches confie \u00e0 nos confr\u00e8res: \u201cUne fois tous ses frais pay\u00e9s,&nbsp;il ne lui restait que 100 euros par mois&nbsp;pour faire vivre sa famille.\u00a0\u00bb. Et d&rsquo;ajouter: \u00ab\u00a0Il s\u2019est battu pendant des ann\u00e9es pour garder la t\u00eate hors de l\u2019eau&nbsp;mais il ne s\u2019en sortait pas, il \u00e9tait \u00e0 bout\u201d.&nbsp;Tomb\u00e9 en d\u00e9pression, Jean-Claude Joly n\u2019a pas trouv\u00e9 d\u2019autre solution pour oublier ses probl\u00e8mes que celle de s\u2019endormir \u00e0 tout jamais\u2026<\/p>\n","protected":false},"excerpt":{"rendered":"<p>Il y a quelques jours, Jean-Claude Joly, l&rsquo;un des candidats embl\u00e9matiques de \u00ab\u00a0L\u2019amour est dans le pr\u00e9\u00a0\u00bb sur M6, a \u00e9t\u00e9 retrouv\u00e9 pendu dans sa ferme. L\u2019agriculteur, qui avait particip\u00e9 \u00e0 la&nbsp;sixi\u00e8me saison du programme,&nbsp;s\u2019est en effet donn\u00e9 la mort dans la grange de sa ferme&nbsp;de&nbsp;La Frenaye, en Normandie. Dans son nouveau num\u00e9ro, le magazine&nbsp;Voici&nbsp;r\u00e9v\u00e8le [&hellip;]<\/p>\n","protected":false},"author":2,"featured_media":21817,"comment_status":"open","ping_status":"open","sticky":false,"template":"","format":"standard","meta":{"_jetpack_memberships_contains_paid_content":false,"footnotes":"","jetpack_publicize_message":"","jetpack_publicize_feature_enabled":true,"jetpack_social_post_already_shared":true,"jetpack_social_options":{"image_generator_settings":{"template":"highway","default_image_id":0,"font":"","enabled":false},"version":2},"_wpas_customize_per_network":false},"categories":[68],"tags":[],"class_list":["post-21816","post","type-post","status-publish","format-standard","has-post-thumbnail","hentry","category-actu-culturelle"],"jetpack_publicize_connections":[],"jetpack_featured_media_url":"https:\/\/i0.wp.com\/www.iceagetv.com\/radiosite\/wp-content\/uploads\/2022\/07\/Suicide-de-Jean-Claude-Joly.jpg?fit=679%2C293&ssl=1","jetpack_sharing_enabled":true,"_links":{"self":[{"href":"https:\/\/www.iceagetv.com\/radiosite\/wp-json\/wp\/v2\/posts\/21816","targetHints":{"allow":["GET"]}}],"collection":[{"href":"https:\/\/www.iceagetv.com\/radiosite\/wp-json\/wp\/v2\/posts"}],"about":[{"href":"https:\/\/www.iceagetv.com\/radiosite\/wp-json\/wp\/v2\/types\/post"}],"author":[{"embeddable":true,"href":"https:\/\/www.iceagetv.com\/radiosite\/wp-json\/wp\/v2\/users\/2"}],"replies":[{"embeddable":true,"href":"https:\/\/www.iceagetv.com\/radiosite\/wp-json\/wp\/v2\/comments?post=21816"}],"version-history":[{"count":1,"href":"https:\/\/www.iceagetv.com\/radiosite\/wp-json\/wp\/v2\/posts\/21816\/revisions"}],"predecessor-version":[{"id":21818,"href":"https:\/\/www.iceagetv.com\/radiosite\/wp-json\/wp\/v2\/posts\/21816\/revisions\/21818"}],"wp:featuredmedia":[{"embeddable":true,"href":"https:\/\/www.iceagetv.com\/radiosite\/wp-json\/wp\/v2\/media\/21817"}],"wp:attachment":[{"href":"https:\/\/www.iceagetv.com\/radiosite\/wp-json\/wp\/v2\/media?parent=21816"}],"wp:term":[{"taxonomy":"category","embeddable":true,"href":"https:\/\/www.iceagetv.com\/radiosite\/wp-json\/wp\/v2\/categories?post=21816"},{"taxonomy":"post_tag","embeddable":true,"href":"https:\/\/www.iceagetv.com\/radiosite\/wp-json\/wp\/v2\/tags?post=21816"}],"curies":[{"name":"wp","href":"https:\/\/api.w.org\/{rel}","templated":true}]}}