{"id":21823,"date":"2022-07-04T15:50:24","date_gmt":"2022-07-04T15:50:24","guid":{"rendered":"http:\/\/www.iceagetv.com\/radiosite\/?p=21823"},"modified":"2022-07-04T15:50:24","modified_gmt":"2022-07-04T15:50:24","slug":"remaniement-les-insoumis-vont-deposer-une-motion-de-censure-mercredi-decouvrez-la-composition-du-nouveau-gouvernement-delisabeth-borne-devoilee-ce-matin","status":"publish","type":"post","link":"https:\/\/www.iceagetv.com\/radiosite\/remaniement-les-insoumis-vont-deposer-une-motion-de-censure-mercredi-decouvrez-la-composition-du-nouveau-gouvernement-delisabeth-borne-devoilee-ce-matin\/","title":{"rendered":"Remaniement &#8211; Les Insoumis vont d\u00e9poser une motion de censure mercredi &#8211; D\u00e9couvrez la composition du nouveau gouvernement d&rsquo;Elisabeth Borne d\u00e9voil\u00e9e ce matin"},"content":{"rendered":"\n<p><strong>La cheffe de file des d\u00e9put\u00e9s insoumis Mathilde Panot annonce que son groupe parlementaire d\u00e9posera d\u00e8s mercredi une motion de censure<\/strong>Il y a forc\u00e9ment un peu de frustration de quitter un minist\u00e8re dans lequel on commence \u00e0 prendre ses marques\u00a0\u00bb, a d\u00e9clar\u00e9 Olivia Gr\u00e9goire lors de la passion de pouvoirs au porte-parolat. Olivier V\u00e9ran salue \u00ab\u00a0l\u2019engagement irr\u00e9prochable\u00a0\u00bb d\u2019Olivia Gr\u00e9goire, qu\u2019il remplace au porte-parolat du gouvernement. \u00ab\u00a0Le travail, l\u2019\u00e9coute et le dialogue seront nos seuls horizons\u00a0\u00bb, a ajout\u00e9 Olivier V\u00e9ran, le nouveau porte-parole du gouvernement.<\/p>\n\n\n\n<p><strong>Le point sur ce que l&rsquo;on sait ce matin<\/strong><\/p>\n\n\n\n<p>Damien Abad, ministre fran\u00e7ais sortant charg\u00e9 des Solidarit\u00e9s, de l\u2019Autonomie et des Personnes handicap\u00e9es et vis\u00e9 par une enqu\u00eate pour tentative de viol, est \u00e9vinc\u00e9 du nouveau gouvernement d\u00e9voil\u00e9 lundi et au sein duquel l\u2019\u00e9conomiste Laurence Boone sera charg\u00e9e de l\u2019Europe.<\/p>\n\n\n\n<p>Chrysoula Zacharopoulou, secr\u00e9taire d\u2019\u00c9tat sortante charg\u00e9e du D\u00e9veloppement, qui \u00e9tait vis\u00e9e elle par deux plaintes pour viols qui auraient \u00e9t\u00e9 commis dans le cadre de sa profession de gyn\u00e9cologue, conserve elle son poste.<\/p>\n\n\n\n<p>L\u2019\u00e9conomiste Laurence Boone, secr\u00e9taire g\u00e9n\u00e9rale adjointe de l\u2019OCDE remplace pour sa part Cl\u00e9ment Beaune, le \u00ab Monsieur Europe \u00bb d\u2019Emmanuel Macron, aux Affaires europ\u00e9ennes. Elle est nomm\u00e9e secr\u00e9taire d\u2019Etat charg\u00e9e de l\u2019Europe, tandis que Cl\u00e9ment Beaune, qui occupait le poste auparavant avec un titre de ministre d\u00e9l\u00e9gu\u00e9, est nomm\u00e9 ministre d\u00e9l\u00e9gu\u00e9 aux Transports.<\/p>\n\n\n\n<p>Comme pr\u00e9vu, le remaniement a act\u00e9 le d\u00e9part des trois ministres battues lors des \u00e9lections l\u00e9gislatives de fin juin &#8211; Am\u00e9lie de Montchalin (Transition \u00e9cologique), Brigitte Bourguignon (Sant\u00e9) et Justine B\u00e9nin (Mer). Cette derni\u00e8re est remplac\u00e9e \u00e0 son poste par Herv\u00e9 Berville, d\u00e9put\u00e9 d\u2019origine rwandaise du parti pr\u00e9sidentiel La R\u00e9publique En Marche (LaRem) des C\u00f4tes d\u2019Armor (ouest).<\/p>\n\n\n\n<p>Ce remaniement survient dans un contexte d\u00e9licat pour le pr\u00e9sident Emmanuel Macron, r\u00e9\u00e9lu le 24 avril face \u00e0 l\u2019extr\u00eame-droite pour un second quinquennat mais priv\u00e9 de majorit\u00e9 absolue \u00e0 l\u2019Assembl\u00e9e nationale \u00e0 l\u2019issue des l\u00e9gislatives des 12 et 19 juin.<\/p>\n\n\n\n<p>Le chef de l\u2019Etat, qui avait fait passer ses r\u00e9formes en grande majorit\u00e9 sans peine lors de son premier quinquennat, va cette fois-ci devoir nouer des alliances au cas par cas pour tenter de faire passer ses textes phares.<\/p>\n\n\n\n<p>Selon la pr\u00e9sidence, Emmanuel Macron a convoqu\u00e9 un Conseil des ministres \u00e0 16H (14h GMT) au palais de l\u2019Elys\u00e9e ce lundi. A cette occasion pourrait notamment \u00eatre \u00e9voqu\u00e9e la question de confiance que la Premi\u00e8re ministre Elisabeth Borne peut poser \u00e0 l\u2019Assembl\u00e9e \u00e0 l\u2019issue de sa d\u00e9claration de politique g\u00e9n\u00e9rale pr\u00e9vue mercredi. La cheffe du gouvernement n\u2019a pas encore dit si elle engageait ou non sa responsabilit\u00e9.Honor\u00e9e de la confiance renouvel\u00e9e du Pr\u00e9sident de la R\u00e9publique Emmanuel Macron et de la Premi\u00e8re ministre Elisabeth Borne pour acc\u00e9l\u00e9rer la transition \u00e9nerg\u00e9tique de notre pays et r\u00e9pondre au d\u00e9fi du r\u00e9chauffement climatique\u00a0\u00bb, a d\u00e9clar\u00e9 Agn\u00e8s Pannier-Runacher.\u00a0<\/p>\n","protected":false},"excerpt":{"rendered":"<p>La cheffe de file des d\u00e9put\u00e9s insoumis Mathilde Panot annonce que son groupe parlementaire d\u00e9posera d\u00e8s mercredi une motion de censureIl y a forc\u00e9ment un peu de frustration de quitter un minist\u00e8re dans lequel on commence \u00e0 prendre ses marques\u00a0\u00bb, a d\u00e9clar\u00e9 Olivia Gr\u00e9goire lors de la passion de pouvoirs au porte-parolat. Olivier V\u00e9ran salue [&hellip;]<\/p>\n","protected":false},"author":2,"featured_media":21824,"comment_status":"open","ping_status":"open","sticky":false,"template":"","format":"standard","meta":{"_jetpack_memberships_contains_paid_content":false,"footnotes":"","jetpack_publicize_message":"","jetpack_publicize_feature_enabled":true,"jetpack_social_post_already_shared":true,"jetpack_social_options":{"image_generator_settings":{"template":"highway","default_image_id":0,"font":"","enabled":false},"version":2},"_wpas_customize_per_network":false},"categories":[405],"tags":[],"class_list":["post-21823","post","type-post","status-publish","format-standard","has-post-thumbnail","hentry","category-actu-france-monde"],"jetpack_publicize_connections":[],"jetpack_featured_media_url":"https:\/\/i0.wp.com\/www.iceagetv.com\/radiosite\/wp-content\/uploads\/2022\/07\/Remaniement.jpg?fit=680%2C299&ssl=1","jetpack_sharing_enabled":true,"_links":{"self":[{"href":"https:\/\/www.iceagetv.com\/radiosite\/wp-json\/wp\/v2\/posts\/21823","targetHints":{"allow":["GET"]}}],"collection":[{"href":"https:\/\/www.iceagetv.com\/radiosite\/wp-json\/wp\/v2\/posts"}],"about":[{"href":"https:\/\/www.iceagetv.com\/radiosite\/wp-json\/wp\/v2\/types\/post"}],"author":[{"embeddable":true,"href":"https:\/\/www.iceagetv.com\/radiosite\/wp-json\/wp\/v2\/users\/2"}],"replies":[{"embeddable":true,"href":"https:\/\/www.iceagetv.com\/radiosite\/wp-json\/wp\/v2\/comments?post=21823"}],"version-history":[{"count":1,"href":"https:\/\/www.iceagetv.com\/radiosite\/wp-json\/wp\/v2\/posts\/21823\/revisions"}],"predecessor-version":[{"id":21825,"href":"https:\/\/www.iceagetv.com\/radiosite\/wp-json\/wp\/v2\/posts\/21823\/revisions\/21825"}],"wp:featuredmedia":[{"embeddable":true,"href":"https:\/\/www.iceagetv.com\/radiosite\/wp-json\/wp\/v2\/media\/21824"}],"wp:attachment":[{"href":"https:\/\/www.iceagetv.com\/radiosite\/wp-json\/wp\/v2\/media?parent=21823"}],"wp:term":[{"taxonomy":"category","embeddable":true,"href":"https:\/\/www.iceagetv.com\/radiosite\/wp-json\/wp\/v2\/categories?post=21823"},{"taxonomy":"post_tag","embeddable":true,"href":"https:\/\/www.iceagetv.com\/radiosite\/wp-json\/wp\/v2\/tags?post=21823"}],"curies":[{"name":"wp","href":"https:\/\/api.w.org\/{rel}","templated":true}]}}