{"id":21837,"date":"2022-07-05T19:04:42","date_gmt":"2022-07-05T19:04:42","guid":{"rendered":"http:\/\/www.iceagetv.com\/radiosite\/?p=21837"},"modified":"2022-07-05T19:04:42","modified_gmt":"2022-07-05T19:04:42","slug":"france-3-annonce-la-fin-de-ses-journaux-nationaux-a-partir-de-septembre-2023-le-12-13-national-et-le-19-20-national-laisseront-la-place-a-des-editions-regionales-plus-longues","status":"publish","type":"post","link":"https:\/\/www.iceagetv.com\/radiosite\/france-3-annonce-la-fin-de-ses-journaux-nationaux-a-partir-de-septembre-2023-le-12-13-national-et-le-19-20-national-laisseront-la-place-a-des-editions-regionales-plus-longues\/","title":{"rendered":"France 3 annonce la fin de ses journaux nationaux \u00e0 partir de septembre 2023: Le 12\/13 National et le 19\/20 National laisseront la place \u00e0 des \u00e9ditions r\u00e9gionales plus longues"},"content":{"rendered":"\n<p>Les \u00e9ditions nationales des journaux t\u00e9l\u00e9vis\u00e9s de France 3 seront remplac\u00e9es en septembre 2023 par 24 \u00e9ditions r\u00e9gionales, a annonc\u00e9 mardi la direction de France T\u00e9l\u00e9visions \u00e0 ses salari\u00e9s, un projet que conteste le Syndicat national des journalistes. Ce changement concernera aussi bien l&rsquo;\u00e9dition de la mi-journ\u00e9e, le 12\/13, que celle du soir, le 19\/20. Ces deux nouvelles cases d&rsquo;information, qui s&rsquo;appelleront \u00ab\u00a0Ici midi\u00a0\u00bb et \u00ab\u00a0Ici soir\u00a0\u00bb, prendront la forme de \u00ab\u00a024 journaux t\u00e9l\u00e9vis\u00e9s complets, construits, pens\u00e9s par les r\u00e9dactions r\u00e9gionales\u00a0\u00bb, a pr\u00e9cis\u00e9 \u00e0 l&rsquo;AFP Philippe Martinetti, directeur du r\u00e9seau France 3.<\/p>\n\n\n\n<p>\u00ab\u00a0Les contenus nationaux des JT seront produits par franceinfo et les services de la r\u00e9daction nationale, et donc mis \u00e0 disposition des r\u00e9dactions r\u00e9gionales\u00a0\u00bb, a poursuivi M. Martinetti. \u00ab\u00a0C&rsquo;est une transformation de l&rsquo;information importante, port\u00e9e par les \u00e9quipes en r\u00e9gions et 24 visages r\u00e9gionaux: c&rsquo;est de l&rsquo;information vue de l\u00e0 o\u00f9 nous habitons avec un prisme de proximit\u00e9 extr\u00eamement fort\u00a0\u00bb, a-t-il ajout\u00e9.<\/p>\n\n\n\n<p>Pour concr\u00e9tiser ce projet, d\u00e9nomm\u00e9 \u00ab\u00a0Tempo\u00a0\u00bb en interne, \u00ab\u00a0un travail de red\u00e9finition \u00e9ditoriale des \u00e9ditions\u00a0\u00bb d\u00e9butera d\u00e8s septembre entre les \u00e9quipes r\u00e9gionales de France 3 et celle de la r\u00e9daction nationale, est-il indiqu\u00e9 dans une note interne envoy\u00e9e mardi aux salari\u00e9s, que l&rsquo;AFP a pu consulter.<\/p>\n\n\n\n<p>Pour le Syndicat national des journalistes de France T\u00e9l\u00e9visions, l&rsquo;annonce de la prochaine disparition des \u00e9ditions nationales de France 3 constitue \u00ab\u00a0l&rsquo;ultime trahison\u00a0\u00bb de Delphine Ernotte, pr\u00e9sidente de France T\u00e9l\u00e9visions.<\/p>\n\n\n\n<p>\u00ab\u00a0Si des consoeurs ou confr\u00e8res en r\u00e9gions sont sans doute ravis de cette pseudo-r\u00e9gionalisation, comment relever ce d\u00e9fi impossible ? Mais comment vont-ils faire pour assumer 1 heure et demie d&rsquo;info par jour sans moyens suppl\u00e9mentaires ?\u00a0\u00bb, s&rsquo;insurge le syndicat dans un communiqu\u00e9.<\/p>\n\n\n\n<p>\u00ab\u00a0Du cot\u00e9 du r\u00e9seau r\u00e9gional, il n&rsquo;y a pas moins de moyens\u00a0\u00bb, r\u00e9pond Philippe Martinetti. \u00ab\u00a0Pour la premi\u00e8re fois depuis 10 ans, le budget 2022 du r\u00e9seau r\u00e9gional n&rsquo;est pas \u00e0 l&rsquo;\u00e9conomie, la pr\u00e9sidente de France T\u00e9l\u00e9visions l&rsquo;a stabilis\u00e9\u00a0\u00bb, assure-t-il. Cette annonce survient dans un contexte de malaise au sein des r\u00e9dactions nationales de France T\u00e9l\u00e9visions, qui ont vot\u00e9 jeudi dernier \u00e0 une large majorit\u00e9 une motion de d\u00e9fiance \u00e0 l&rsquo;encontre de Laurent Guimier, directeur de l&rsquo;information du groupe audiovisuel public.<\/p>\n","protected":false},"excerpt":{"rendered":"<p>Les \u00e9ditions nationales des journaux t\u00e9l\u00e9vis\u00e9s de France 3 seront remplac\u00e9es en septembre 2023 par 24 \u00e9ditions r\u00e9gionales, a annonc\u00e9 mardi la direction de France T\u00e9l\u00e9visions \u00e0 ses salari\u00e9s, un projet que conteste le Syndicat national des journalistes. Ce changement concernera aussi bien l&rsquo;\u00e9dition de la mi-journ\u00e9e, le 12\/13, que celle du soir, le 19\/20. [&hellip;]<\/p>\n","protected":false},"author":2,"featured_media":21838,"comment_status":"open","ping_status":"open","sticky":false,"template":"","format":"standard","meta":{"_jetpack_memberships_contains_paid_content":false,"footnotes":"","jetpack_publicize_message":"","jetpack_publicize_feature_enabled":true,"jetpack_social_post_already_shared":true,"jetpack_social_options":{"image_generator_settings":{"template":"highway","default_image_id":0,"font":"","enabled":false},"version":2},"_wpas_customize_per_network":false},"categories":[68],"tags":[],"class_list":["post-21837","post","type-post","status-publish","format-standard","has-post-thumbnail","hentry","category-actu-culturelle"],"jetpack_publicize_connections":[],"jetpack_featured_media_url":"https:\/\/i0.wp.com\/www.iceagetv.com\/radiosite\/wp-content\/uploads\/2022\/07\/France-3-annonce-la-fin-de-ses-journaux-nationaux-a-partir-de-septembre-2023.jpg?fit=679%2C293&ssl=1","jetpack_sharing_enabled":true,"_links":{"self":[{"href":"https:\/\/www.iceagetv.com\/radiosite\/wp-json\/wp\/v2\/posts\/21837","targetHints":{"allow":["GET"]}}],"collection":[{"href":"https:\/\/www.iceagetv.com\/radiosite\/wp-json\/wp\/v2\/posts"}],"about":[{"href":"https:\/\/www.iceagetv.com\/radiosite\/wp-json\/wp\/v2\/types\/post"}],"author":[{"embeddable":true,"href":"https:\/\/www.iceagetv.com\/radiosite\/wp-json\/wp\/v2\/users\/2"}],"replies":[{"embeddable":true,"href":"https:\/\/www.iceagetv.com\/radiosite\/wp-json\/wp\/v2\/comments?post=21837"}],"version-history":[{"count":1,"href":"https:\/\/www.iceagetv.com\/radiosite\/wp-json\/wp\/v2\/posts\/21837\/revisions"}],"predecessor-version":[{"id":21839,"href":"https:\/\/www.iceagetv.com\/radiosite\/wp-json\/wp\/v2\/posts\/21837\/revisions\/21839"}],"wp:featuredmedia":[{"embeddable":true,"href":"https:\/\/www.iceagetv.com\/radiosite\/wp-json\/wp\/v2\/media\/21838"}],"wp:attachment":[{"href":"https:\/\/www.iceagetv.com\/radiosite\/wp-json\/wp\/v2\/media?parent=21837"}],"wp:term":[{"taxonomy":"category","embeddable":true,"href":"https:\/\/www.iceagetv.com\/radiosite\/wp-json\/wp\/v2\/categories?post=21837"},{"taxonomy":"post_tag","embeddable":true,"href":"https:\/\/www.iceagetv.com\/radiosite\/wp-json\/wp\/v2\/tags?post=21837"}],"curies":[{"name":"wp","href":"https:\/\/api.w.org\/{rel}","templated":true}]}}