{"id":21846,"date":"2022-07-06T15:30:11","date_gmt":"2022-07-06T15:30:11","guid":{"rendered":"http:\/\/www.iceagetv.com\/radiosite\/?p=21846"},"modified":"2022-07-06T15:30:11","modified_gmt":"2022-07-06T15:30:11","slug":"voici-ce-qui-va-remplacer-le-feuilleton-quotidien-emblematique-plus-belle-la-vie-sur-france-3-a-partir-du-mois-de-janvier-2023-lannonce-officielle-vient-detre-faite","status":"publish","type":"post","link":"https:\/\/www.iceagetv.com\/radiosite\/voici-ce-qui-va-remplacer-le-feuilleton-quotidien-emblematique-plus-belle-la-vie-sur-france-3-a-partir-du-mois-de-janvier-2023-lannonce-officielle-vient-detre-faite\/","title":{"rendered":"Voici ce qui va remplacer le feuilleton quotidien embl\u00e9matique \u00ab\u00a0Plus belle la vie\u00a0\u00bb sur France 3 \u00e0 partir du mois de janvier 2023 &#8211; L&rsquo;annonce officielle vient d&rsquo;\u00eatre faite !"},"content":{"rendered":"\n<p>Une \u00e9mission sur les jeux Olympiques et Paralympiques de Paris 2024 sera diffus\u00e9e tous les soirs sur France 3 \u00e0 partir de janvier 2023, sur la case pr\u00e9c\u00e9demment occup\u00e9e par la s\u00e9rie embl\u00e9matique \u00ab\u00a0Plus belle la vie\u00a0\u00bb qui s&rsquo;arr\u00eate, a annonc\u00e9 France T\u00e9l\u00e9visions mercredi.<\/p>\n\n\n\n<p>\u00ab\u00a0D\u00e8s janvier 2023, le carrefour le plus strat\u00e9gique, de 20h \u00e0 21h sur France 3 et sur la case occup\u00e9e pr\u00e9c\u00e9demment par +Plus belle la vie+, sera consacr\u00e9 tous les jours aux Jeux gr\u00e2ce \u00e0 une \u00e9mission d\u00e9di\u00e9e\u00a0\u00bb, a indiqu\u00e9 la pr\u00e9sidente du groupe public, Delphine Ernotte, lors de la conf\u00e9rence de presse de pr\u00e9sentation de la rentr\u00e9e. Cette nouvelle \u00e9mission sera pr\u00e9sent\u00e9e par Carole Gaessler et \u00ab\u00a0emm\u00e8nera les Fran\u00e7ais au plus pr\u00e8s des ambitions et des enjeux sportifs, \u00e9conomiques, technologiques, culturels\u00a0\u00bb des JO organis\u00e9s en France, selon un communiqu\u00e9 de France T\u00e9l\u00e9visions.<\/p>\n\n\n\n<p>Selon Mme Ernotte, France T\u00e9l\u00e9visions souhaite mettre l&rsquo;accent sur cet \u00e9v\u00e9nement sportif consid\u00e9rable lors duquel \u00ab\u00a0les yeux du monde seront tourn\u00e9s vers la France\u00a0\u00bb.<\/p>\n\n\n\n<p>L&rsquo;arr\u00eat de \u00ab\u00a0Plus belle la vie\u00a0\u00bb \u00e0 partir de novembre, apr\u00e8s 18 ans d&rsquo;antenne, avait \u00e9t\u00e9 officialis\u00e9 en mai. Interrog\u00e9 sur l&rsquo;\u00e9mission qui occupera ce cr\u00e9neau apr\u00e8s les JO, le directeur des antennes et des programmes de France T\u00e9l\u00e9visions, St\u00e9phane Sitbon-Gomez, a r\u00e9pondu: \u00ab\u00a0On a d\u00e9j\u00e0 commenc\u00e9 \u00e0 r\u00e9fl\u00e9chir depuis plusieurs mois. Il y a beaucoup d&rsquo;hypoth\u00e8ses et beaucoup de pistes\u00a0\u00bb. \u00ab\u00a0C&rsquo;est s\u00fbr que la d\u00e9cision de faire une priorit\u00e9 JO pendant 18 mois nous laisse plus de temps\u00a0\u00bb pour r\u00e9fl\u00e9chir \u00e0 la suite, a-t-il ajout\u00e9.<\/p>\n","protected":false},"excerpt":{"rendered":"<p>Une \u00e9mission sur les jeux Olympiques et Paralympiques de Paris 2024 sera diffus\u00e9e tous les soirs sur France 3 \u00e0 partir de janvier 2023, sur la case pr\u00e9c\u00e9demment occup\u00e9e par la s\u00e9rie embl\u00e9matique \u00ab\u00a0Plus belle la vie\u00a0\u00bb qui s&rsquo;arr\u00eate, a annonc\u00e9 France T\u00e9l\u00e9visions mercredi. \u00ab\u00a0D\u00e8s janvier 2023, le carrefour le plus strat\u00e9gique, de 20h \u00e0 [&hellip;]<\/p>\n","protected":false},"author":2,"featured_media":21847,"comment_status":"open","ping_status":"open","sticky":false,"template":"","format":"standard","meta":{"_jetpack_memberships_contains_paid_content":false,"footnotes":"","jetpack_publicize_message":"","jetpack_publicize_feature_enabled":true,"jetpack_social_post_already_shared":true,"jetpack_social_options":{"image_generator_settings":{"template":"highway","default_image_id":0,"font":"","enabled":false},"version":2},"_wpas_customize_per_network":false},"categories":[68],"tags":[],"class_list":["post-21846","post","type-post","status-publish","format-standard","has-post-thumbnail","hentry","category-actu-culturelle"],"jetpack_publicize_connections":[],"jetpack_featured_media_url":"https:\/\/i0.wp.com\/www.iceagetv.com\/radiosite\/wp-content\/uploads\/2022\/07\/Voici-ce-qui-va-remplacer-le-feuilleton-quotidien-emblematique.jpg?fit=679%2C293&ssl=1","jetpack_sharing_enabled":true,"_links":{"self":[{"href":"https:\/\/www.iceagetv.com\/radiosite\/wp-json\/wp\/v2\/posts\/21846","targetHints":{"allow":["GET"]}}],"collection":[{"href":"https:\/\/www.iceagetv.com\/radiosite\/wp-json\/wp\/v2\/posts"}],"about":[{"href":"https:\/\/www.iceagetv.com\/radiosite\/wp-json\/wp\/v2\/types\/post"}],"author":[{"embeddable":true,"href":"https:\/\/www.iceagetv.com\/radiosite\/wp-json\/wp\/v2\/users\/2"}],"replies":[{"embeddable":true,"href":"https:\/\/www.iceagetv.com\/radiosite\/wp-json\/wp\/v2\/comments?post=21846"}],"version-history":[{"count":1,"href":"https:\/\/www.iceagetv.com\/radiosite\/wp-json\/wp\/v2\/posts\/21846\/revisions"}],"predecessor-version":[{"id":21848,"href":"https:\/\/www.iceagetv.com\/radiosite\/wp-json\/wp\/v2\/posts\/21846\/revisions\/21848"}],"wp:featuredmedia":[{"embeddable":true,"href":"https:\/\/www.iceagetv.com\/radiosite\/wp-json\/wp\/v2\/media\/21847"}],"wp:attachment":[{"href":"https:\/\/www.iceagetv.com\/radiosite\/wp-json\/wp\/v2\/media?parent=21846"}],"wp:term":[{"taxonomy":"category","embeddable":true,"href":"https:\/\/www.iceagetv.com\/radiosite\/wp-json\/wp\/v2\/categories?post=21846"},{"taxonomy":"post_tag","embeddable":true,"href":"https:\/\/www.iceagetv.com\/radiosite\/wp-json\/wp\/v2\/tags?post=21846"}],"curies":[{"name":"wp","href":"https:\/\/api.w.org\/{rel}","templated":true}]}}