{"id":21852,"date":"2022-07-06T19:17:55","date_gmt":"2022-07-06T19:17:55","guid":{"rendered":"http:\/\/www.iceagetv.com\/radiosite\/?p=21852"},"modified":"2022-07-06T19:17:55","modified_gmt":"2022-07-06T19:17:55","slug":"coronavirus-elisabeth-borne-sur-tf1-affirme-que-le-gouvernement-ne-compte-pas-prendre-de-mesure-nationale-dobligation-du-port-du-masque-malgre-la-hausse-en-fleche-du-nombre-de-cas","status":"publish","type":"post","link":"https:\/\/www.iceagetv.com\/radiosite\/coronavirus-elisabeth-borne-sur-tf1-affirme-que-le-gouvernement-ne-compte-pas-prendre-de-mesure-nationale-dobligation-du-port-du-masque-malgre-la-hausse-en-fleche-du-nombre-de-cas\/","title":{"rendered":"Coronavirus &#8211; Elisabeth Borne sur TF1 affirme que le gouvernement ne compte pas prendre de mesure nationale d&rsquo;obligation du port du masque, malgr\u00e9 la hausse en fl\u00e8che du nombre de cas"},"content":{"rendered":"\n<p><strong>Le gouvernement ne compte pas prendre de \u00ab\u00a0mesure nationale d&rsquo;obligation\u00a0\u00bb du port du masque pour combattre la 7e vague de Covid-19, a rappel\u00e9 Elisabeth Borne, invit\u00e9e de TF1. La Premi\u00e8re ministre en a appel\u00e9 \u00ab\u00a0aux Fran\u00e7ais\u00a0\u00bb, soulignant qu&rsquo;il \u00e9tait recommand\u00e9 de porter un masque dans les transports en commun et les lieux bond\u00e9s.<\/strong><\/p>\n\n\n\n<p>Apr\u00e8s plus de 200 000 cas dans le bilan d&rsquo;hier, les derniers chiffres du coronavirus en France, communiqu\u00e9s par les autorit\u00e9s ce 6 juillet 2022, font \u00e9tat de 154 615 cas en 24 heures, soit 29 891 cas de plus que mercredi dernier.<\/p>\n\n\n\n<p>La moyenne 7 jours passe \u00e0 123 261 cas enregistr\u00e9s quotidiennement contre 118 991 hier et le taux d&rsquo;incidence \u00e0 1153,34 cas pour 100 000 habitants en France actuellement (1143,10 hier). Le nombre de d\u00e9c\u00e8s avec Covid enregistr\u00e9s en 24 heures \u00e0 l&rsquo;h\u00f4pital est de 46 morts (hors Ehpad), soit 29 de moins qu&rsquo;hier et un de plus que mercredi dernier.<\/p>\n\n\n\n<p>Dans les h\u00f4pitaux, on d\u00e9nombre actuellement 17 496 patients hospitalis\u00e9s avec Covid-19, en hausse de 455 par rapport \u00e0 hier, tandis que 1027 personnes sont en r\u00e9animation, soit 23 de plus.<\/p>\n\n\n\n<p>Sur les derni\u00e8res 24 heures, 1603 malades ont \u00e9t\u00e9 admis \u00e0 l&rsquo;h\u00f4pital soit 239 de moins que la veille et 485 de plus compar\u00e9 \u00e0 mercredi dernier. 127 admissions en r\u00e9animation ont \u00e9t\u00e9 enregistr\u00e9es, soit 31 de moins qu&rsquo;hier et 21 de plus que mercredi dernier.<\/p>\n","protected":false},"excerpt":{"rendered":"<p>Le gouvernement ne compte pas prendre de \u00ab\u00a0mesure nationale d&rsquo;obligation\u00a0\u00bb du port du masque pour combattre la 7e vague de Covid-19, a rappel\u00e9 Elisabeth Borne, invit\u00e9e de TF1. La Premi\u00e8re ministre en a appel\u00e9 \u00ab\u00a0aux Fran\u00e7ais\u00a0\u00bb, soulignant qu&rsquo;il \u00e9tait recommand\u00e9 de porter un masque dans les transports en commun et les lieux bond\u00e9s. Apr\u00e8s plus [&hellip;]<\/p>\n","protected":false},"author":2,"featured_media":21853,"comment_status":"open","ping_status":"open","sticky":false,"template":"","format":"standard","meta":{"_jetpack_memberships_contains_paid_content":false,"footnotes":"","jetpack_publicize_message":"","jetpack_publicize_feature_enabled":true,"jetpack_social_post_already_shared":true,"jetpack_social_options":{"image_generator_settings":{"template":"highway","default_image_id":0,"font":"","enabled":false},"version":2},"_wpas_customize_per_network":false},"categories":[405],"tags":[],"class_list":["post-21852","post","type-post","status-publish","format-standard","has-post-thumbnail","hentry","category-actu-france-monde"],"jetpack_publicize_connections":[],"jetpack_featured_media_url":"https:\/\/i0.wp.com\/www.iceagetv.com\/radiosite\/wp-content\/uploads\/2022\/07\/Elisabeth-Borne-sur-TF1-affirme-que-le-gouvernement-ne-compte-pas-prendre-de-mesure-nationale-dobligation-du-port-du-masque.jpg?fit=679%2C293&ssl=1","jetpack_sharing_enabled":true,"_links":{"self":[{"href":"https:\/\/www.iceagetv.com\/radiosite\/wp-json\/wp\/v2\/posts\/21852","targetHints":{"allow":["GET"]}}],"collection":[{"href":"https:\/\/www.iceagetv.com\/radiosite\/wp-json\/wp\/v2\/posts"}],"about":[{"href":"https:\/\/www.iceagetv.com\/radiosite\/wp-json\/wp\/v2\/types\/post"}],"author":[{"embeddable":true,"href":"https:\/\/www.iceagetv.com\/radiosite\/wp-json\/wp\/v2\/users\/2"}],"replies":[{"embeddable":true,"href":"https:\/\/www.iceagetv.com\/radiosite\/wp-json\/wp\/v2\/comments?post=21852"}],"version-history":[{"count":1,"href":"https:\/\/www.iceagetv.com\/radiosite\/wp-json\/wp\/v2\/posts\/21852\/revisions"}],"predecessor-version":[{"id":21854,"href":"https:\/\/www.iceagetv.com\/radiosite\/wp-json\/wp\/v2\/posts\/21852\/revisions\/21854"}],"wp:featuredmedia":[{"embeddable":true,"href":"https:\/\/www.iceagetv.com\/radiosite\/wp-json\/wp\/v2\/media\/21853"}],"wp:attachment":[{"href":"https:\/\/www.iceagetv.com\/radiosite\/wp-json\/wp\/v2\/media?parent=21852"}],"wp:term":[{"taxonomy":"category","embeddable":true,"href":"https:\/\/www.iceagetv.com\/radiosite\/wp-json\/wp\/v2\/categories?post=21852"},{"taxonomy":"post_tag","embeddable":true,"href":"https:\/\/www.iceagetv.com\/radiosite\/wp-json\/wp\/v2\/tags?post=21852"}],"curies":[{"name":"wp","href":"https:\/\/api.w.org\/{rel}","templated":true}]}}