{"id":21890,"date":"2022-07-08T13:52:26","date_gmt":"2022-07-08T13:52:26","guid":{"rendered":"https:\/\/www.iceagetv.com\/radiosite\/?p=21890"},"modified":"2022-07-08T13:52:26","modified_gmt":"2022-07-08T13:52:26","slug":"japon-ce-que-lon-sait-du-meurtre-de-lancien-premier-ministre-shinzo-abe","status":"publish","type":"post","link":"https:\/\/www.iceagetv.com\/radiosite\/japon-ce-que-lon-sait-du-meurtre-de-lancien-premier-ministre-shinzo-abe\/","title":{"rendered":"Japon : ce que l&rsquo;on sait du meurtre de l&rsquo;ancien Premier ministre Shinzo Abe"},"content":{"rendered":"\n<p>L&rsquo;attaque s&rsquo;est produite lors d&rsquo;un rassemblement \u00e9lectoral. Des coups de feu ont vis\u00e9 et atteint\u00a0<a href=\"https:\/\/www.francetvinfo.fr\/monde\/japon\/japon-l-ancien-premier-ministre-shinzo-abe-grievement-blesse-par-balle-lors-d-un-discours-un-suspect-interpelle_5244484.html\">l&rsquo;ancien Premier ministre japonais Shinzo Abe<\/a>, lors d&rsquo;un rassemblement \u00e9lectoral \u00e0 Nara (ouest du Japon), vendredi 8\u00a0juillet.\u00a0Transport\u00e9 dans un\u00a0<em>\u00ab\u00a0\u00e9tat tr\u00e8s grave\u00a0\u00bb<\/em>\u00a0\u00e0 l&rsquo;h\u00f4pital, Shinzo Abe, 67 ans, est mort quelques heures plus tard, a annonc\u00e9 l&rsquo;h\u00f4pital de Nara, confirmant une information de la cha\u00eene NHK. Un suspect a \u00e9t\u00e9 arr\u00eat\u00e9. <\/p>\n","protected":false},"excerpt":{"rendered":"<p>L&rsquo;attaque s&rsquo;est produite lors d&rsquo;un rassemblement \u00e9lectoral. Des coups de feu ont vis\u00e9 et atteint\u00a0l&rsquo;ancien Premier ministre japonais Shinzo Abe, lors d&rsquo;un rassemblement \u00e9lectoral \u00e0 Nara (ouest du Japon), vendredi 8\u00a0juillet.\u00a0Transport\u00e9 dans un\u00a0\u00ab\u00a0\u00e9tat tr\u00e8s grave\u00a0\u00bb\u00a0\u00e0 l&rsquo;h\u00f4pital, Shinzo Abe, 67 ans, est mort quelques heures plus tard, a annonc\u00e9 l&rsquo;h\u00f4pital de Nara, confirmant une information de [&hellip;]<\/p>\n","protected":false},"author":2,"featured_media":21891,"comment_status":"open","ping_status":"open","sticky":false,"template":"","format":"standard","meta":{"_jetpack_memberships_contains_paid_content":false,"footnotes":"","jetpack_publicize_message":"","jetpack_publicize_feature_enabled":true,"jetpack_social_post_already_shared":true,"jetpack_social_options":{"image_generator_settings":{"template":"highway","default_image_id":0,"font":"","enabled":false},"version":2},"_wpas_customize_per_network":false},"categories":[405],"tags":[],"class_list":["post-21890","post","type-post","status-publish","format-standard","has-post-thumbnail","hentry","category-actu-france-monde"],"jetpack_publicize_connections":[],"jetpack_featured_media_url":"https:\/\/i0.wp.com\/www.iceagetv.com\/radiosite\/wp-content\/uploads\/2022\/07\/phpEi3niH.webp?fit=944%2C531&ssl=1","jetpack_sharing_enabled":true,"_links":{"self":[{"href":"https:\/\/www.iceagetv.com\/radiosite\/wp-json\/wp\/v2\/posts\/21890","targetHints":{"allow":["GET"]}}],"collection":[{"href":"https:\/\/www.iceagetv.com\/radiosite\/wp-json\/wp\/v2\/posts"}],"about":[{"href":"https:\/\/www.iceagetv.com\/radiosite\/wp-json\/wp\/v2\/types\/post"}],"author":[{"embeddable":true,"href":"https:\/\/www.iceagetv.com\/radiosite\/wp-json\/wp\/v2\/users\/2"}],"replies":[{"embeddable":true,"href":"https:\/\/www.iceagetv.com\/radiosite\/wp-json\/wp\/v2\/comments?post=21890"}],"version-history":[{"count":1,"href":"https:\/\/www.iceagetv.com\/radiosite\/wp-json\/wp\/v2\/posts\/21890\/revisions"}],"predecessor-version":[{"id":21892,"href":"https:\/\/www.iceagetv.com\/radiosite\/wp-json\/wp\/v2\/posts\/21890\/revisions\/21892"}],"wp:featuredmedia":[{"embeddable":true,"href":"https:\/\/www.iceagetv.com\/radiosite\/wp-json\/wp\/v2\/media\/21891"}],"wp:attachment":[{"href":"https:\/\/www.iceagetv.com\/radiosite\/wp-json\/wp\/v2\/media?parent=21890"}],"wp:term":[{"taxonomy":"category","embeddable":true,"href":"https:\/\/www.iceagetv.com\/radiosite\/wp-json\/wp\/v2\/categories?post=21890"},{"taxonomy":"post_tag","embeddable":true,"href":"https:\/\/www.iceagetv.com\/radiosite\/wp-json\/wp\/v2\/tags?post=21890"}],"curies":[{"name":"wp","href":"https:\/\/api.w.org\/{rel}","templated":true}]}}