{"id":21894,"date":"2022-07-09T17:10:21","date_gmt":"2022-07-09T17:10:21","guid":{"rendered":"http:\/\/www.iceagetv.com\/radiosite\/?p=21894"},"modified":"2022-07-09T17:10:21","modified_gmt":"2022-07-09T17:10:21","slug":"energie-des-aides-ciblees-pourraient-remplacer-le-bouclier-tarifaire","status":"publish","type":"post","link":"https:\/\/www.iceagetv.com\/radiosite\/energie-des-aides-ciblees-pourraient-remplacer-le-bouclier-tarifaire\/","title":{"rendered":"Energie : des aides cibl\u00e9es pourraient remplacer le bouclier tarifaire"},"content":{"rendered":"\n<p>Passer d&rsquo;un dispositif d&rsquo;aide global&nbsp;\u00e0&nbsp;un accompagnement orient\u00e9 vers les plus modestes, afin de soulager les finances publiques face \u00e0 l&rsquo;explosion des cours de l&rsquo;\u00e9nergie. C&rsquo;est la voie qu&rsquo;a \u00e9voqu\u00e9 samedi la Premi\u00e8re ministre, Elisabeth Borne, en marge des Rencontres \u00e9conomiques d&rsquo;Aix-en-Provence.<\/p>\n\n\n\n<blockquote class=\"wp-block-quote is-layout-flow wp-block-quote-is-layout-flow\"><p><em>\u00ab&nbsp;Le travail est en cours [&#8230;] On ne va pas exposer les Fran\u00e7ais les plus modestes \u00e0 des hausses inconsid\u00e9r\u00e9es du prix de l&rsquo;\u00e9nergie. [&#8230;] Mais il faut passer de m\u00e9canismes g\u00e9n\u00e9raux \u00e0 des m\u00e9canismes plus cibl\u00e9s&nbsp;\u00bb, a pr\u00e9cis\u00e9 la cheffe du gouvernement devant la presse.<\/em><\/p><\/blockquote>\n\n\n\n<p>Et pour cause, la facture du bouclier tarifaire mis en place l&rsquo;an dernier par l&rsquo;Etat et r\u00e9cemment prolong\u00e9 jusqu&rsquo;\u00e0 fin 2022 devrait s&rsquo;av\u00e9rer tr\u00e8s sal\u00e9e. \u00ab&nbsp;<em>Plus de 20 milliards d&rsquo;euros<\/em>&nbsp;\u00bb, soulignait d\u00e9j\u00e0 le ministre de l&rsquo;Economie, Bruno Le Maire, en mars dernier &#8211; au moment o\u00f9 que le dispositif ne devait durer que jusqu&rsquo;au printemps. Or, \u00ab&nbsp;<em>s&rsquo;il n&rsquo;y avait pas de bouclier<\/em>&nbsp;\u00bb sur le prix du gaz ni de plafonnement sur les prix de l&rsquo;\u00e9lectricit\u00e9, \u00ab&nbsp;<em>l&rsquo;\u00e9lectricit\u00e9 serait un tiers plus ch\u00e8re, et le gaz 45 \u00e0 50%&nbsp;<\/em>\u00bb plus cher, a point\u00e9 samedi Elisabeth Borne.<\/p>\n\n\n\n<blockquote class=\"wp-block-quote is-layout-flow wp-block-quote-is-layout-flow\"><p><em>\u00ab&nbsp;On n&rsquo;imagine pas demander aux Fran\u00e7ais, \u00e0 commencer par les Fran\u00e7ais modestes, de payer leur gaz 45% plus cher ou leur \u00e9lectricit\u00e9 un tiers plus ch\u00e8re&nbsp;\u00bb, a-t-elle affirm\u00e9.<\/em><\/p><\/blockquote>\n\n\n\n<p>L&rsquo;ex\u00e9cutif pourrait donc s&rsquo;orienter vers un all\u00e8gement progressif du bouclier, qui s&rsquo;applique aujourd&rsquo;hui sans conditions de ressources, afin de lui pr\u00e9f\u00e9rer des m\u00e9canismes orient\u00e9s vers les m\u00e9nages les moins ais\u00e9s. A l&rsquo;instar du ch\u00e8que \u00e9nergie de 100 euros distribu\u00e9 l&rsquo;ann\u00e9e derni\u00e8re \u00e0 5,8 millions de m\u00e9nages, ou encore de l&rsquo;indemnit\u00e9 carburant de 100 \u00e0 300&nbsp;euros octroy\u00e9e aux travailleurs modestes.<\/p>\n","protected":false},"excerpt":{"rendered":"<p>Passer d&rsquo;un dispositif d&rsquo;aide global&nbsp;\u00e0&nbsp;un accompagnement orient\u00e9 vers les plus modestes, afin de soulager les finances publiques face \u00e0 l&rsquo;explosion des cours de l&rsquo;\u00e9nergie. C&rsquo;est la voie qu&rsquo;a \u00e9voqu\u00e9 samedi la Premi\u00e8re ministre, Elisabeth Borne, en marge des Rencontres \u00e9conomiques d&rsquo;Aix-en-Provence. \u00ab&nbsp;Le travail est en cours [&#8230;] On ne va pas exposer les Fran\u00e7ais les [&hellip;]<\/p>\n","protected":false},"author":2,"featured_media":21895,"comment_status":"open","ping_status":"open","sticky":false,"template":"","format":"standard","meta":{"_jetpack_memberships_contains_paid_content":false,"footnotes":"","jetpack_publicize_message":"","jetpack_publicize_feature_enabled":true,"jetpack_social_post_already_shared":true,"jetpack_social_options":{"image_generator_settings":{"template":"highway","default_image_id":0,"font":"","enabled":false},"version":2},"_wpas_customize_per_network":false},"categories":[405],"tags":[],"class_list":["post-21894","post","type-post","status-publish","format-standard","has-post-thumbnail","hentry","category-actu-france-monde"],"jetpack_publicize_connections":[],"jetpack_featured_media_url":"https:\/\/i0.wp.com\/www.iceagetv.com\/radiosite\/wp-content\/uploads\/2022\/07\/mobilisation-incertaine-contre-la-hausse-des-carburants.jpg?fit=612%2C306&ssl=1","jetpack_sharing_enabled":true,"_links":{"self":[{"href":"https:\/\/www.iceagetv.com\/radiosite\/wp-json\/wp\/v2\/posts\/21894","targetHints":{"allow":["GET"]}}],"collection":[{"href":"https:\/\/www.iceagetv.com\/radiosite\/wp-json\/wp\/v2\/posts"}],"about":[{"href":"https:\/\/www.iceagetv.com\/radiosite\/wp-json\/wp\/v2\/types\/post"}],"author":[{"embeddable":true,"href":"https:\/\/www.iceagetv.com\/radiosite\/wp-json\/wp\/v2\/users\/2"}],"replies":[{"embeddable":true,"href":"https:\/\/www.iceagetv.com\/radiosite\/wp-json\/wp\/v2\/comments?post=21894"}],"version-history":[{"count":1,"href":"https:\/\/www.iceagetv.com\/radiosite\/wp-json\/wp\/v2\/posts\/21894\/revisions"}],"predecessor-version":[{"id":21896,"href":"https:\/\/www.iceagetv.com\/radiosite\/wp-json\/wp\/v2\/posts\/21894\/revisions\/21896"}],"wp:featuredmedia":[{"embeddable":true,"href":"https:\/\/www.iceagetv.com\/radiosite\/wp-json\/wp\/v2\/media\/21895"}],"wp:attachment":[{"href":"https:\/\/www.iceagetv.com\/radiosite\/wp-json\/wp\/v2\/media?parent=21894"}],"wp:term":[{"taxonomy":"category","embeddable":true,"href":"https:\/\/www.iceagetv.com\/radiosite\/wp-json\/wp\/v2\/categories?post=21894"},{"taxonomy":"post_tag","embeddable":true,"href":"https:\/\/www.iceagetv.com\/radiosite\/wp-json\/wp\/v2\/tags?post=21894"}],"curies":[{"name":"wp","href":"https:\/\/api.w.org\/{rel}","templated":true}]}}