{"id":21899,"date":"2022-07-17T11:52:37","date_gmt":"2022-07-17T11:52:37","guid":{"rendered":"https:\/\/www.iceagetv.com\/radiosite\/?p=21899"},"modified":"2022-07-17T11:52:37","modified_gmt":"2022-07-17T11:52:37","slug":"une-centaine-de-personnalites-y-compris-de-la-majorite-presidentielle-denoncent-ce-matin-dans-le-jdd-les-propos-homophobes-de-la-ministre-caroline-cayeux","status":"publish","type":"post","link":"https:\/\/www.iceagetv.com\/radiosite\/une-centaine-de-personnalites-y-compris-de-la-majorite-presidentielle-denoncent-ce-matin-dans-le-jdd-les-propos-homophobes-de-la-ministre-caroline-cayeux\/","title":{"rendered":"Une centaine de personnalit\u00e9s, y compris de la majorit\u00e9 pr\u00e9sidentielle, d\u00e9noncent ce matin dans le JDD, les \u00ab\u00a0propos homophobes\u00a0\u00bb de la ministre Caroline Cayeux"},"content":{"rendered":"\n<p>Une centaine de personnalit\u00e9s de tous horizons, y compris de la majorit\u00e9 pr\u00e9sidentielle, d\u00e9noncent ce matin dans le JDD, les \u00ab\u00a0propos homophobes\u00a0\u00bb de la ministre Caroline Cayeux. \u00ab\u00a0Comment accepter les propos tenus par la ministre charg\u00e9e des Collectivit\u00e9s territoriales \u00e0 la veille de la f\u00eate nationale\u00a0\u00bb, s&rsquo;interrogent notamment les signataires,<strong>&nbsp;parmi lesquels figurent, au rayon politique, l&rsquo;ancien Premier ministre Manuel Valls, les d\u00e9put\u00e9s de la majorit\u00e9 Jo\u00ebl Giraud, David Valence, Rapha\u00ebl G\u00e9rard, Quentin Bataillon, ou encore les maires de Paris Centre Ariel Weil (PS), du 5e arrondissement Florence Berthout (DVD), du 6e arrondissement Jean-Pierre Lecoq (LR) et du 9e arrondissement Delphine B\u00fcrkli (Horizons), ainsi que la 1re adjointe au maire de Marseille Mich\u00e8le Rubirola (EELV).<\/strong><\/p>\n\n\n\n<p>Caroline Cayeux, ministre des Collectivit\u00e9s territoriales, avait suscit\u00e9 la pol\u00e9mique cette semaine en r\u00e9pondant \u00e0 Public S\u00e9nat, qui l&rsquo;interrogeait sur d&rsquo;anciennes d\u00e9clarations datant de 2013 \u00ab\u00a0sur le mariage pour tous et l&rsquo;adoption pour les couples de m\u00eame sexe, qualifi\u00e9es de r\u00e9forme de caprice et de dessein qui va contre la nature\u00a0\u00bb.<\/p>\n\n\n\n<p>La ministre avait d&rsquo;abord dit: \u00ab\u00a0Je maintiens \u00e9videmment mes propos. Mais j&rsquo;ai toujours dit que la loi, si elle \u00e9tait vot\u00e9e, je l&rsquo;appliquerais\u00a0\u00bb. Et d&rsquo;ajouter: \u00ab\u00a0Je dois vous dire quand m\u00eame j&rsquo;ai beaucoup d&rsquo;amis parmi ces gens-l\u00e0. Franchement, c&rsquo;est un mauvais proc\u00e8s qu&rsquo;on me fait et \u00e7a m&rsquo;a beaucoup contrari\u00e9e\u00a0\u00bb.<\/p>\n\n\n\n<p>Face au toll\u00e9, Caroline Cayeux avait r\u00e9trop\u00e9dal\u00e9 jeudi soir dans Le Parisien, en rappelant que les propos, qu&rsquo;elle juge d\u00e9sormais \u00ab\u00a0stupides et maladroits\u00a0\u00bb, \u00ab\u00a0remontent \u00e0 dix ans\u00a0\u00bb. \u00ab\u00a0Et si je ne peux nier les avoir tenus, \u00e9videmment que je ne les utiliserais plus et les regrette\u00a0\u00bb, avait-elle ajout\u00e9, en pr\u00e9sentant ses \u00ab\u00a0excuses les plus sinc\u00e8res\u00a0\u00bb.<\/p>\n\n\n\n<p>\u00ab\u00a0Seul un juge devrait en d\u00e9cider\u00a0\u00bb<\/p>\n\n\n\n<p>\u00ab\u00a0La question n&rsquo;est pas de savoir si cette nouvelle ministre a, dans son entourage, des amis parmi \u00ab\u00a0ces gens-l\u00e0\u00a0\u00bb, comme un masque sur ses pr\u00e9jug\u00e9s\u00a0\u00bb, \u00e9crivent les signataires de la tribune. \u00ab\u00a0Elle a choisi d\u00e9lib\u00e9r\u00e9ment de maintenir des propos homophobes: c&rsquo;est certainement r\u00e9pr\u00e9hensible. Et seul un juge devrait en d\u00e9cider\u00a0\u00bb, ajoutent-ils, alors que plusieurs associations ont annonc\u00e9 mercredi avoir d\u00e9pos\u00e9 plainte \u00e0 Paris.<\/p>\n\n\n\n<p>\u00ab\u00a0En revanche, la question est de savoir si le gouvernement, dans son devoir de solidarit\u00e9, valide la position d&rsquo;un de ses membres, et si la majorit\u00e9 souscrit \u00e0 son attitude\u00a0\u00bb, soulignent les participants. \u00ab\u00a0Ses propos meurtrissent personnellement beaucoup d&rsquo;entre nous, mais surtout ils mettent \u00e0 mal nos efforts quotidiens pour faire respecter les principes r\u00e9publicains dans nos territoires\u00a0\u00bb, soulignent-ils, estimant que les \u00ab\u00a0regrets\u00a0\u00bb de Mme Cayeux n&rsquo;ont pas la \u00ab\u00a0force de la sinc\u00e9rit\u00e9\u00a0\u00bb.<\/p>\n","protected":false},"excerpt":{"rendered":"<p>Une centaine de personnalit\u00e9s de tous horizons, y compris de la majorit\u00e9 pr\u00e9sidentielle, d\u00e9noncent ce matin dans le JDD, les \u00ab\u00a0propos homophobes\u00a0\u00bb de la ministre Caroline Cayeux. \u00ab\u00a0Comment accepter les propos tenus par la ministre charg\u00e9e des Collectivit\u00e9s territoriales \u00e0 la veille de la f\u00eate nationale\u00a0\u00bb, s&rsquo;interrogent notamment les signataires,&nbsp;parmi lesquels figurent, au rayon politique, [&hellip;]<\/p>\n","protected":false},"author":2,"featured_media":21900,"comment_status":"open","ping_status":"open","sticky":false,"template":"","format":"standard","meta":{"_jetpack_memberships_contains_paid_content":false,"footnotes":"","jetpack_publicize_message":"","jetpack_publicize_feature_enabled":true,"jetpack_social_post_already_shared":true,"jetpack_social_options":{"image_generator_settings":{"template":"highway","default_image_id":0,"font":"","enabled":false},"version":2},"_wpas_customize_per_network":false},"categories":[405],"tags":[3061,3062],"class_list":["post-21899","post","type-post","status-publish","format-standard","has-post-thumbnail","hentry","category-actu-france-monde","tag-une-centaine-de-personnalites","tag-y-compris-de-la-majorite-presidentielle"],"jetpack_publicize_connections":[],"jetpack_featured_media_url":"https:\/\/i0.wp.com\/www.iceagetv.com\/radiosite\/wp-content\/uploads\/2022\/07\/Une-centaine-de-personnalites-y-compris-de-la-majorite-presidentielle.png?fit=634%2C344&ssl=1","jetpack_sharing_enabled":true,"_links":{"self":[{"href":"https:\/\/www.iceagetv.com\/radiosite\/wp-json\/wp\/v2\/posts\/21899","targetHints":{"allow":["GET"]}}],"collection":[{"href":"https:\/\/www.iceagetv.com\/radiosite\/wp-json\/wp\/v2\/posts"}],"about":[{"href":"https:\/\/www.iceagetv.com\/radiosite\/wp-json\/wp\/v2\/types\/post"}],"author":[{"embeddable":true,"href":"https:\/\/www.iceagetv.com\/radiosite\/wp-json\/wp\/v2\/users\/2"}],"replies":[{"embeddable":true,"href":"https:\/\/www.iceagetv.com\/radiosite\/wp-json\/wp\/v2\/comments?post=21899"}],"version-history":[{"count":1,"href":"https:\/\/www.iceagetv.com\/radiosite\/wp-json\/wp\/v2\/posts\/21899\/revisions"}],"predecessor-version":[{"id":21901,"href":"https:\/\/www.iceagetv.com\/radiosite\/wp-json\/wp\/v2\/posts\/21899\/revisions\/21901"}],"wp:featuredmedia":[{"embeddable":true,"href":"https:\/\/www.iceagetv.com\/radiosite\/wp-json\/wp\/v2\/media\/21900"}],"wp:attachment":[{"href":"https:\/\/www.iceagetv.com\/radiosite\/wp-json\/wp\/v2\/media?parent=21899"}],"wp:term":[{"taxonomy":"category","embeddable":true,"href":"https:\/\/www.iceagetv.com\/radiosite\/wp-json\/wp\/v2\/categories?post=21899"},{"taxonomy":"post_tag","embeddable":true,"href":"https:\/\/www.iceagetv.com\/radiosite\/wp-json\/wp\/v2\/tags?post=21899"}],"curies":[{"name":"wp","href":"https:\/\/api.w.org\/{rel}","templated":true}]}}