{"id":21902,"date":"2022-07-17T11:55:42","date_gmt":"2022-07-17T11:55:42","guid":{"rendered":"https:\/\/www.iceagetv.com\/radiosite\/?p=21902"},"modified":"2022-07-17T11:55:42","modified_gmt":"2022-07-17T11:55:42","slug":"canicule-et-incendies-37-departements-et-landorre-places-ce-matin-en-vigilance-orange-par-meteo-france-jusqua-40-degres-dans-le-sud-ouest","status":"publish","type":"post","link":"https:\/\/www.iceagetv.com\/radiosite\/canicule-et-incendies-37-departements-et-landorre-places-ce-matin-en-vigilance-orange-par-meteo-france-jusqua-40-degres-dans-le-sud-ouest\/","title":{"rendered":"Canicule et incendies: 37 d\u00e9partements et l&rsquo;Andorre plac\u00e9s ce matin en vigilance orange par M\u00e9t\u00e9o France &#8211; Jusqu&rsquo;\u00e0 40 degr\u00e9s dans le Sud-Ouest"},"content":{"rendered":"\n<p>La pr\u00e9fecture de la Gironde indique \u00e9voque \u00ab\u00a0Plusieurs reprises de feu cette nuit ont menac\u00e9 les campings de la dune du Pilat qui ont d\u00fb \u00eatre \u00e9vacu\u00e9s de leurs gardiens.\u00a0\u00bb<\/p>\n\n\n\n<p>Depuis vingt ans, pr\u00e8s de 89 kilom\u00e8tres de tuyaux d&rsquo;une eau \u00e0 4\u00b0C circulent sous les pieds des Parisiens afin de maintenir au frais plusieurs sites embl\u00e9matiques de la capitale, comme le Louvre ou l&rsquo;Assembl\u00e9e nationale.&nbsp;Avec des vagues de chaleur toujours plus fr\u00e9quentes, Paris souhaite agrandir son r\u00e9seau m\u00e9connu de \u00ab\u00a0froid urbain\u00a0\u00bb pour maintenir \u00e0 bonne temp\u00e9rature ses monuments gr\u00e2ce \u00e0 l&rsquo;eau de la Seine.<\/p>\n\n\n\n<p>La ville Paris, qui ambitionne de devenir \u00ab\u00a0le plus gros r\u00e9seau mondial de froid\u00a0\u00bb d&rsquo;ici 2040, a sign\u00e9 un contrat d&rsquo;une dur\u00e9e de 20 ans avec le groupe \u00e9nerg\u00e9tique Engie, qui d\u00e9tient 85% des parts de la soci\u00e9t\u00e9 Fra\u00eecheur de Paris, et la RATP, qui poss\u00e8de les parts restantes.<\/p>\n\n\n\n<p>\u00ab\u00a0Tous les arrondissements seront desservis en 2042\u00a0\u00bb, annonce Dan Lert, adjoint \u00e0 la maire de Paris en charge de l&rsquo;eau.<\/p>\n\n\n\n<p>D\u00e9velopper le r\u00e9seau de froid permet d&rsquo;\u00e9viter le recours \u00e0 \u00ab\u00a0l&rsquo;usage intense\u00a0\u00bb de la climatisation individuelle, gourmande en \u00e9lectricit\u00e9 et \u00e9mettrice de gaz \u00e0 effets de serre.<\/p>\n\n\n\n<p>Christophe Ladaurade, directeur commercial chez Engie, propose avec la mairie de s&rsquo;en tenir \u00e0 \u00ab\u00a0un \u00e9cart de 5 \u00e0 8 degr\u00e9s entre l&rsquo;ext\u00e9rieur et l&rsquo;int\u00e9rieur\u00a0\u00bb, comme le permet de r\u00e9seau de froid.<\/p>\n\n\n\n<p>A l&rsquo;avenir, ce r\u00e9seau de froid circulera dans tous les h\u00f4pitaux parisiens, certaines \u00e9coles et dans des stations de m\u00e9tro.<\/p>\n\n\n\n<p>Sur la rive droite du pont des Invalides, un discret escalier en colima\u00e7on m\u00e8ne au \u00ab\u00a0Canada\u00a0\u00bb &#8211;comme la place \u00e9ponyme o\u00f9 il se situe&#8211; une station de refroidissement de l&rsquo;eau \u00e0 quarante m\u00e8tres de profondeur, o\u00f9 se situe un d\u00e9dale de pompes et tuyaux verts, bleus et gris.<\/p>\n\n\n\n<p>Sur l&rsquo;un des quatre niveaux de cette station, entr\u00e9e en service en 2008, l&rsquo;eau de la Seine est filtr\u00e9e, puis descend dans d&rsquo;autres tubes o\u00f9 une paroi la s\u00e9pare du circuit ferm\u00e9 de refroidissement.<\/p>\n\n\n\n<p>-Cycle vertueux-<\/p>\n\n\n\n<p>A l&rsquo;\u00e9tage du dessous, une pompe met sous pression un groupe frigorig\u00e8ne afin de refroidir l&rsquo;eau et l&rsquo;injecte dans le circuit souterrain. Le syst\u00e8me fonctionne en quasi autonomie, pilot\u00e9 par deux techniciens \u00e0 distance, depuis une centrale situ\u00e9e pr\u00e8s de la gare de Lyon.<\/p>\n\n\n\n<p>Contrairement au chauffage urbain de Paris, le refroidissement par eau s&rsquo;adresse en majorit\u00e9 \u00e0 des sites d&rsquo;activit\u00e9s tertiaires, et non \u00e0 des logements ou \u00e0 des particuliers.<\/p>\n\n\n\n<p>\u00ab\u00a0Nos clients sont des immeubles de bureaux, des centres commerciaux, des mus\u00e9es, des institutions ou encore des h\u00f4tels\u00a0\u00bb, r\u00e9sume Benoit Reydellet, directeur du projet Fra\u00eecheur de Paris.<\/p>\n\n\n\n<p>Le mus\u00e9e du Louvre, l&rsquo;Assembl\u00e9e nationale ou encore les studios de Radio France sont ainsi maintenus au frais, en partie, gr\u00e2ce \u00e0 l&rsquo;eau de la Seine.<\/p>\n\n\n\n<p>Le syst\u00e8me fonctionne toute l&rsquo;ann\u00e9e, puisque les grands magasins ou les mus\u00e9es ont besoin de garder des pi\u00e8ces au frais et de veiller au taux d&rsquo;humidit\u00e9 ambiante.<\/p>\n\n\n\n<p>L&rsquo;hiver, la centrale du Canada peut recourir au syst\u00e8me du \u00ab\u00a0free cooling\u00a0\u00bb, qui lui permet de produire du froid sans consommer d&rsquo;\u00e9lectricit\u00e9 en mettant \u00ab\u00a0directement l&rsquo;eau de la Seine en contact de l&rsquo;eau du r\u00e9seau\u00a0\u00bb, explique M. Reydellet.<\/p>\n\n\n\n<p>Le concessionnaire s&rsquo;est engag\u00e9 \u00e0 d\u00e9velopper de 2% \u00e0 11% cette production vertueuse, ce qui repr\u00e9sente un gain \u00e9nerg\u00e9tique d&rsquo;un an sur les vingt prochaines ann\u00e9es, la dur\u00e9e du nouveau contrat de concession, souligne-t-il.<\/p>\n\n\n\n<p>Le m\u00e9gawattheure de froid est factur\u00e9 137 euros aux clients. Du propre aveu de M. Reydellet, \u00ab\u00a0c&rsquo;est assez cher, mais bien plus vertueux que le froid produit par les installations autonomes\u00a0\u00bb comme les climatiseurs.<\/p>\n\n\n\n<p>Et la tuyauterie de froid permet aux clients de retirer de leurs toits les grilles et autres a\u00e9rations des climatiseurs, afin de disposer de toute la toiture.<\/p>\n\n\n\n<p>Quant \u00e0 l&rsquo;eau utilis\u00e9e, chauff\u00e9e par la centrale qui en a extrait le froid, elle finit par retrouver le fleuve \u00e0 travers quatre discr\u00e8tes voies d&rsquo;\u00e9vacuation. Les quelques degr\u00e9s d&rsquo;\u00e9cart avec la temp\u00e9rature ambiante n&rsquo;ont pas \u00ab\u00a0d&rsquo;impact sur la faune et la flore\u00a0\u00bb de la Seine, rassure Benoit Reydellet.<\/p>\n\n\n\n<p>\u00a0Les deux feux de for\u00eat qui font rage depuis mardi en Gironde ne sont toujours pas fix\u00e9s et ont d\u00e9truit au total, depuis mardi, 10.500 hectares de v\u00e9g\u00e9tation, selon un dernier bilan de la pr\u00e9fecture publi\u00e9 ce matin.<\/p>\n\n\n\n<p>Dans la nuit, \u00ab\u00a0plusieurs reprises de feu ont menac\u00e9 les campings de la dune du Pilat, qui ont d\u00fb \u00eatre \u00e9vacu\u00e9s de leurs gardiens\u00a0\u00bb, \u00e9crit-elle sur Twitter.<\/p>\n\n\n\n<p>Dans la nuit de mardi \u00e0 mercredi, les 6.000 personnes logeant dans cinq campings de cette zone tr\u00e8s touristique avaient \u00e9t\u00e9 \u00e9vacu\u00e9s par pr\u00e9caution.<\/p>\n\n\n\n<p>Sur ce secteur de la Teste-de-Buch, o\u00f9 le feu a peu progress\u00e9 dans la nuit &#8211; passant de 3.200 \u00e0 3.400 hectares partis en fum\u00e9e &#8211; \u00ab\u00a0la nuit a \u00e9t\u00e9 compliqu\u00e9e\u00a0\u00bb, relate \u00e0 l&rsquo;AFP le lieutenant-colonel Arnaud Mendousse.<\/p>\n\n\n\n<p>\u00ab\u00a0La strat\u00e9gie a \u00e9t\u00e9 de prot\u00e9ger les campings, ce qu&rsquo;on a r\u00e9ussi \u00e0 faire\u00a0\u00bb, explique le porte-parole des pompiers qui d\u00e9crit des \u00ab\u00a0\u00e9quipes fatigu\u00e9es\u00a0\u00bb.<\/p>\n\n\n\n<p>Le pr\u00e9sident du S\u00e9nat G\u00e9rard Larcher s&rsquo;est rendu \u00e0 leur rencontre dimanche matin au poste de commandement op\u00e9rationnel de la Teste-de-Buch, avant d&rsquo;aller \u00e0 Landiras.<\/p>\n\n\n\n<p>Sur cet autre front, le feu a \u00e9galement moins progress\u00e9 que la nuit derni\u00e8re, passant de 7.000 \u00e0 7.100 hectares br\u00fbl\u00e9s, gr\u00e2ce \u00e0 une \u00ab\u00a0strat\u00e9gie efficace\u00a0\u00bb via \u00ab\u00a0l&rsquo;allumage de feux tactiques et la cr\u00e9ation de pare-feux\u00a0\u00bb, ajoute le porte-parole des pompiers.<\/p>\n\n\n\n<p>Au total, ce sont plus de 14.000 habitants et vacanciers qui ont d\u00fb plier bagages en urgence depuis mardi. Sept centres d&rsquo;h\u00e9bergement d&rsquo;urgence et une cellule d&rsquo;urgence m\u00e9dico-psychologique ont \u00e9t\u00e9 ouverts pour soutenir les sinistr\u00e9s.<\/p>\n\n\n\n<p>Sur l&rsquo;ensemble des deux fronts, 1.200 soldats du feu sont mobilis\u00e9s, appuy\u00e9s par des bombardiers d&rsquo;eau (3 Canadair et 2 Dash).<\/p>\n\n\n\n<p>\u00ab\u00a0Beaucoup de renforts arrivent de la France enti\u00e8re\u00a0\u00bb, pr\u00e9cise M. Mendousse.<\/p>\n\n\n\n<p>Quatre d&rsquo;entre eux ont \u00e9t\u00e9 l\u00e9g\u00e8rement bless\u00e9s, un camion s&rsquo;est renvers\u00e9 et un autre a br\u00fbl\u00e9\u00a0\u00bb, a indiqu\u00e9 samedi soir la pr\u00e9fecture.<\/p>\n\n\n\n<p>Jeudi, la vigilance \u00ab\u00a0feux de for\u00eat\u00a0\u00bb \u00e9tait mont\u00e9e d&rsquo;un cran en Gironde passant en rouge (\u00e9chelle 4\/5), comme dans les Landes vendredi.<\/p>\n\n\n\n<p>Ces feux, qui n&rsquo;ont pas fait de victime, se sont d\u00e9clench\u00e9s au d\u00e9but de la vague de chaleur qui touche la France o\u00f9 les maximales resteront tr\u00e8s \u00e9lev\u00e9es jusqu&rsquo;en d\u00e9but de semaine prochaine, avec des valeurs entre 35\u00b0C et 40\u00b0C, et 41 degr\u00e9s localement dans le Sud-Ouest, selon M\u00e9t\u00e9o France.<\/p>\n\n\n\n<p>La Gironde est plac\u00e9e en vigilance orange \u00ab\u00a0canicule\u00a0\u00bb par M\u00e9t\u00e9o France, comme 36 autres d\u00e9partements.<\/p>\n","protected":false},"excerpt":{"rendered":"<p>La pr\u00e9fecture de la Gironde indique \u00e9voque \u00ab\u00a0Plusieurs reprises de feu cette nuit ont menac\u00e9 les campings de la dune du Pilat qui ont d\u00fb \u00eatre \u00e9vacu\u00e9s de leurs gardiens.\u00a0\u00bb Depuis vingt ans, pr\u00e8s de 89 kilom\u00e8tres de tuyaux d&rsquo;une eau \u00e0 4\u00b0C circulent sous les pieds des Parisiens afin de maintenir au frais plusieurs [&hellip;]<\/p>\n","protected":false},"author":2,"featured_media":21903,"comment_status":"open","ping_status":"open","sticky":false,"template":"","format":"standard","meta":{"_jetpack_memberships_contains_paid_content":false,"footnotes":"","jetpack_publicize_message":"","jetpack_publicize_feature_enabled":true,"jetpack_social_post_already_shared":true,"jetpack_social_options":{"image_generator_settings":{"template":"highway","default_image_id":0,"font":"","enabled":false},"version":2},"_wpas_customize_per_network":false},"categories":[405],"tags":[],"class_list":["post-21902","post","type-post","status-publish","format-standard","has-post-thumbnail","hentry","category-actu-france-monde"],"jetpack_publicize_connections":[],"jetpack_featured_media_url":"https:\/\/i0.wp.com\/www.iceagetv.com\/radiosite\/wp-content\/uploads\/2022\/07\/Canicule-et-incendies.jpg?fit=680%2C317&ssl=1","jetpack_sharing_enabled":true,"_links":{"self":[{"href":"https:\/\/www.iceagetv.com\/radiosite\/wp-json\/wp\/v2\/posts\/21902","targetHints":{"allow":["GET"]}}],"collection":[{"href":"https:\/\/www.iceagetv.com\/radiosite\/wp-json\/wp\/v2\/posts"}],"about":[{"href":"https:\/\/www.iceagetv.com\/radiosite\/wp-json\/wp\/v2\/types\/post"}],"author":[{"embeddable":true,"href":"https:\/\/www.iceagetv.com\/radiosite\/wp-json\/wp\/v2\/users\/2"}],"replies":[{"embeddable":true,"href":"https:\/\/www.iceagetv.com\/radiosite\/wp-json\/wp\/v2\/comments?post=21902"}],"version-history":[{"count":1,"href":"https:\/\/www.iceagetv.com\/radiosite\/wp-json\/wp\/v2\/posts\/21902\/revisions"}],"predecessor-version":[{"id":21904,"href":"https:\/\/www.iceagetv.com\/radiosite\/wp-json\/wp\/v2\/posts\/21902\/revisions\/21904"}],"wp:featuredmedia":[{"embeddable":true,"href":"https:\/\/www.iceagetv.com\/radiosite\/wp-json\/wp\/v2\/media\/21903"}],"wp:attachment":[{"href":"https:\/\/www.iceagetv.com\/radiosite\/wp-json\/wp\/v2\/media?parent=21902"}],"wp:term":[{"taxonomy":"category","embeddable":true,"href":"https:\/\/www.iceagetv.com\/radiosite\/wp-json\/wp\/v2\/categories?post=21902"},{"taxonomy":"post_tag","embeddable":true,"href":"https:\/\/www.iceagetv.com\/radiosite\/wp-json\/wp\/v2\/tags?post=21902"}],"curies":[{"name":"wp","href":"https:\/\/api.w.org\/{rel}","templated":true}]}}