{"id":2193,"date":"2015-06-12T07:17:06","date_gmt":"2015-06-12T07:17:06","guid":{"rendered":"http:\/\/www.iceagetv.com\/radiosite\/?p=2193"},"modified":"2015-06-12T07:17:06","modified_gmt":"2015-06-12T07:17:06","slug":"stephane-le-foll-reagit-face-a-la-colere-des-eleveurs-de-porcs-bretons","status":"publish","type":"post","link":"https:\/\/www.iceagetv.com\/radiosite\/stephane-le-foll-reagit-face-a-la-colere-des-eleveurs-de-porcs-bretons\/","title":{"rendered":"St\u00e9phane Le Foll r\u00e9agit face \u00e0 la col\u00e8re des \u00e9leveurs de porcs bretons"},"content":{"rendered":"<p>\n\tLe ministre de l&rsquo;Agriculture rencontre ce vendredi des &eacute;leveurs de porcs dans le Morbihan, &agrave; l&rsquo;occasion de leur congr&egrave;s annuel. Mais avant m&ecirc;me cette visite, un arr&ecirc;t&eacute; minist&eacute;riel a &eacute;t&eacute; publi&eacute; au Journal Officiel pour limiter la baisse des prix, face &agrave; la crise que traverse la fili&egrave;re porcine.\n<\/p>\n<p>\n\tLes temps sont durs pour les &eacute;leveurs de porcs. La rentabilit&eacute; des exploitations est en chute libre depuis des mois, impact&eacute;e par une baisse des prix dans les grandes surfaces et par la concurrence allemande et espagnole. Depuis quelques semaines, les actions coup de poings se multiplient notamment en Bretagne.\n<\/p>\n<p>\n\tDes producteurs endett&eacute;s, une fili&egrave;re au bord de la crise de nerfs\n<\/p>\n<p>\n\t&quot;On perd aujourd&rsquo;hui 20 euros par b&ecirc;te vendue&quot;,&nbsp;explique Herv&eacute; Denis, &eacute;leveur porcin &agrave; Berrien (Morbihan).&quot;&nbsp;La grande distribution casse les prix et nous sommes tous &eacute;trangl&eacute;s.&quot;&nbsp;Selon les responsables de la fili&egrave;re, la situation se d&eacute;grade depuis plusieurs ann&eacute;es et est aujourd&rsquo;hui au plus bas. Les supermarch&eacute;s ach&egrave;tent actuellement le porc 1,27 euros le kilo pour offrir des r&eacute;ductions imbattables &agrave; leurs clients. Les &eacute;leveurs estiment qu&rsquo;ils ont besoin de 15 centimes de plus pour rentrer dans leur frais.&nbsp;&quot;A la fin du mois, on a oubli&eacute; les salaires&quot;, souligne Herv&eacute; Denis. &quot;Maintenant, on ne gagne plus rien et on paie pour travailler.&quot;\n<\/p>\n<p>\n\tUn arr&ecirc;t&eacute; pour limiter les promotions en supermarch&eacute;s\n<\/p>\n<p>\n\tLes &eacute;leveurs sont bien d&eacute;cid&eacute;s &agrave; faire entendre leur col&egrave;re.&nbsp;Lundi 1 juin d&eacute;j&agrave;, St&eacute;phane le Foll a &eacute;t&eacute; chahut&eacute;&nbsp;par des producteurs lors d&rsquo;une visite dans le Finist&egrave;re.&nbsp;&quot;Maintenant, il doit tout simplement faire pression sur la grande distribution&quot;,&nbsp;estime Fr&eacute;d&eacute;ric Daniel, le pr&eacute;sident des Jeunes Agriculteurs du Morbihan. Ce vendredi apr&egrave;s-midi, une nouvelle rencontre est pr&eacute;vue au congr&egrave;s annuel de F&eacute;d&eacute;ration nationale porcine dans le Morbihan et le ministre de l&rsquo;Agriculture devra r&eacute;pondre directement aux inqui&eacute;tudes.\n<\/p>\n<p>\n\tMais St&eacute;phane Le Foll a pris les devants et un arr&ecirc;t&eacute; minist&eacute;riel a &eacute;t&eacute; publi&eacute; au Journal Officiel.&nbsp;Il limite les promotions sur la viande de porc fra&icirc;che &agrave; deux mois par an, en janvier et septembre.&nbsp;D&rsquo;ailleurs Intermarch&eacute; et Leclerc ont d&eacute;j&agrave; promis d&rsquo;augmenter le prix du kilo de cinq centimes par semaine, jusqu&rsquo;&agrave; arriver &agrave; 1,40 euros.&nbsp;\n<\/p>\n<p>\n\t&nbsp;<\/p>\n","protected":false},"excerpt":{"rendered":"<p>Le ministre de l&rsquo;Agriculture rencontre ce vendredi des &eacute;leveurs de porcs dans le Morbihan, &agrave; l&rsquo;occasion de leur congr&egrave;s annuel. Mais avant m&ecirc;me cette visite, un arr&ecirc;t&eacute; minist&eacute;riel a &eacute;t&eacute; publi&eacute; au Journal Officiel pour limiter la baisse des prix, face &agrave; la crise que traverse la fili&egrave;re porcine. Les temps sont durs pour les [&hellip;]<\/p>\n","protected":false},"author":2,"featured_media":2194,"comment_status":"open","ping_status":"open","sticky":false,"template":"","format":"standard","meta":{"_jetpack_memberships_contains_paid_content":false,"footnotes":"","jetpack_publicize_message":"","jetpack_publicize_feature_enabled":true,"jetpack_social_post_already_shared":false,"jetpack_social_options":{"image_generator_settings":{"template":"highway","default_image_id":0,"font":"","enabled":false},"version":2},"_wpas_customize_per_network":false},"categories":[405],"tags":[],"class_list":["post-2193","post","type-post","status-publish","format-standard","has-post-thumbnail","hentry","category-actu-france-monde"],"jetpack_publicize_connections":[],"jetpack_featured_media_url":"https:\/\/i0.wp.com\/www.iceagetv.com\/radiosite\/wp-content\/uploads\/2015\/06\/maxnewsworldthree763710.jpg?fit=635%2C357&ssl=1","jetpack_sharing_enabled":true,"_links":{"self":[{"href":"https:\/\/www.iceagetv.com\/radiosite\/wp-json\/wp\/v2\/posts\/2193","targetHints":{"allow":["GET"]}}],"collection":[{"href":"https:\/\/www.iceagetv.com\/radiosite\/wp-json\/wp\/v2\/posts"}],"about":[{"href":"https:\/\/www.iceagetv.com\/radiosite\/wp-json\/wp\/v2\/types\/post"}],"author":[{"embeddable":true,"href":"https:\/\/www.iceagetv.com\/radiosite\/wp-json\/wp\/v2\/users\/2"}],"replies":[{"embeddable":true,"href":"https:\/\/www.iceagetv.com\/radiosite\/wp-json\/wp\/v2\/comments?post=2193"}],"version-history":[{"count":1,"href":"https:\/\/www.iceagetv.com\/radiosite\/wp-json\/wp\/v2\/posts\/2193\/revisions"}],"predecessor-version":[{"id":2195,"href":"https:\/\/www.iceagetv.com\/radiosite\/wp-json\/wp\/v2\/posts\/2193\/revisions\/2195"}],"wp:featuredmedia":[{"embeddable":true,"href":"https:\/\/www.iceagetv.com\/radiosite\/wp-json\/wp\/v2\/media\/2194"}],"wp:attachment":[{"href":"https:\/\/www.iceagetv.com\/radiosite\/wp-json\/wp\/v2\/media?parent=2193"}],"wp:term":[{"taxonomy":"category","embeddable":true,"href":"https:\/\/www.iceagetv.com\/radiosite\/wp-json\/wp\/v2\/categories?post=2193"},{"taxonomy":"post_tag","embeddable":true,"href":"https:\/\/www.iceagetv.com\/radiosite\/wp-json\/wp\/v2\/tags?post=2193"}],"curies":[{"name":"wp","href":"https:\/\/api.w.org\/{rel}","templated":true}]}}