{"id":21944,"date":"2022-07-22T08:07:44","date_gmt":"2022-07-22T08:07:44","guid":{"rendered":"http:\/\/www.iceagetv.com\/radiosite\/?p=21944"},"modified":"2022-07-22T08:07:44","modified_gmt":"2022-07-22T08:07:44","slug":"le-projet-de-loi-pouvoir-dachat-adopte-avec-le-soutien-du-rn-et-lr-malgre-lopposition-de-la-nupes","status":"publish","type":"post","link":"https:\/\/www.iceagetv.com\/radiosite\/le-projet-de-loi-pouvoir-dachat-adopte-avec-le-soutien-du-rn-et-lr-malgre-lopposition-de-la-nupes\/","title":{"rendered":"LE PROJET DE LOI POUVOIR D&rsquo;ACHAT ADOPT\u00c9 AVEC LE SOUTIEN DU RN ET LR, MALGR\u00c9 L&rsquo;OPPOSITION DE LA NUPES"},"content":{"rendered":"\n<p>Apr\u00e8s&nbsp;<a href=\"https:\/\/www.bfmtv.com\/politique\/pouvoir-d-achat-une-derniere-nuit-agitee-a-l-assemblee-avant-l-adoption-du-projet-de-loi_VN-202207220053.html\">quatre jours et quatre nuits de d\u00e9bats houleux<\/a>,&nbsp;<a href=\"https:\/\/www.bfmtv.com\/politique\/qui-a-deja-touche-800-ou-900-euros-par-mois-ici-personne-rachel-keke-interpelle-la-majorite-a-l-assemblee_AN-202207210237.html\">tendus<\/a>, opposant surtout la majorit\u00e9 \u00e0 la coalition de gauche, le projet de loi pouvoir d&rsquo;achat&nbsp;<a href=\"https:\/\/www.bfmtv.com\/politique\/en-direct-les-deputes-ont-adopte-le-projet-de-loi-sur-le-pouvoir-d-achat-mais-les-debats-continuent-ce-vendredi_LN-202207220044.html\">a \u00e9t\u00e9 adopt\u00e9 ce vendredi au petit matin<\/a>. Ce premier texte-phare pour l&rsquo;ex\u00e9cutif et sa majorit\u00e9, visant notamment \u00e0 juguler l&rsquo;inflation, a recueilli les voix de 341 d\u00e9put\u00e9s. 116 parlementaires ont en revanche vot\u00e9 contre lui. Le d\u00e9tail des votes montre que les repr\u00e9sentants du Rassemblement national et des R\u00e9publicains ont joint leurs suffrages \u00e0 ceux de la majorit\u00e9 en faveur du dispositif, tandis que la Nupes s&rsquo;y est oppos\u00e9e, en vain.<\/p>\n\n\n\n<h2 class=\"wp-block-heading\">L&rsquo;opposition de droite et l&rsquo;extr\u00eame droite renforcent la majorit\u00e9<\/h2>\n\n\n\n<p>Dans les rangs de la majorit\u00e9 pr\u00e9sidentielle, on note l&rsquo;assentiment de 136 d\u00e9put\u00e9s Renaissance (le nouveau nom de La R\u00e9publique en marche, NDLR), 37 d\u00e9put\u00e9s MoDem, et 26 d\u00e9put\u00e9s Horizons, la formation fond\u00e9e par l&rsquo;ex-Premier ministre Edouard Philippe. Le groupe \u00ab\u00a0Libert\u00e9s, Ind\u00e9pendants, Outre-mer et Territoires\u00a0\u00bb, souvent compos\u00e9 d&rsquo;anciens transfuges de LaREM, a apport\u00e9 ses cinq bulletins pour appuyer le texte, comme cinq non-inscrits.<\/p>\n","protected":false},"excerpt":{"rendered":"<p>Apr\u00e8s&nbsp;quatre jours et quatre nuits de d\u00e9bats houleux,&nbsp;tendus, opposant surtout la majorit\u00e9 \u00e0 la coalition de gauche, le projet de loi pouvoir d&rsquo;achat&nbsp;a \u00e9t\u00e9 adopt\u00e9 ce vendredi au petit matin. Ce premier texte-phare pour l&rsquo;ex\u00e9cutif et sa majorit\u00e9, visant notamment \u00e0 juguler l&rsquo;inflation, a recueilli les voix de 341 d\u00e9put\u00e9s. 116 parlementaires ont en revanche [&hellip;]<\/p>\n","protected":false},"author":2,"featured_media":21945,"comment_status":"open","ping_status":"open","sticky":false,"template":"","format":"standard","meta":{"_jetpack_memberships_contains_paid_content":false,"footnotes":"","jetpack_publicize_message":"","jetpack_publicize_feature_enabled":true,"jetpack_social_post_already_shared":true,"jetpack_social_options":{"image_generator_settings":{"template":"highway","default_image_id":0,"font":"","enabled":false},"version":2},"_wpas_customize_per_network":false},"categories":[405],"tags":[],"class_list":["post-21944","post","type-post","status-publish","format-standard","has-post-thumbnail","hentry","category-actu-france-monde"],"jetpack_publicize_connections":[],"jetpack_featured_media_url":"https:\/\/i0.wp.com\/www.iceagetv.com\/radiosite\/wp-content\/uploads\/2022\/07\/L-hemicycle-du-Palais-Bourbon-a-Paris-le-6-octobre-2020-1172982.jpg?fit=1536%2C768&ssl=1","jetpack_sharing_enabled":true,"_links":{"self":[{"href":"https:\/\/www.iceagetv.com\/radiosite\/wp-json\/wp\/v2\/posts\/21944","targetHints":{"allow":["GET"]}}],"collection":[{"href":"https:\/\/www.iceagetv.com\/radiosite\/wp-json\/wp\/v2\/posts"}],"about":[{"href":"https:\/\/www.iceagetv.com\/radiosite\/wp-json\/wp\/v2\/types\/post"}],"author":[{"embeddable":true,"href":"https:\/\/www.iceagetv.com\/radiosite\/wp-json\/wp\/v2\/users\/2"}],"replies":[{"embeddable":true,"href":"https:\/\/www.iceagetv.com\/radiosite\/wp-json\/wp\/v2\/comments?post=21944"}],"version-history":[{"count":1,"href":"https:\/\/www.iceagetv.com\/radiosite\/wp-json\/wp\/v2\/posts\/21944\/revisions"}],"predecessor-version":[{"id":21946,"href":"https:\/\/www.iceagetv.com\/radiosite\/wp-json\/wp\/v2\/posts\/21944\/revisions\/21946"}],"wp:featuredmedia":[{"embeddable":true,"href":"https:\/\/www.iceagetv.com\/radiosite\/wp-json\/wp\/v2\/media\/21945"}],"wp:attachment":[{"href":"https:\/\/www.iceagetv.com\/radiosite\/wp-json\/wp\/v2\/media?parent=21944"}],"wp:term":[{"taxonomy":"category","embeddable":true,"href":"https:\/\/www.iceagetv.com\/radiosite\/wp-json\/wp\/v2\/categories?post=21944"},{"taxonomy":"post_tag","embeddable":true,"href":"https:\/\/www.iceagetv.com\/radiosite\/wp-json\/wp\/v2\/tags?post=21944"}],"curies":[{"name":"wp","href":"https:\/\/api.w.org\/{rel}","templated":true}]}}