{"id":21958,"date":"2022-07-23T07:27:12","date_gmt":"2022-07-23T07:27:12","guid":{"rendered":"http:\/\/www.iceagetv.com\/radiosite\/?p=21958"},"modified":"2022-07-23T07:27:12","modified_gmt":"2022-07-23T07:27:12","slug":"apres-la-fusillade-a-paris-rue-popincourt-un-mineur-mis-en-examen","status":"publish","type":"post","link":"https:\/\/www.iceagetv.com\/radiosite\/apres-la-fusillade-a-paris-rue-popincourt-un-mineur-mis-en-examen\/","title":{"rendered":"Apr\u00e8s la fusillade \u00e0 Paris rue Popincourt, un mineur mis en examen"},"content":{"rendered":"\n<p>Un mineur \u00e2g\u00e9 de 16 ans, soup\u00e7onn\u00e9 d\u2019\u00eatre l\u2019un des auteurs de&nbsp;<a href=\"https:\/\/www.huffingtonpost.fr\/entry\/fusillade-rue-de-popincourt-a-paris-un-mort-et-4-blesses_fr_62d5ca55e4b0ed8ba4929489\">la fusillade qui a fait un mort et quatre bless\u00e9s \u00e0 Paris<\/a>&nbsp;lundi soir, a \u00e9t\u00e9 mis en examen et incarc\u00e9r\u00e9, a-t-on appris ce samedi 23 juillet de source judiciaire.&nbsp;<\/p>\n\n\n\n<p>\u00c0 l\u2019issue de pr\u00e8s de quatre jours de garde \u00e0 vue, l\u2019<a href=\"https:\/\/www.huffingtonpost.fr\/entry\/labello-challenge-preoccupe-marque-baumes-a-levres_fr_627cfbb9e4b06ce0a1b2ec42\">adolescent<\/a>&nbsp;a \u00e9t\u00e9&nbsp;<a href=\"https:\/\/www.huffingtonpost.fr\/entry\/isabelle-adjani-mise-en-examen-depuis-2020-pour-escroquerie_fr_62b5f7f2e4b06169caa674ae\">mis en examen<\/a>&nbsp;vendredi soir pour \u201cassassinat en bande organis\u00e9e, tentative d\u2019assassinat en bande organis\u00e9e, acquisition et d\u00e9tention sans autorisation d\u2019<a href=\"https:\/\/www.huffingtonpost.fr\/entry\/aux-etats-unis-une-loi-pour-limiter-les-armes-a-feu-recueille-laccord-du-congres_fr_62b2bb9ae4b04a6173633e25\" target=\"_blank\" rel=\"noreferrer noopener\">armes de cat\u00e9gories A et B<\/a>&nbsp;en r\u00e9union, et association de malfaiteurs en vue de crimes et d\u00e9lits\u201d, a pr\u00e9cis\u00e9 la source judiciaire.<\/p>\n\n\n\n<p>Le jeune suspect a \u00e9t\u00e9 plac\u00e9 en d\u00e9tention provisoire, conform\u00e9ment aux r\u00e9quisitions du parquet,\u00a0Son complice \u00e9tait toujours en fuite samedi, a ajout\u00e9 une source proche de l\u2019enqu\u00eate<\/p>\n\n\n\n<h2 class=\"wp-block-heading\"><strong>La th\u00e8se du&nbsp;<\/strong><strong>r\u00e8glement<\/strong><strong>&nbsp;de compte&nbsp;<\/strong><strong>privil\u00e9gi\u00e9e<\/strong><\/h2>\n\n\n\n<p>Lundi vers 21h30, une voiture s\u2019est arr\u00eat\u00e9e devant un caf\u00e9 rue Popincourt, dans le XIe arrondissement de&nbsp;<a href=\"https:\/\/www.huffingtonpost.fr\/entry\/rouvrir-notre-dame-en-2024-un-objectif-tendu-et-complique-admet-georgelin_fr_62dadf47e4b06e213fbee7ca\">Paris<\/a>. Deux individus en sont sortis et ont vis\u00e9 avec des armes \u00e0 feu deux hommes attabl\u00e9s en terrasse.<\/p>\n\n\n\n<p>L\u2019un des deux hommes, \u00e2g\u00e9 de 38 ans, a \u00e9t\u00e9 tu\u00e9 et quatre personnes ont \u00e9t\u00e9 bless\u00e9es mais pas par balles, selon les premiers \u00e9l\u00e9ments recueillis par la pr\u00e9fecture de police.<\/p>\n","protected":false},"excerpt":{"rendered":"<p>Un mineur \u00e2g\u00e9 de 16 ans, soup\u00e7onn\u00e9 d\u2019\u00eatre l\u2019un des auteurs de&nbsp;la fusillade qui a fait un mort et quatre bless\u00e9s \u00e0 Paris&nbsp;lundi soir, a \u00e9t\u00e9 mis en examen et incarc\u00e9r\u00e9, a-t-on appris ce samedi 23 juillet de source judiciaire.&nbsp; \u00c0 l\u2019issue de pr\u00e8s de quatre jours de garde \u00e0 vue, l\u2019adolescent&nbsp;a \u00e9t\u00e9&nbsp;mis en examen&nbsp;vendredi [&hellip;]<\/p>\n","protected":false},"author":2,"featured_media":21959,"comment_status":"open","ping_status":"open","sticky":false,"template":"","format":"standard","meta":{"_jetpack_memberships_contains_paid_content":false,"footnotes":"","jetpack_publicize_message":"","jetpack_publicize_feature_enabled":true,"jetpack_social_post_already_shared":true,"jetpack_social_options":{"image_generator_settings":{"template":"highway","default_image_id":0,"font":"","enabled":false},"version":2},"_wpas_customize_per_network":false},"categories":[405],"tags":[],"class_list":["post-21958","post","type-post","status-publish","format-standard","has-post-thumbnail","hentry","category-actu-france-monde"],"jetpack_publicize_connections":[],"jetpack_featured_media_url":"https:\/\/i0.wp.com\/www.iceagetv.com\/radiosite\/wp-content\/uploads\/2022\/07\/61098713410000199b81d221-1.jpg?fit=630%2C396&ssl=1","jetpack_sharing_enabled":true,"_links":{"self":[{"href":"https:\/\/www.iceagetv.com\/radiosite\/wp-json\/wp\/v2\/posts\/21958","targetHints":{"allow":["GET"]}}],"collection":[{"href":"https:\/\/www.iceagetv.com\/radiosite\/wp-json\/wp\/v2\/posts"}],"about":[{"href":"https:\/\/www.iceagetv.com\/radiosite\/wp-json\/wp\/v2\/types\/post"}],"author":[{"embeddable":true,"href":"https:\/\/www.iceagetv.com\/radiosite\/wp-json\/wp\/v2\/users\/2"}],"replies":[{"embeddable":true,"href":"https:\/\/www.iceagetv.com\/radiosite\/wp-json\/wp\/v2\/comments?post=21958"}],"version-history":[{"count":1,"href":"https:\/\/www.iceagetv.com\/radiosite\/wp-json\/wp\/v2\/posts\/21958\/revisions"}],"predecessor-version":[{"id":21960,"href":"https:\/\/www.iceagetv.com\/radiosite\/wp-json\/wp\/v2\/posts\/21958\/revisions\/21960"}],"wp:featuredmedia":[{"embeddable":true,"href":"https:\/\/www.iceagetv.com\/radiosite\/wp-json\/wp\/v2\/media\/21959"}],"wp:attachment":[{"href":"https:\/\/www.iceagetv.com\/radiosite\/wp-json\/wp\/v2\/media?parent=21958"}],"wp:term":[{"taxonomy":"category","embeddable":true,"href":"https:\/\/www.iceagetv.com\/radiosite\/wp-json\/wp\/v2\/categories?post=21958"},{"taxonomy":"post_tag","embeddable":true,"href":"https:\/\/www.iceagetv.com\/radiosite\/wp-json\/wp\/v2\/tags?post=21958"}],"curies":[{"name":"wp","href":"https:\/\/api.w.org\/{rel}","templated":true}]}}