{"id":21967,"date":"2022-07-25T11:32:33","date_gmt":"2022-07-25T11:32:33","guid":{"rendered":"http:\/\/www.iceagetv.com\/radiosite\/?p=21967"},"modified":"2022-07-25T11:32:33","modified_gmt":"2022-07-25T11:32:33","slug":"le-depute-en-marche-remy-rebeyrotte-qui-a-fait-un-salut-nazi-en-plein-coeur-de-lhemicycle-de-lassemblee-nationale-sanctionne-par-un-rappel-a-lordre","status":"publish","type":"post","link":"https:\/\/www.iceagetv.com\/radiosite\/le-depute-en-marche-remy-rebeyrotte-qui-a-fait-un-salut-nazi-en-plein-coeur-de-lhemicycle-de-lassemblee-nationale-sanctionne-par-un-rappel-a-lordre\/","title":{"rendered":"Le d\u00e9put\u00e9 \u00ab\u00a0En marche\u00a0\u00bb R\u00e9my Rebeyrotte, qui a fait un salut nazi en plein coeur de l&rsquo;h\u00e9micycle de l&rsquo;Assembl\u00e9e nationale, sanctionn\u00e9 par un rappel \u00e0 l&rsquo;ordre"},"content":{"rendered":"\n<p>Le d\u00e9put\u00e9 LREM R\u00e9my Rebeyrotte, qui a fait un salut nazi dans l&rsquo;h\u00e9micycle de l&rsquo;Assembl\u00e9e nationale le 12 juillet \u00e0 l&rsquo;attention d&rsquo;un \u00e9lu RN, a \u00e9t\u00e9 sanctionn\u00e9 par un rappel \u00e0 l&rsquo;ordre, a-t-on appris aupr\u00e8s de la pr\u00e9sidence de l&rsquo;Assembl\u00e9e.&nbsp;Le bureau de son groupe politique doit \u00e9galement d\u00e9cider lundi d&rsquo;une possible sanction.<\/p>\n\n\n\n<p>Lors d&rsquo;un vote sur le projet de loi sanitaire, o\u00f9 la majorit\u00e9 a \u00e9t\u00e9 battue, \u00ab\u00a0un grand gaillard du RN s&rsquo;est lev\u00e9 en faisant le salut nazi\u00a0\u00bb \u00e0 l&rsquo;arri\u00e8re des trav\u00e9es, avait assur\u00e9 Rebeyrotte \u00e0 l&rsquo;AFP. Le parlementaire de Sa\u00f4ne-et-Loire avait alors mim\u00e9 le geste en lui disant qu'\u00a0\u00bbil ne faut pas faire \u00e7a\u00a0\u00bb.<\/p>\n\n\n\n<p>La patronne du groupe RN Marine Le Pen a demand\u00e9 une sanction du macroniste, et des d\u00e9put\u00e9s d&rsquo;extr\u00eame droite ont d\u00e9nonc\u00e9 une \u00ab\u00a0invention\u00a0\u00bb dans ce geste pr\u00e9tendu d&rsquo;un \u00e9lu de leur groupe.&nbsp;R\u00e9my Rebeyrotte a \u00e9t\u00e9 entendu par la pr\u00e9sidente de l&rsquo;Assembl\u00e9e Ya\u00ebl Braun-Pivet (LREM), qui a d\u00e9cid\u00e9 d&rsquo;un rappel \u00e0 l&rsquo;ordre, premier niveau de sanction pr\u00e9vu par le r\u00e8glement de l&rsquo;institution.&nbsp;Il n&rsquo;a pas \u00e9t\u00e9 retrouv\u00e9 de preuve visuelle d&rsquo;un tel salut nazi par un d\u00e9put\u00e9 RN. Le cas \u00e9ch\u00e9ant, les deux d\u00e9put\u00e9s fautifs auraient \u00e9t\u00e9 sanctionn\u00e9s, un tel geste \u00e9tant \u00ab\u00a0inacceptable\u00a0\u00bb.<\/p>\n\n\n\n<p>Dans un communiqu\u00e9 diffus\u00e9 il y a quelques jours, R\u00e9my Rebeyrotte avait indiqu\u00e9 : \u00ab\u00a0si le geste que j\u2019ai commis pour stigmatiser un \u00e9lu du FN (sic) a pu heurter des consciences, je veux m\u2019en excuser\u00a0\u00bb.&nbsp;\u00ab\u00a0Je ne renoncerai jamais au combat contre l\u2019extr\u00e9misme, et notamment contre l\u2019extr\u00eame droite, sa tentative de banalisation, ses valeurs x\u00e9nophobes, haineuses, divisant l\u2019Europe et la soci\u00e9t\u00e9 fran\u00e7aise\u00a0\u00bb, avait-il ajout\u00e9.<\/p>\n\n\n\n<p>Les d\u00e9put\u00e9s d&rsquo;extr\u00eame droite n&rsquo;ont jamais \u00e9t\u00e9 aussi nombreux, avec un groupe de 89 membres. Sans c\u00e9der sur le fond de leur programme, ils sont en qu\u00eate de respectabilit\u00e9 institutionnelle et entendent poursuivre la \u00ab\u00a0d\u00e9diabolisation\u00a0\u00bb du RN.&nbsp;<\/p>\n","protected":false},"excerpt":{"rendered":"<p>Le d\u00e9put\u00e9 LREM R\u00e9my Rebeyrotte, qui a fait un salut nazi dans l&rsquo;h\u00e9micycle de l&rsquo;Assembl\u00e9e nationale le 12 juillet \u00e0 l&rsquo;attention d&rsquo;un \u00e9lu RN, a \u00e9t\u00e9 sanctionn\u00e9 par un rappel \u00e0 l&rsquo;ordre, a-t-on appris aupr\u00e8s de la pr\u00e9sidence de l&rsquo;Assembl\u00e9e.&nbsp;Le bureau de son groupe politique doit \u00e9galement d\u00e9cider lundi d&rsquo;une possible sanction. Lors d&rsquo;un vote [&hellip;]<\/p>\n","protected":false},"author":2,"featured_media":21968,"comment_status":"open","ping_status":"open","sticky":false,"template":"","format":"standard","meta":{"_jetpack_memberships_contains_paid_content":false,"footnotes":"","jetpack_publicize_message":"","jetpack_publicize_feature_enabled":true,"jetpack_social_post_already_shared":true,"jetpack_social_options":{"image_generator_settings":{"template":"highway","default_image_id":0,"font":"","enabled":false},"version":2},"_wpas_customize_per_network":false},"categories":[405],"tags":[],"class_list":["post-21967","post","type-post","status-publish","format-standard","has-post-thumbnail","hentry","category-actu-france-monde"],"jetpack_publicize_connections":[],"jetpack_featured_media_url":"https:\/\/i0.wp.com\/www.iceagetv.com\/radiosite\/wp-content\/uploads\/2022\/07\/Remy-Rebeyrotte.jpg?fit=679%2C293&ssl=1","jetpack_sharing_enabled":true,"_links":{"self":[{"href":"https:\/\/www.iceagetv.com\/radiosite\/wp-json\/wp\/v2\/posts\/21967","targetHints":{"allow":["GET"]}}],"collection":[{"href":"https:\/\/www.iceagetv.com\/radiosite\/wp-json\/wp\/v2\/posts"}],"about":[{"href":"https:\/\/www.iceagetv.com\/radiosite\/wp-json\/wp\/v2\/types\/post"}],"author":[{"embeddable":true,"href":"https:\/\/www.iceagetv.com\/radiosite\/wp-json\/wp\/v2\/users\/2"}],"replies":[{"embeddable":true,"href":"https:\/\/www.iceagetv.com\/radiosite\/wp-json\/wp\/v2\/comments?post=21967"}],"version-history":[{"count":1,"href":"https:\/\/www.iceagetv.com\/radiosite\/wp-json\/wp\/v2\/posts\/21967\/revisions"}],"predecessor-version":[{"id":21969,"href":"https:\/\/www.iceagetv.com\/radiosite\/wp-json\/wp\/v2\/posts\/21967\/revisions\/21969"}],"wp:featuredmedia":[{"embeddable":true,"href":"https:\/\/www.iceagetv.com\/radiosite\/wp-json\/wp\/v2\/media\/21968"}],"wp:attachment":[{"href":"https:\/\/www.iceagetv.com\/radiosite\/wp-json\/wp\/v2\/media?parent=21967"}],"wp:term":[{"taxonomy":"category","embeddable":true,"href":"https:\/\/www.iceagetv.com\/radiosite\/wp-json\/wp\/v2\/categories?post=21967"},{"taxonomy":"post_tag","embeddable":true,"href":"https:\/\/www.iceagetv.com\/radiosite\/wp-json\/wp\/v2\/tags?post=21967"}],"curies":[{"name":"wp","href":"https:\/\/api.w.org\/{rel}","templated":true}]}}