{"id":21974,"date":"2022-07-26T07:26:30","date_gmt":"2022-07-26T07:26:30","guid":{"rendered":"http:\/\/www.iceagetv.com\/radiosite\/?p=21974"},"modified":"2022-07-26T07:26:30","modified_gmt":"2022-07-26T07:26:30","slug":"coronavirus-le-president-americain-joe-biden-a-dit-cette-nuit-se-sentir-tres-en-forme-et-esperer-etre-pleinement-de-retour-au-travail-dans-la-semaine","status":"publish","type":"post","link":"https:\/\/www.iceagetv.com\/radiosite\/coronavirus-le-president-americain-joe-biden-a-dit-cette-nuit-se-sentir-tres-en-forme-et-esperer-etre-pleinement-de-retour-au-travail-dans-la-semaine\/","title":{"rendered":"Coronavirus : Le pr\u00e9sident am\u00e9ricain Joe Biden a dit cette nuit se sentir tr\u00e8s en forme et esp\u00e9rer \u00eatre pleinement de retour au travail dans la semaine"},"content":{"rendered":"\n<p>Le pr\u00e9sident am\u00e9ricain Joe Biden&nbsp; a dit cette nuit se sentir \u00abtr\u00e8s en forme\u00bb, et esp\u00e9rer \u00eatre pleinement de retour au travail dans la semaine. \u00abJe me sens tr\u00e8s en forme\u00bb, a-t-il d\u00e9clar\u00e9 \u00e0 des journalistes \u00e0 la fin d&rsquo;une rencontre avec des chefs d&rsquo;entreprises sur la fabrication de micro-puces, \u00e0 laquelle il assistait par liaison vid\u00e9o. D&rsquo;une voix l\u00e9g\u00e8rement enrou\u00e9e, le d\u00e9mocrate de 79 ans s&rsquo;est r\u00e9joui d&rsquo;avoir eu deux bonnes nuits de sommeil d&rsquo;affil\u00e9e. \u00abEn fait, mon chien a m\u00eame d\u00fb me r\u00e9veiller ce matin\u00bb, a-t-il souri.<\/p>\n\n\n\n<p>Confin\u00e9 depuis son test positif jeudi, il a affirm\u00e9 esp\u00e9rer sortir de l&rsquo;isolement pour retourner au travail \u00abd&rsquo;ici la fin de la semaine\u00bb. Joe Biden avait continu\u00e9 \u00e0 travailler, mais avait all\u00e9g\u00e9 son planning durant sa convalescence. Le pr\u00e9sident semble avoir eu des sympt\u00f4mes l\u00e9gers, et la Maison Blanche a tout fait pour rassurer sur son \u00e9tat de sant\u00e9 et sa capacit\u00e9 \u00e0 gouverner, m\u00eame confin\u00e9.<\/p>\n\n\n\n<p>Plus t\u00f4t, son m\u00e9decin personnel avait d\u00e9clar\u00e9 qu&rsquo;il ne pr\u00e9sentait pratiquement plus de sympt\u00f4mes de la maladie, dans une lettre diffus\u00e9e par la Maison Blanche.<\/p>\n\n\n\n<p>\u00abSes sympt\u00f4mes ont d\u00e9sormais pratiquement totalement disparu\u00bb, avait \u00e9crit le Dr Kevin O&rsquo;Connor. Le pr\u00e9sident, tr\u00e8s l\u00e9g\u00e8rement enrou\u00e9, souffre encore d&rsquo;une petite congestion nasale, avait pr\u00e9cis\u00e9 le m\u00e9decin.<\/p>\n\n\n\n<p>L&rsquo;\u00e2ge de Joe Biden &#8211; qui a b\u00e9n\u00e9fici\u00e9 d&rsquo;une vaccination compl\u00e8te et de deux rappels &#8211; le classe dans la cat\u00e9gorie des personnes \u00e0 risque de d\u00e9velopper un cas grave de la maladie.<\/p>\n","protected":false},"excerpt":{"rendered":"<p>Le pr\u00e9sident am\u00e9ricain Joe Biden&nbsp; a dit cette nuit se sentir \u00abtr\u00e8s en forme\u00bb, et esp\u00e9rer \u00eatre pleinement de retour au travail dans la semaine. \u00abJe me sens tr\u00e8s en forme\u00bb, a-t-il d\u00e9clar\u00e9 \u00e0 des journalistes \u00e0 la fin d&rsquo;une rencontre avec des chefs d&rsquo;entreprises sur la fabrication de micro-puces, \u00e0 laquelle il assistait par [&hellip;]<\/p>\n","protected":false},"author":2,"featured_media":21975,"comment_status":"open","ping_status":"open","sticky":false,"template":"","format":"standard","meta":{"_jetpack_memberships_contains_paid_content":false,"footnotes":"","jetpack_publicize_message":"","jetpack_publicize_feature_enabled":true,"jetpack_social_post_already_shared":true,"jetpack_social_options":{"image_generator_settings":{"template":"highway","default_image_id":0,"font":"","enabled":false},"version":2},"_wpas_customize_per_network":false},"categories":[405],"tags":[],"class_list":["post-21974","post","type-post","status-publish","format-standard","has-post-thumbnail","hentry","category-actu-france-monde"],"jetpack_publicize_connections":[],"jetpack_featured_media_url":"https:\/\/i0.wp.com\/www.iceagetv.com\/radiosite\/wp-content\/uploads\/2022\/07\/Le-president-americain-Joe-Biden.png?fit=578%2C238&ssl=1","jetpack_sharing_enabled":true,"_links":{"self":[{"href":"https:\/\/www.iceagetv.com\/radiosite\/wp-json\/wp\/v2\/posts\/21974","targetHints":{"allow":["GET"]}}],"collection":[{"href":"https:\/\/www.iceagetv.com\/radiosite\/wp-json\/wp\/v2\/posts"}],"about":[{"href":"https:\/\/www.iceagetv.com\/radiosite\/wp-json\/wp\/v2\/types\/post"}],"author":[{"embeddable":true,"href":"https:\/\/www.iceagetv.com\/radiosite\/wp-json\/wp\/v2\/users\/2"}],"replies":[{"embeddable":true,"href":"https:\/\/www.iceagetv.com\/radiosite\/wp-json\/wp\/v2\/comments?post=21974"}],"version-history":[{"count":1,"href":"https:\/\/www.iceagetv.com\/radiosite\/wp-json\/wp\/v2\/posts\/21974\/revisions"}],"predecessor-version":[{"id":21976,"href":"https:\/\/www.iceagetv.com\/radiosite\/wp-json\/wp\/v2\/posts\/21974\/revisions\/21976"}],"wp:featuredmedia":[{"embeddable":true,"href":"https:\/\/www.iceagetv.com\/radiosite\/wp-json\/wp\/v2\/media\/21975"}],"wp:attachment":[{"href":"https:\/\/www.iceagetv.com\/radiosite\/wp-json\/wp\/v2\/media?parent=21974"}],"wp:term":[{"taxonomy":"category","embeddable":true,"href":"https:\/\/www.iceagetv.com\/radiosite\/wp-json\/wp\/v2\/categories?post=21974"},{"taxonomy":"post_tag","embeddable":true,"href":"https:\/\/www.iceagetv.com\/radiosite\/wp-json\/wp\/v2\/tags?post=21974"}],"curies":[{"name":"wp","href":"https:\/\/api.w.org\/{rel}","templated":true}]}}