{"id":21989,"date":"2022-07-28T07:55:01","date_gmt":"2022-07-28T07:55:01","guid":{"rendered":"http:\/\/www.iceagetv.com\/radiosite\/?p=21989"},"modified":"2022-07-28T07:55:01","modified_gmt":"2022-07-28T07:55:01","slug":"le-mans-un-homme-ne-en-afghanistan-attaque-au-couteau-plusieurs-passants-et-en-blesse-deux-grievement-avant-detre-interpelle-par-les-forces-de-lordre","status":"publish","type":"post","link":"https:\/\/www.iceagetv.com\/radiosite\/le-mans-un-homme-ne-en-afghanistan-attaque-au-couteau-plusieurs-passants-et-en-blesse-deux-grievement-avant-detre-interpelle-par-les-forces-de-lordre\/","title":{"rendered":"Le Mans : Un homme n\u00e9 en Afghanistan attaque au couteau plusieurs passants et en blesse deux gri\u00e8vement, avant d&rsquo;\u00eatre interpell\u00e9 par les forces de l&rsquo;ordre"},"content":{"rendered":"\n<p>Un homme&nbsp;se disant n\u00e9 en Afghanistan et \u00e2g\u00e9 de 32 ans&nbsp;a \u00e9t\u00e9 interpell\u00e9 au Mans apr\u00e8s avoir bless\u00e9 plusieurs passants avec un couteau, a annonc\u00e9 le parquet du Mans. Cet individu \u00ab a agress\u00e9 des passants en leur portant des coups de couteau, tout en prof\u00e9rant \u00e0 plusieurs reprises des mots en langue arabe \u00bb, d\u00e9taille la procureure Delphine Dewailly, dans un communiqu\u00e9 de presse.<\/p>\n\n\n\n<p>Deux personnes ont subi \u00ab des blessures importantes \u00bb sans que leurs jours soient en danger, selon la magistrate.<\/p>\n\n\n\n<p>\u00ab Les premiers \u00e9l\u00e9ments recueillis n\u2019\u00e9tablissent pas de dimension terroriste de cette action \u00bb, souligne-t-elle. L\u2019agresseur \u00ab a \u00e9t\u00e9 interpell\u00e9, et plac\u00e9 en garde \u00e0 vue du chef de tentatives d\u2019assassinat. Il fait actuellement l\u2019objet d\u2019un examen par un m\u00e9decin psychiatre afin d\u2019\u00e9valuer la compatibilit\u00e9 de son \u00e9tat mental et physique avec la mesure de garde \u00e0 vue \u00bb, pr\u00e9cise Mme Dewailly.<\/p>\n\n\n\n<p>\u00ab De nationalit\u00e9 \u00e9trang\u00e8re \u00bb et \u00ab r\u00e9cemment install\u00e9 au Mans \u00bb, l\u2019homme interpell\u00e9 \u00ab b\u00e9n\u00e9ficie d\u2019un titre de s\u00e9jour en r\u00e8gle sur le territoire national \u00bb, selon le parquet.<\/p>\n\n\n\n<p>L\u2019enqu\u00eate est confi\u00e9e au Service R\u00e9gional de la Police Judiciaire d\u2019Angers. \u00ab Elle aura notamment pour objet de pr\u00e9ciser les circonstances des faits ainsi que d\u2019\u00e9tablir les motivations de leur auteur \u00bb, selon le communiqu\u00e9.&nbsp;<\/p>\n","protected":false},"excerpt":{"rendered":"<p>Un homme&nbsp;se disant n\u00e9 en Afghanistan et \u00e2g\u00e9 de 32 ans&nbsp;a \u00e9t\u00e9 interpell\u00e9 au Mans apr\u00e8s avoir bless\u00e9 plusieurs passants avec un couteau, a annonc\u00e9 le parquet du Mans. Cet individu \u00ab a agress\u00e9 des passants en leur portant des coups de couteau, tout en prof\u00e9rant \u00e0 plusieurs reprises des mots en langue arabe \u00bb, [&hellip;]<\/p>\n","protected":false},"author":2,"featured_media":21990,"comment_status":"open","ping_status":"open","sticky":false,"template":"","format":"standard","meta":{"_jetpack_memberships_contains_paid_content":false,"footnotes":"","jetpack_publicize_message":"","jetpack_publicize_feature_enabled":true,"jetpack_social_post_already_shared":true,"jetpack_social_options":{"image_generator_settings":{"template":"highway","default_image_id":0,"font":"","enabled":false},"version":2},"_wpas_customize_per_network":false},"categories":[405],"tags":[],"class_list":["post-21989","post","type-post","status-publish","format-standard","has-post-thumbnail","hentry","category-actu-france-monde"],"jetpack_publicize_connections":[],"jetpack_featured_media_url":"https:\/\/i0.wp.com\/www.iceagetv.com\/radiosite\/wp-content\/uploads\/2022\/07\/Le-Mans.jpg?fit=679%2C293&ssl=1","jetpack_sharing_enabled":true,"_links":{"self":[{"href":"https:\/\/www.iceagetv.com\/radiosite\/wp-json\/wp\/v2\/posts\/21989","targetHints":{"allow":["GET"]}}],"collection":[{"href":"https:\/\/www.iceagetv.com\/radiosite\/wp-json\/wp\/v2\/posts"}],"about":[{"href":"https:\/\/www.iceagetv.com\/radiosite\/wp-json\/wp\/v2\/types\/post"}],"author":[{"embeddable":true,"href":"https:\/\/www.iceagetv.com\/radiosite\/wp-json\/wp\/v2\/users\/2"}],"replies":[{"embeddable":true,"href":"https:\/\/www.iceagetv.com\/radiosite\/wp-json\/wp\/v2\/comments?post=21989"}],"version-history":[{"count":1,"href":"https:\/\/www.iceagetv.com\/radiosite\/wp-json\/wp\/v2\/posts\/21989\/revisions"}],"predecessor-version":[{"id":21991,"href":"https:\/\/www.iceagetv.com\/radiosite\/wp-json\/wp\/v2\/posts\/21989\/revisions\/21991"}],"wp:featuredmedia":[{"embeddable":true,"href":"https:\/\/www.iceagetv.com\/radiosite\/wp-json\/wp\/v2\/media\/21990"}],"wp:attachment":[{"href":"https:\/\/www.iceagetv.com\/radiosite\/wp-json\/wp\/v2\/media?parent=21989"}],"wp:term":[{"taxonomy":"category","embeddable":true,"href":"https:\/\/www.iceagetv.com\/radiosite\/wp-json\/wp\/v2\/categories?post=21989"},{"taxonomy":"post_tag","embeddable":true,"href":"https:\/\/www.iceagetv.com\/radiosite\/wp-json\/wp\/v2\/tags?post=21989"}],"curies":[{"name":"wp","href":"https:\/\/api.w.org\/{rel}","templated":true}]}}