{"id":21992,"date":"2022-07-28T07:59:46","date_gmt":"2022-07-28T07:59:46","guid":{"rendered":"http:\/\/www.iceagetv.com\/radiosite\/?p=21992"},"modified":"2022-07-28T07:59:46","modified_gmt":"2022-07-28T07:59:46","slug":"lenseigne-de-vetements-feminins-camaieu-se-declare-en-cessation-de-paiement-et-demande-son-placement-en-redressement-judiciaire-pres-de-deux-ans-apres-sa-reprise-par-la-financiere-immobiliere-b","status":"publish","type":"post","link":"https:\/\/www.iceagetv.com\/radiosite\/lenseigne-de-vetements-feminins-camaieu-se-declare-en-cessation-de-paiement-et-demande-son-placement-en-redressement-judiciaire-pres-de-deux-ans-apres-sa-reprise-par-la-financiere-immobiliere-b\/","title":{"rendered":"L&rsquo;enseigne de v\u00eatements f\u00e9minins Camaieu se d\u00e9clare en \u00ab\u00a0cessation de paiement\u00a0\u00bb et demande son placement en redressement judiciaire, pr\u00e8s de deux ans apr\u00e8s sa reprise par la Financi\u00e8re immobili\u00e8re bordelaise"},"content":{"rendered":"\n<p>L&rsquo;enseigne nordiste Camaieu s&rsquo;est d\u00e9clar\u00e9e en \u00ab\u00a0cessation de paiement\u00a0\u00bb et a demand\u00e9 son placement en redressement judiciaire, pr\u00e8s de deux ans apr\u00e8s sa reprise par la Financi\u00e8re immobili\u00e8re bordelaise, a-t-on appris aupr\u00e8s de la direction et du tribunal de commerce.<\/p>\n\n\n\n<p>Le g\u00e9ant du pr\u00eat-\u00e0-porter f\u00e9minin \u00ab\u00a0a demand\u00e9 l&rsquo;ouverture d&rsquo;une proc\u00e9dure en redressement judiciaire avec plan de continuation au tribunal de commerce de Lille\u00a0\u00bb, et sa situation sera examin\u00e9e lors d&rsquo;une audience lundi apr\u00e8s-midi, a indiqu\u00e9 la direction de Camaieu dans un message \u00e0 l&rsquo;AFP.<\/p>\n\n\n\n<p>\u00ab\u00a0La demande de Camaieu est motiv\u00e9e par une acc\u00e9l\u00e9ration des difficult\u00e9s de l&rsquo;entreprise et plus particuli\u00e8rement par les cons\u00e9quences\u00a0\u00bb d&rsquo;un arr\u00eat de la Cour de Cassation, dat\u00e9 du 30 juin, \u00ab\u00a0refusant aux commer\u00e7ants la baisse des loyers de la p\u00e9riode covid\u00a0\u00bb, a expliqu\u00e9 la direction.<\/p>\n\n\n\n<p>\u00ab\u00a0L&rsquo;objectif majeur de la demande de Camaieu est de pr\u00e9server la p\u00e9rennit\u00e9 de l&rsquo;entreprise\u00a0\u00bb, a-t-elle pr\u00e9cis\u00e9.<\/p>\n\n\n\n<p>Interrog\u00e9 plus t\u00f4t par l&rsquo;AFP, le pr\u00e9sident du tribunal de commerce de Lille avait confirm\u00e9 avoir re\u00e7u lundi matin une d\u00e9claration de \u00ab\u00a0cessation de paiement\u00a0\u00bb par la soci\u00e9t\u00e9 gestionnaire, Aciam (qui appartient \u00e0 la FIB).<\/p>\n\n\n\n<p>Selon une source proche du dossier, cette demande est faite \u00ab\u00a0au vu de la difficult\u00e9 des temps en mati\u00e8re de retail et de la difficult\u00e9 de la reprise de Camaieu\u00a0\u00bb qui rencontre des \u00ab\u00a0difficult\u00e9s de paiement aupr\u00e8s des bailleurs\u00a0\u00bb.<\/p>\n\n\n\n<p>Fin juin, le quotidien Le Monde avait fait \u00e9tat des inqui\u00e9tudes des syndicats de Camaieu, selon lesquels l&rsquo;entreprise ne versait plus les loyers de pr\u00e8s de la moiti\u00e9 des magasins exploit\u00e9s en France.<\/p>\n\n\n\n<p>\u00ab\u00a0Depuis des mois la CGT m\u00e8ne des actions en vue de d\u00e9noncer la strat\u00e9gie de la direction et de l&rsquo;actionnaire sur le choix de ne plus payer les bailleurs (plusieurs centaines de proc\u00e9dures), la cour de cassation \u00e0 tranch\u00e9, les entreprises devront payer\u00a0\u00bb, a d\u00e9nonc\u00e9 lundi le d\u00e9l\u00e9gu\u00e9 CGT Thierry Siwik, dans un message envoy\u00e9 \u00e0 la presse.<\/p>\n\n\n\n<p>En ao\u00fbt 2020, la FIB avait repris 511 des 634 magasins en France et environ 2.600 salari\u00e9s sur plus de 3.100, lan\u00e7ant un grand plan de transformation et un \u00ab\u00a0travail de fonds sur la marque et l&rsquo;offre\u00a0\u00bb.<\/p>\n\n\n\n<p>La nouvelle direction s&rsquo;\u00e9tait alors donn\u00e9 deux ans pour remettre l&rsquo;entreprise \u00e0 l&rsquo;\u00e9quilibre, avec l&rsquo;objectif de retrouver en 2023 le chiffre d&rsquo;affaires de 2019 &#8211; 570 millions d&rsquo;euros.<\/p>\n","protected":false},"excerpt":{"rendered":"<p>L&rsquo;enseigne nordiste Camaieu s&rsquo;est d\u00e9clar\u00e9e en \u00ab\u00a0cessation de paiement\u00a0\u00bb et a demand\u00e9 son placement en redressement judiciaire, pr\u00e8s de deux ans apr\u00e8s sa reprise par la Financi\u00e8re immobili\u00e8re bordelaise, a-t-on appris aupr\u00e8s de la direction et du tribunal de commerce. Le g\u00e9ant du pr\u00eat-\u00e0-porter f\u00e9minin \u00ab\u00a0a demand\u00e9 l&rsquo;ouverture d&rsquo;une proc\u00e9dure en redressement judiciaire avec plan [&hellip;]<\/p>\n","protected":false},"author":2,"featured_media":21993,"comment_status":"open","ping_status":"open","sticky":false,"template":"","format":"standard","meta":{"_jetpack_memberships_contains_paid_content":false,"footnotes":"","jetpack_publicize_message":"","jetpack_publicize_feature_enabled":true,"jetpack_social_post_already_shared":true,"jetpack_social_options":{"image_generator_settings":{"template":"highway","default_image_id":0,"font":"","enabled":false},"version":2},"_wpas_customize_per_network":false},"categories":[405],"tags":[],"class_list":["post-21992","post","type-post","status-publish","format-standard","has-post-thumbnail","hentry","category-actu-france-monde"],"jetpack_publicize_connections":[],"jetpack_featured_media_url":"https:\/\/i0.wp.com\/www.iceagetv.com\/radiosite\/wp-content\/uploads\/2022\/07\/Lenseigne-de-vetements-feminins-Camaieu.jpg?fit=679%2C293&ssl=1","jetpack_sharing_enabled":true,"_links":{"self":[{"href":"https:\/\/www.iceagetv.com\/radiosite\/wp-json\/wp\/v2\/posts\/21992","targetHints":{"allow":["GET"]}}],"collection":[{"href":"https:\/\/www.iceagetv.com\/radiosite\/wp-json\/wp\/v2\/posts"}],"about":[{"href":"https:\/\/www.iceagetv.com\/radiosite\/wp-json\/wp\/v2\/types\/post"}],"author":[{"embeddable":true,"href":"https:\/\/www.iceagetv.com\/radiosite\/wp-json\/wp\/v2\/users\/2"}],"replies":[{"embeddable":true,"href":"https:\/\/www.iceagetv.com\/radiosite\/wp-json\/wp\/v2\/comments?post=21992"}],"version-history":[{"count":1,"href":"https:\/\/www.iceagetv.com\/radiosite\/wp-json\/wp\/v2\/posts\/21992\/revisions"}],"predecessor-version":[{"id":21994,"href":"https:\/\/www.iceagetv.com\/radiosite\/wp-json\/wp\/v2\/posts\/21992\/revisions\/21994"}],"wp:featuredmedia":[{"embeddable":true,"href":"https:\/\/www.iceagetv.com\/radiosite\/wp-json\/wp\/v2\/media\/21993"}],"wp:attachment":[{"href":"https:\/\/www.iceagetv.com\/radiosite\/wp-json\/wp\/v2\/media?parent=21992"}],"wp:term":[{"taxonomy":"category","embeddable":true,"href":"https:\/\/www.iceagetv.com\/radiosite\/wp-json\/wp\/v2\/categories?post=21992"},{"taxonomy":"post_tag","embeddable":true,"href":"https:\/\/www.iceagetv.com\/radiosite\/wp-json\/wp\/v2\/tags?post=21992"}],"curies":[{"name":"wp","href":"https:\/\/api.w.org\/{rel}","templated":true}]}}