{"id":22003,"date":"2022-07-29T07:59:41","date_gmt":"2022-07-29T07:59:41","guid":{"rendered":"http:\/\/www.iceagetv.com\/radiosite\/?p=22003"},"modified":"2022-07-29T07:59:41","modified_gmt":"2022-07-29T07:59:41","slug":"la-croissance-francaise-rebondit-plus-fort-quattendu-au-2e-trimestre","status":"publish","type":"post","link":"https:\/\/www.iceagetv.com\/radiosite\/la-croissance-francaise-rebondit-plus-fort-quattendu-au-2e-trimestre\/","title":{"rendered":"LA CROISSANCE FRAN\u00c7AISE REBONDIT PLUS FORT QU&rsquo;ATTENDU AU 2E TRIMESTRE"},"content":{"rendered":"\n<p>La France a enregistr\u00e9 une croissa,ce de 0,5 % au 2e trimestre, selon l&rsquo;Insee. Un r\u00e9sultat plus fort qu\u2019attendu par l\u2019institut qui tablait sur un impact plus important de l\u2019inflation.<\/p>\n\n\n\n<p>Les nuages de la r\u00e9cession sont dissip\u00e9s : apr\u00e8s un premier trimestre o\u00f9 le PIB s&rsquo;\u00e9tait repli\u00e9 de 0,2% et des anticipations de faible rebond au deuxi\u00e8me, la France a enregistr\u00e9 une nette croissance de 0,5% au printemps.<\/p>\n\n\n\n<p>Cette premi\u00e8re estimation du produit int\u00e9rieur brut (PIB) publi\u00e9e vendredi par l&rsquo;Insee devra certes \u00eatre confirm\u00e9e fin ao\u00fbt.<\/p>\n\n\n\n<p>Mais alors que la croissance au deuxi\u00e8me trimestre \u00e9tait attendue \u00e0 0,2% par la Banque de France et \u00e0 0,25% par l&rsquo;Institut national de la statistique, elle s&rsquo;est finalement \u00e9tablie \u00e0 0,5% par rapport au premier trimestre.<\/p>\n\n\n\n<h2 class=\"wp-block-heading\">LES EXPORTATIONS EN HAUSSE<\/h2>\n\n\n\n<p>La bonne tenue de l&rsquo;\u00e9conomie fran\u00e7aise au deuxi\u00e8me trimestre s&rsquo;explique par une contribution nettement positive du commerce ext\u00e9rieur \u00e0 la croissance.<\/p>\n\n\n\n<p>Selon cette premi\u00e8re estimation des comptes nationaux, les importations ont recul\u00e9 de 0,6% au deuxi\u00e8me trimestre, tandis que les exportations ont bondi de 0,8%.<\/p>\n\n\n\n<p>\u00abLa baisse des importations signifie que la hausse de la demande globale (ext\u00e9rieure et int\u00e9rieure) ce trimestre a \u00e9t\u00e9 satisfaite par une hausse de la production et non par une hausse des importations, et c\u2019est en ce sens qu\u2019elle contribue \u00e0 la croissance du PIB\u00bb, a expliqu\u00e9 l&rsquo;Insee.<\/p>\n\n\n\n<p>Quant \u00e0 la consommation, traditionnel moteur de l&rsquo;\u00e9conomie fran\u00e7aise, elle reste n\u00e9gative pour les achats de biens (-1,3%), mais les achats de services repartent nettement \u00e0 la hausse (+1,5%). Deux tendances contradictoires qui aboutissent \u00e0 un recul global de 0,2% de la consommation des m\u00e9nages au deuxi\u00e8me trimestre.<\/p>\n\n\n\n<p>\u00abLa consommation de biens et services sur le territoire est notamment soutenue par les d\u00e9penses des voyageurs \u00e9trangers en France\u00bb, a d\u00e9clar\u00e9 l&rsquo;Insee.<\/p>\n","protected":false},"excerpt":{"rendered":"<p>La France a enregistr\u00e9 une croissa,ce de 0,5 % au 2e trimestre, selon l&rsquo;Insee. Un r\u00e9sultat plus fort qu\u2019attendu par l\u2019institut qui tablait sur un impact plus important de l\u2019inflation. Les nuages de la r\u00e9cession sont dissip\u00e9s : apr\u00e8s un premier trimestre o\u00f9 le PIB s&rsquo;\u00e9tait repli\u00e9 de 0,2% et des anticipations de faible rebond [&hellip;]<\/p>\n","protected":false},"author":2,"featured_media":22004,"comment_status":"open","ping_status":"open","sticky":false,"template":"","format":"standard","meta":{"_jetpack_memberships_contains_paid_content":false,"footnotes":"","jetpack_publicize_message":"","jetpack_publicize_feature_enabled":true,"jetpack_social_post_already_shared":true,"jetpack_social_options":{"image_generator_settings":{"template":"highway","default_image_id":0,"font":"","enabled":false},"version":2},"_wpas_customize_per_network":false},"categories":[405],"tags":[],"class_list":["post-22003","post","type-post","status-publish","format-standard","has-post-thumbnail","hentry","category-actu-france-monde"],"jetpack_publicize_connections":[],"jetpack_featured_media_url":"https:\/\/i0.wp.com\/www.iceagetv.com\/radiosite\/wp-content\/uploads\/2022\/07\/LA-CROISSANCE-FRANCAISE-REBONDIT-PLUS-FORT-QUATTENDU-AU-2E-TRIMESTRE.jpg?fit=750%2C422&ssl=1","jetpack_sharing_enabled":true,"_links":{"self":[{"href":"https:\/\/www.iceagetv.com\/radiosite\/wp-json\/wp\/v2\/posts\/22003","targetHints":{"allow":["GET"]}}],"collection":[{"href":"https:\/\/www.iceagetv.com\/radiosite\/wp-json\/wp\/v2\/posts"}],"about":[{"href":"https:\/\/www.iceagetv.com\/radiosite\/wp-json\/wp\/v2\/types\/post"}],"author":[{"embeddable":true,"href":"https:\/\/www.iceagetv.com\/radiosite\/wp-json\/wp\/v2\/users\/2"}],"replies":[{"embeddable":true,"href":"https:\/\/www.iceagetv.com\/radiosite\/wp-json\/wp\/v2\/comments?post=22003"}],"version-history":[{"count":1,"href":"https:\/\/www.iceagetv.com\/radiosite\/wp-json\/wp\/v2\/posts\/22003\/revisions"}],"predecessor-version":[{"id":22005,"href":"https:\/\/www.iceagetv.com\/radiosite\/wp-json\/wp\/v2\/posts\/22003\/revisions\/22005"}],"wp:featuredmedia":[{"embeddable":true,"href":"https:\/\/www.iceagetv.com\/radiosite\/wp-json\/wp\/v2\/media\/22004"}],"wp:attachment":[{"href":"https:\/\/www.iceagetv.com\/radiosite\/wp-json\/wp\/v2\/media?parent=22003"}],"wp:term":[{"taxonomy":"category","embeddable":true,"href":"https:\/\/www.iceagetv.com\/radiosite\/wp-json\/wp\/v2\/categories?post=22003"},{"taxonomy":"post_tag","embeddable":true,"href":"https:\/\/www.iceagetv.com\/radiosite\/wp-json\/wp\/v2\/tags?post=22003"}],"curies":[{"name":"wp","href":"https:\/\/api.w.org\/{rel}","templated":true}]}}