{"id":22010,"date":"2022-07-30T16:18:01","date_gmt":"2022-07-30T16:18:01","guid":{"rendered":"http:\/\/www.iceagetv.com\/radiosite\/?p=22010"},"modified":"2022-07-30T16:18:01","modified_gmt":"2022-07-30T16:18:01","slug":"le-nombre-de-detenus-en-france-continue-de-croitre-avec-72-067-personnes-incarcerees-au-1er-juillet-soit-pres-de-2000-de-plus-quil-y-a-quatre-mois-selon-les-donnees-du-ministere-de-la-justice","status":"publish","type":"post","link":"https:\/\/www.iceagetv.com\/radiosite\/le-nombre-de-detenus-en-france-continue-de-croitre-avec-72-067-personnes-incarcerees-au-1er-juillet-soit-pres-de-2000-de-plus-quil-y-a-quatre-mois-selon-les-donnees-du-ministere-de-la-justice\/","title":{"rendered":"Le nombre de d\u00e9tenus en France continue de cro\u00eetre avec 72.067 personnes incarc\u00e9r\u00e9es au 1er juillet, soit pr\u00e8s de 2000 de plus qu&rsquo;il y a quatre mois, selon les donn\u00e9es du minist\u00e8re de la Justice"},"content":{"rendered":"\n<p>Le&nbsp;nombre de d\u00e9tenus en France continue de cro\u00eetre&nbsp;avec 72.067 personnes incarc\u00e9r\u00e9es au 1er juillet, soit pr\u00e8s de 2000 de plus qu&rsquo;il y a quatre mois, selon les donn\u00e9es statistiques du minist\u00e8re de la Justice. Les \u00e9tablissements p\u00e9nitentiaires fran\u00e7ais comptaient 72.067 d\u00e9tenus pour 60.702 places op\u00e9rationnelles, soit une densit\u00e9 carc\u00e9rale de 118,7% contre 112,5% il y a un an.<\/p>\n\n\n\n<p>Ces chiffres sont quasiment au niveau du record absolu enregistr\u00e9 en mars 2020 (72.575 d\u00e9tenus), \u00e0 la veille du confinement d\u00e9cid\u00e9 pour lutter contre la pand\u00e9mie de Covid-19 et qui avait entra\u00een\u00e9 une chute drastique du nombre de prisonniers. Mais depuis l&rsquo;automne 2020, la population carc\u00e9rale n&rsquo;a cess\u00e9 mois apr\u00e8s mois d&rsquo;augmenter. Le seuil symbolique des 70.000 d\u00e9tenus a \u00e9t\u00e9 de nouveau d\u00e9pass\u00e9 le 1er mars 2022. Sur une ann\u00e9e, on d\u00e9nombre 4096 prisonniers en plus &#8211; ils \u00e9taient 67.971 au 1er juillet 2021 &#8211; soit une hausse de 6%.<\/p>\n\n\n\n<p>Selon les chiffres officiels du minist\u00e8re, 14.586 d\u00e9tenus sont actuellement en surnombre par rapport aux places disponibles dans les \u00e9tablissements p\u00e9nitentiaires. La densit\u00e9 carc\u00e9rale s&rsquo;\u00e9tablit \u00e0 140,7% dans les maisons d&rsquo;arr\u00eat, o\u00f9 sont incarc\u00e9r\u00e9s les d\u00e9tenus en attente de jugement &#8211; et donc pr\u00e9sum\u00e9s innocents &#8211; et ceux condamn\u00e9s \u00e0 de courtes peines. Cinquante-trois prisons fran\u00e7aises affichent une densit\u00e9 sup\u00e9rieure \u00e0 150%. Cette densit\u00e9 d\u00e9passe m\u00eame 200% dans cinq \u00e9tablissements (dont 215,8% \u00e0 Perpignan, 214,1% \u00e0 Carcassonne ou 212% \u00e0 Bordeaux-Gradignan).<\/p>\n\n\n\n<p>En raison de cette surpopulation, 1872 prisonniers sont contraints en France de dormir sur des matelas pos\u00e9s \u00e0 m\u00eame le sol. Parmi les d\u00e9tenus, 19.386 sont des pr\u00e9venus, incarc\u00e9r\u00e9s dans l&rsquo;attente de leur jugement. Au total, 88.176 personnes \u00e9taient plac\u00e9es sous \u00e9crou au 1er juillet, dont 16.109 non d\u00e9tenues faisant l&rsquo;objet d&rsquo;un placement sous bracelet \u00e9lectronique (15.348) ou d&rsquo;un placement \u00e0 l&rsquo;ext\u00e9rieur (761), des chiffres en hausse.<\/p>\n\n\n\n<p>Le nombre de femmes \u00e9crou\u00e9es (3,6% de la population carc\u00e9rale totale) est stable, tandis que celui de mineurs (0,8%) est en l\u00e9g\u00e8re baisse. L&rsquo;Observatoire international des prisons (OIP) a r\u00e9cemment appel\u00e9 le gouvernement \u00e0 mettre en \u0153uvre un plan d&rsquo;urgence pour en finir avec une surpopulation carc\u00e9rale chronique, qui a valu \u00e0 la France il y a deux ans une condamnation par la Cour europ\u00e9enne des droits de l&rsquo;Homme (CEDH).<\/p>\n","protected":false},"excerpt":{"rendered":"<p>Le&nbsp;nombre de d\u00e9tenus en France continue de cro\u00eetre&nbsp;avec 72.067 personnes incarc\u00e9r\u00e9es au 1er juillet, soit pr\u00e8s de 2000 de plus qu&rsquo;il y a quatre mois, selon les donn\u00e9es statistiques du minist\u00e8re de la Justice. Les \u00e9tablissements p\u00e9nitentiaires fran\u00e7ais comptaient 72.067 d\u00e9tenus pour 60.702 places op\u00e9rationnelles, soit une densit\u00e9 carc\u00e9rale de 118,7% contre 112,5% il y [&hellip;]<\/p>\n","protected":false},"author":2,"featured_media":22011,"comment_status":"open","ping_status":"open","sticky":false,"template":"","format":"standard","meta":{"_jetpack_memberships_contains_paid_content":false,"footnotes":"","jetpack_publicize_message":"","jetpack_publicize_feature_enabled":true,"jetpack_social_post_already_shared":true,"jetpack_social_options":{"image_generator_settings":{"template":"highway","default_image_id":0,"font":"","enabled":false},"version":2},"_wpas_customize_per_network":false},"categories":[405],"tags":[],"class_list":["post-22010","post","type-post","status-publish","format-standard","has-post-thumbnail","hentry","category-actu-france-monde"],"jetpack_publicize_connections":[],"jetpack_featured_media_url":"https:\/\/i0.wp.com\/www.iceagetv.com\/radiosite\/wp-content\/uploads\/2022\/07\/Le-nombre-de-detenus-en-France-continue-de-croitre.jpg?fit=679%2C293&ssl=1","jetpack_sharing_enabled":true,"_links":{"self":[{"href":"https:\/\/www.iceagetv.com\/radiosite\/wp-json\/wp\/v2\/posts\/22010","targetHints":{"allow":["GET"]}}],"collection":[{"href":"https:\/\/www.iceagetv.com\/radiosite\/wp-json\/wp\/v2\/posts"}],"about":[{"href":"https:\/\/www.iceagetv.com\/radiosite\/wp-json\/wp\/v2\/types\/post"}],"author":[{"embeddable":true,"href":"https:\/\/www.iceagetv.com\/radiosite\/wp-json\/wp\/v2\/users\/2"}],"replies":[{"embeddable":true,"href":"https:\/\/www.iceagetv.com\/radiosite\/wp-json\/wp\/v2\/comments?post=22010"}],"version-history":[{"count":1,"href":"https:\/\/www.iceagetv.com\/radiosite\/wp-json\/wp\/v2\/posts\/22010\/revisions"}],"predecessor-version":[{"id":22012,"href":"https:\/\/www.iceagetv.com\/radiosite\/wp-json\/wp\/v2\/posts\/22010\/revisions\/22012"}],"wp:featuredmedia":[{"embeddable":true,"href":"https:\/\/www.iceagetv.com\/radiosite\/wp-json\/wp\/v2\/media\/22011"}],"wp:attachment":[{"href":"https:\/\/www.iceagetv.com\/radiosite\/wp-json\/wp\/v2\/media?parent=22010"}],"wp:term":[{"taxonomy":"category","embeddable":true,"href":"https:\/\/www.iceagetv.com\/radiosite\/wp-json\/wp\/v2\/categories?post=22010"},{"taxonomy":"post_tag","embeddable":true,"href":"https:\/\/www.iceagetv.com\/radiosite\/wp-json\/wp\/v2\/tags?post=22010"}],"curies":[{"name":"wp","href":"https:\/\/api.w.org\/{rel}","templated":true}]}}