{"id":22013,"date":"2022-07-31T07:11:40","date_gmt":"2022-07-31T07:11:40","guid":{"rendered":"http:\/\/www.iceagetv.com\/radiosite\/?p=22013"},"modified":"2022-07-31T07:11:40","modified_gmt":"2022-07-31T07:11:40","slug":"coronavirus-mais-comment-joe-biden-peut-il-etre-a-nouveau-positif-trois-jours-seulement-apres-etre-repasse-negatif-un-resultat-verifie-plusieurs-fois","status":"publish","type":"post","link":"https:\/\/www.iceagetv.com\/radiosite\/coronavirus-mais-comment-joe-biden-peut-il-etre-a-nouveau-positif-trois-jours-seulement-apres-etre-repasse-negatif-un-resultat-verifie-plusieurs-fois\/","title":{"rendered":"Coronavirus : Mais comment Joe Biden peut-il \u00eatre \u00e0 nouveau positif, trois jours seulement apr\u00e8s \u00eatre repass\u00e9 n\u00e9gatif, un r\u00e9sultat v\u00e9rifi\u00e9 plusieurs fois"},"content":{"rendered":"\n<p><strong>Mais comment Joe Biden peut-il \u00eatre positif, trois jours seulement apr\u00e8s \u00eatre repass\u00e9 n\u00e9gatif, un r\u00e9sultat v\u00e9rifi\u00e9 plusieurs fois ?<\/strong>&nbsp;Le pr\u00e9sident, qui est \u00e2g\u00e9 de 79 ans, \u00aba en effet \u00e9t\u00e9 test\u00e9 positif samedi en fin de matin\u00e9e selon un test antig\u00e9nique\u00bb et \u00abva reprendre des mesures strictes de confinement\u00bb, a \u00e9crit le Docteur Kevin O&rsquo;Connor, selon lequel les cas de \u00abrebond\u00bb de positivit\u00e9 sont fr\u00e9quents chez les personnes trait\u00e9es au Paxlovid, la pilule anti-Covid de Pfizer.<\/p>\n\n\n\n<p>Comme Joe Biden avait \u00e9t\u00e9 test\u00e9 n\u00e9gatif mardi soir, mercredi matin, jeudi matin et vendredi matin, \u00abil s&rsquo;agit bien d&rsquo;une positivit\u00e9 de rebond\u00bb, selon son m\u00e9decin. \u00abLe pr\u00e9sident n&rsquo;a pas ressenti de r\u00e9\u00e9mergence des sympt\u00f4mes et continue de se sentir tout \u00e0 fait bien\u00bb. \u00abIl n&rsquo;y a donc aucune raison de reprendre le traitement \u00e0 ce stade\u00bb, mais Joe Biden, le pr\u00e9sident le plus \u00e2g\u00e9 jamais \u00e9lu aux Etats-Unis, restera sous observation.<\/p>\n\n\n\n<p>Ce dernier avait \u00e9t\u00e9 test\u00e9 positif le 21 juillet avec des \u00absympt\u00f4mes tr\u00e8s l\u00e9gers\u00bb et est sorti de son confinement mercredi, apr\u00e8s des tests n\u00e9gatifs.Le pr\u00e9sident am\u00e9ricain, \u00e2g\u00e9 de 79 ans, ne ressentirait aucun sympt\u00f4me. Il va donc retourner \u00e0 l\u2019isolement pour \u00ab prot\u00e9ger \u00bb son entourage.<\/p>\n\n\n\n<p>\u00ab Le pr\u00e9sident n\u2019a pas ressenti de r\u00e9\u00e9mergence des sympt\u00f4mes et continue de se sentir tout \u00e0 fait bien \u00bb, pr\u00e9cise le m\u00e9decin. \u00ab Il n\u2019y a donc aucune raison de reprendre le traitement \u00e0 ce stade \u00bb, poursuit-il,&nbsp;<\/p>\n\n\n\n<p>Le Paxlovid est un traitement antiviral qui agit en diminuant la capacit\u00e9 du virus \u00e0 se r\u00e9pliquer, freinant ainsi la progression de la maladie. Il doit \u00eatre pris dans les premiers jours apr\u00e8s l\u2019apparition des sympt\u00f4mes pour \u00eatre efficace.<\/p>\n","protected":false},"excerpt":{"rendered":"<p>Mais comment Joe Biden peut-il \u00eatre positif, trois jours seulement apr\u00e8s \u00eatre repass\u00e9 n\u00e9gatif, un r\u00e9sultat v\u00e9rifi\u00e9 plusieurs fois ?&nbsp;Le pr\u00e9sident, qui est \u00e2g\u00e9 de 79 ans, \u00aba en effet \u00e9t\u00e9 test\u00e9 positif samedi en fin de matin\u00e9e selon un test antig\u00e9nique\u00bb et \u00abva reprendre des mesures strictes de confinement\u00bb, a \u00e9crit le Docteur Kevin [&hellip;]<\/p>\n","protected":false},"author":2,"featured_media":22014,"comment_status":"open","ping_status":"open","sticky":false,"template":"","format":"standard","meta":{"_jetpack_memberships_contains_paid_content":false,"footnotes":"","jetpack_publicize_message":"","jetpack_publicize_feature_enabled":true,"jetpack_social_post_already_shared":true,"jetpack_social_options":{"image_generator_settings":{"template":"highway","default_image_id":0,"font":"","enabled":false},"version":2},"_wpas_customize_per_network":false},"categories":[405],"tags":[],"class_list":["post-22013","post","type-post","status-publish","format-standard","has-post-thumbnail","hentry","category-actu-france-monde"],"jetpack_publicize_connections":[],"jetpack_featured_media_url":"https:\/\/i0.wp.com\/www.iceagetv.com\/radiosite\/wp-content\/uploads\/2022\/07\/Mais-comment-Joe-Biden-peut-il-etre-a-nouveau-positif.jpg?fit=679%2C293&ssl=1","jetpack_sharing_enabled":true,"_links":{"self":[{"href":"https:\/\/www.iceagetv.com\/radiosite\/wp-json\/wp\/v2\/posts\/22013","targetHints":{"allow":["GET"]}}],"collection":[{"href":"https:\/\/www.iceagetv.com\/radiosite\/wp-json\/wp\/v2\/posts"}],"about":[{"href":"https:\/\/www.iceagetv.com\/radiosite\/wp-json\/wp\/v2\/types\/post"}],"author":[{"embeddable":true,"href":"https:\/\/www.iceagetv.com\/radiosite\/wp-json\/wp\/v2\/users\/2"}],"replies":[{"embeddable":true,"href":"https:\/\/www.iceagetv.com\/radiosite\/wp-json\/wp\/v2\/comments?post=22013"}],"version-history":[{"count":1,"href":"https:\/\/www.iceagetv.com\/radiosite\/wp-json\/wp\/v2\/posts\/22013\/revisions"}],"predecessor-version":[{"id":22015,"href":"https:\/\/www.iceagetv.com\/radiosite\/wp-json\/wp\/v2\/posts\/22013\/revisions\/22015"}],"wp:featuredmedia":[{"embeddable":true,"href":"https:\/\/www.iceagetv.com\/radiosite\/wp-json\/wp\/v2\/media\/22014"}],"wp:attachment":[{"href":"https:\/\/www.iceagetv.com\/radiosite\/wp-json\/wp\/v2\/media?parent=22013"}],"wp:term":[{"taxonomy":"category","embeddable":true,"href":"https:\/\/www.iceagetv.com\/radiosite\/wp-json\/wp\/v2\/categories?post=22013"},{"taxonomy":"post_tag","embeddable":true,"href":"https:\/\/www.iceagetv.com\/radiosite\/wp-json\/wp\/v2\/tags?post=22013"}],"curies":[{"name":"wp","href":"https:\/\/api.w.org\/{rel}","templated":true}]}}