{"id":22036,"date":"2022-08-03T15:41:24","date_gmt":"2022-08-03T15:41:24","guid":{"rendered":"http:\/\/www.iceagetv.com\/radiosite\/?p=22036"},"modified":"2022-08-03T15:41:24","modified_gmt":"2022-08-03T15:41:24","slug":"pouvoir-dachat-lassemblee-nationale-adopte-definitivement-le-premier-volet-de-mesures-retraites-loyers-prime-macron","status":"publish","type":"post","link":"https:\/\/www.iceagetv.com\/radiosite\/pouvoir-dachat-lassemblee-nationale-adopte-definitivement-le-premier-volet-de-mesures-retraites-loyers-prime-macron\/","title":{"rendered":"Pouvoir d&rsquo;achat &#8211; L&rsquo;Assembl\u00e9e nationale adopte d\u00e9finitivement le premier volet de mesures: Retraites, loyers, prime Macron"},"content":{"rendered":"\n<p>Avant l\u2019adoption d\u00e9finitive au S\u00e9nat, l\u2019Assembl\u00e9e nationale a donn\u00e9 mercredi un ultime feu vert au premier volet de mesures en faveur du pouvoir d\u2019achat, malgr\u00e9 une motion de rejet LFI contre un texte de \u00ab&nbsp;r\u00e9gression&nbsp;\u00bb selon ces d\u00e9put\u00e9s. Augmentation de 4% des pensions de retraite et de plusieurs allocations avec effet r\u00e9troactif au 1er juillet 2022, plafonnement de la hausse des loyers \u00e0 3,5% dans l\u2019Hexagone et encore le triplement du plafond de la prime Macron pouvant \u00eatre vers\u00e9e par les employeurs: ce projet de loi \u00ab&nbsp;d\u2019urgence&nbsp;\u00bb a \u00e9t\u00e9 valid\u00e9 par 395 voix contre 112 et 36 abstentions.<\/p>\n\n\n\n<p>La majorit\u00e9 a vant\u00e9 des \u00ab&nbsp;mesures concr\u00e8tes&nbsp;\u00bb. Le groupe LR, \u00e0 qui des gages ont \u00e9t\u00e9 donn\u00e9s, s\u2019est aussi prononc\u00e9 pour des dispositions allant \u00ab&nbsp;dans le bon sens&nbsp;\u00bb mais \u00ab&nbsp;insuffisantes&nbsp;\u00bb et laissant \u00ab&nbsp;un go\u00fbt d\u2019inachev\u00e9&nbsp;\u00bb. Les d\u00e9put\u00e9s RN ont soutenu des \u00ab&nbsp;petits pas&nbsp;\u00bb, tout en d\u00e9plorant d\u2019avoir \u00e9t\u00e9 \u00e9cart\u00e9s des n\u00e9gociations avec l\u2019ex\u00e9cutif.<\/p>\n\n\n\n<p>Critiquant une \u00ab&nbsp;co-gestion avec LR&nbsp;\u00bb sur ce texte, la gauche s\u2019est partag\u00e9e entre contre (LFI, PCF, \u00e9cologistes) et abstentions (PS).<\/p>\n\n\n\n<p>Le S\u00e9nat domin\u00e9 par la droite, qui a trouv\u00e9 un terrain d\u2019entente avec la majorit\u00e9 pr\u00e9sidentielle, doit encore le voter une derni\u00e8re fois en fin d\u2019apr\u00e8s-midi, ce qui vaudra validation au nom du Parlement.<\/p>\n\n\n\n<p>\u00ab&nbsp;Aucun pays en Europe ne fait autant en soutien au pouvoir d\u2019achat&nbsp;\u00bb, a affirm\u00e9 le ministre du Travail Olivier Dussopt devant les d\u00e9put\u00e9s, saluant un \u00ab&nbsp;exemple&nbsp;\u00bb de \u00ab&nbsp;co-construction&nbsp;\u00bb avec les parlementaires. Mais les d\u00e9put\u00e9s LFI ont d\u00e9fendu en vain une motion de rejet pr\u00e9alable d\u2019un projet de loi \u00ab&nbsp;indigne&nbsp;\u00bb qui selon eux \u00ab&nbsp;ent\u00e9rine la r\u00e9gression du pouvoir d\u2019achat&nbsp;\u00bb compte tenu de la forte inflation (+6,1% en juillet sur un an d\u2019apr\u00e8s l\u2019Insee).<\/p>\n\n\n\n<p>Dans son volet \u00e9nergie, qui anticipe des difficult\u00e9s d\u2019approvisionnement l\u2019hiver prochain, le texte \u00ab&nbsp;nous entra\u00eene dans un mod\u00e8le destructeur du climat&nbsp;\u00bb, a tonn\u00e9 l\u2019insoumise Aur\u00e9lie Trouv\u00e9, annon\u00e7ant une saisine du Conseil constitutionnel sur ce point. Le ton est mont\u00e9 avec la majorit\u00e9, alors que Bruno Millienne (MoDem) reprochait aux insoumis d\u2019avoir \u00ab&nbsp;transform\u00e9 cet h\u00e9micycle en th\u00e9\u00e2tre permanent pour Youtubeurs&nbsp;\u00bb, leur lan\u00e7ant: \u00ab&nbsp;vous n\u2019\u00eates pas la d\u00e9mocratie&nbsp;\u00bb. Kevin Mauvieux (RN) a aussi reproch\u00e9 \u00e0 LFI d\u2019\u00eatre dans \u00ab&nbsp;l\u2019obstruction \u00e0 tout, tout le temps&nbsp;\u00bb.<\/p>\n","protected":false},"excerpt":{"rendered":"<p>Avant l\u2019adoption d\u00e9finitive au S\u00e9nat, l\u2019Assembl\u00e9e nationale a donn\u00e9 mercredi un ultime feu vert au premier volet de mesures en faveur du pouvoir d\u2019achat, malgr\u00e9 une motion de rejet LFI contre un texte de \u00ab&nbsp;r\u00e9gression&nbsp;\u00bb selon ces d\u00e9put\u00e9s. Augmentation de 4% des pensions de retraite et de plusieurs allocations avec effet r\u00e9troactif au 1er juillet [&hellip;]<\/p>\n","protected":false},"author":2,"featured_media":22037,"comment_status":"open","ping_status":"open","sticky":false,"template":"","format":"standard","meta":{"_jetpack_memberships_contains_paid_content":false,"footnotes":"","jetpack_publicize_message":"","jetpack_publicize_feature_enabled":true,"jetpack_social_post_already_shared":true,"jetpack_social_options":{"image_generator_settings":{"template":"highway","default_image_id":0,"font":"","enabled":false},"version":2},"_wpas_customize_per_network":false},"categories":[405],"tags":[],"class_list":["post-22036","post","type-post","status-publish","format-standard","has-post-thumbnail","hentry","category-actu-france-monde"],"jetpack_publicize_connections":[],"jetpack_featured_media_url":"https:\/\/i0.wp.com\/www.iceagetv.com\/radiosite\/wp-content\/uploads\/2022\/08\/Pouvoir-dachat.jpg?fit=679%2C293&ssl=1","jetpack_sharing_enabled":true,"_links":{"self":[{"href":"https:\/\/www.iceagetv.com\/radiosite\/wp-json\/wp\/v2\/posts\/22036","targetHints":{"allow":["GET"]}}],"collection":[{"href":"https:\/\/www.iceagetv.com\/radiosite\/wp-json\/wp\/v2\/posts"}],"about":[{"href":"https:\/\/www.iceagetv.com\/radiosite\/wp-json\/wp\/v2\/types\/post"}],"author":[{"embeddable":true,"href":"https:\/\/www.iceagetv.com\/radiosite\/wp-json\/wp\/v2\/users\/2"}],"replies":[{"embeddable":true,"href":"https:\/\/www.iceagetv.com\/radiosite\/wp-json\/wp\/v2\/comments?post=22036"}],"version-history":[{"count":1,"href":"https:\/\/www.iceagetv.com\/radiosite\/wp-json\/wp\/v2\/posts\/22036\/revisions"}],"predecessor-version":[{"id":22038,"href":"https:\/\/www.iceagetv.com\/radiosite\/wp-json\/wp\/v2\/posts\/22036\/revisions\/22038"}],"wp:featuredmedia":[{"embeddable":true,"href":"https:\/\/www.iceagetv.com\/radiosite\/wp-json\/wp\/v2\/media\/22037"}],"wp:attachment":[{"href":"https:\/\/www.iceagetv.com\/radiosite\/wp-json\/wp\/v2\/media?parent=22036"}],"wp:term":[{"taxonomy":"category","embeddable":true,"href":"https:\/\/www.iceagetv.com\/radiosite\/wp-json\/wp\/v2\/categories?post=22036"},{"taxonomy":"post_tag","embeddable":true,"href":"https:\/\/www.iceagetv.com\/radiosite\/wp-json\/wp\/v2\/tags?post=22036"}],"curies":[{"name":"wp","href":"https:\/\/api.w.org\/{rel}","templated":true}]}}