{"id":22040,"date":"2022-08-03T15:58:02","date_gmt":"2022-08-03T15:58:02","guid":{"rendered":"http:\/\/www.iceagetv.com\/radiosite\/?p=22040"},"modified":"2022-08-03T15:58:02","modified_gmt":"2022-08-03T15:58:02","slug":"crise-des-urgences-un-syndicat-craint-une-evolution-rapide-vers-une-situation-explosive","status":"publish","type":"post","link":"https:\/\/www.iceagetv.com\/radiosite\/crise-des-urgences-un-syndicat-craint-une-evolution-rapide-vers-une-situation-explosive\/","title":{"rendered":"CRISE DES URGENCES: UN SYNDICAT CRAINT UNE \u00ab\u00a0\u00c9VOLUTION RAPIDE VERS UNE SITUATION EXPLOSIVE\u00a0\u00bb"},"content":{"rendered":"\n<p>Une enqu\u00eate men\u00e9e par le syndicat Samu Urgences de France affirme que de tr\u00e8s nombreux \u00e9tablissements hospitaliers sont oblig\u00e9s de fermer leurs services d&rsquo;urgences, faute de moyens. L&rsquo;organisation d\u00e9nonce une \u00ab\u00a0maltraitance institutionnelle\u00a0\u00bb.<\/p>\n\n\n\n<p><a href=\"https:\/\/www.bfmtv.com\/sante\/carte-fermeture-partielle-delestage-les-services-d-urgences-de-votre-departement-sont-ils-en-peril_AN-202205260316.html\">Les urgences sont \u00e0 bout de souffle<\/a>. Et \u00e0 cause d&rsquo;un manque de personnel de plus en plus important, un nombre croissant d&rsquo;\u00e9tablissements hospitaliers sont oblig\u00e9s de fermer, parfois de mani\u00e8re temporaire, leurs services d&rsquo;urgences.&nbsp;<a href=\"http:\/\/www.samu-urgences-de-france.fr\/medias\/files\/sudf_enquete_202207_resultats_VF.pdf\" target=\"_blank\" rel=\"noreferrer noopener\">Selon une enqu\u00eate du syndicat Samu Urgences de France (SUdF)<\/a>&nbsp;men\u00e9e dans 331 \u00e9tablissements dans 92 d\u00e9partements, 26% d&rsquo;entre eux sont contraints de mettre en place une restriction d&rsquo;acc\u00e8s aux urgences.<\/p>\n\n\n\n<p>Sur les 88 \u00e9tablissements concern\u00e9s<strong>,\u00a0<\/strong>67 ont une r\u00e9gulation m\u00e9dicale syst\u00e9matique par le Samu-Centre 15 pour autoriser l\u2019acc\u00e8s aux urgences.\u00a0<a href=\"https:\/\/www.bfmtv.com\/sante\/les-urgences-du-chu-de-bordeaux-en-crise-ferment-la-nuit-et-n-accueillent-que-les-cas-graves_AN-202205180020.html\">Cette mesure a par exemple \u00e9t\u00e9 mise en place \u00e0 Bordeaux la nuit, il y a quelques semaines.<\/a><\/p>\n\n\n\n<p>Mais d&rsquo;autres CHU ont \u00e9t\u00e9 oblig\u00e9s de fermer totalement leurs services d&rsquo;urgences. Selon le rapport du SUdF, ils sont au moins 42.<\/p>\n\n\n\n<blockquote class=\"wp-block-quote is-layout-flow wp-block-quote-is-layout-flow\"><p>\u00ab\u00a086% des SAMU estiment que cette inad\u00e9quation entre les ressources humaines disponibles et l\u2019importante augmentation d\u2019activit\u00e9 occasionne des difficult\u00e9s de fonctionnement et de s\u00e9curit\u00e9 dans leur exercice\u00a0\u00bb, rel\u00e8ve le syndicat.<\/p><\/blockquote>\n\n\n\n<h2 class=\"wp-block-heading\">\u00ab\u00a0La situation va encore se d\u00e9grader\u00a0\u00bb<\/h2>\n\n\n\n<p>En outre, 95% des SAU d\u00e9clarent rencontrer des probl\u00e9matiques importantes de disponibilit\u00e9 de lits d\u2019hospitalisation pour leurs patients, selon l&rsquo;enqu\u00eate.<\/p>\n\n\n\n<p>\u00ab\u00a0Les services d&rsquo;urgences sont en tr\u00e8s grande fragilit\u00e9\u00a0\u00bb, r\u00e9sume le SUdF, qui souligne une \u00ab\u00a0suractivit\u00e9 inhabituelle.\u00a0\u00bb \u00ab\u00a0La mise en \u0153uvre&nbsp;<a href=\"https:\/\/www.bfmtv.com\/sante\/urgences-francois-braun-ordonne-la-mise-en-oeuvre-de-la-mission-flash-sur-le-terrain_AD-202207100279.html\">des recommandations de la mission flash (pilot\u00e9e par Fran\u00e7ois Braun, nouveau ministre de la Sant\u00e9)<\/a>&nbsp;est insuffisante et ne permet pas d\u2019assurer une fluidit\u00e9 et un fonctionnement s\u00e9curitaire\u00a0\u00bb, alerte l&rsquo;organisation.<\/p>\n\n\n\n<blockquote class=\"wp-block-quote is-layout-flow wp-block-quote-is-layout-flow\"><p>\u00ab\u00a0La situation attendue au mois d&rsquo;ao\u00fbt va encore se d\u00e9grader, avec une augmentation des fermetures institutionnelles de lits et une diminution de la disponibilit\u00e9 de l\u2019offre soignante lib\u00e9rale li\u00e9e aux cong\u00e9s.\u00a0\u00bb<\/p><\/blockquote>\n\n\n\n<p><\/p>\n\n\n\n<h2 class=\"wp-block-heading\">\u00ab\u00a0Une maltraitance institutionnelle\u00a0\u00bb<\/h2>\n\n\n\n<p>Le syndicat d\u00e9nonce \u00ab\u00a0une maltraitance institutionnelle\u00a0\u00bb et appelle \u00e0 mettre en place des \u00ab\u00a0mesures contraignantes.\u00a0\u00bb Sinon, \u00ab\u00a0il faut s\u2019attendre \u00e0 l\u2019\u00e9volution rapide vers une situation explosive, qui aura comme premi\u00e8re cons\u00e9quence de nouveaux d\u00e9parts de personnels m\u00e9dicaux et\/ou param\u00e9dicaux fuyant cette maltraitance institutionnelle\u00a0\u00bb, peut-on lire.<\/p>\n\n\n\n<p>Samu urgences de France demande donc \u00ab\u00a0la mise en \u0153uvre d\u2019une r\u00e9elle politique de mise \u00e0 disposition des lits d&rsquo;aval des urgences \u00e0 hauteur du besoin journalier minimal en lits dans tous les \u00e9tablissements.\u00a0\u00bb Si n\u00e9cessaire, \u00ab\u00a0les \u00e9tablissements doivent avoir recours \u00e0 une d\u00e9programmation afin de permettre de r\u00e9cup\u00e9rer du capacitaire\u00a0\u00bb, estime le SUdF.<\/p>\n","protected":false},"excerpt":{"rendered":"<p>Une enqu\u00eate men\u00e9e par le syndicat Samu Urgences de France affirme que de tr\u00e8s nombreux \u00e9tablissements hospitaliers sont oblig\u00e9s de fermer leurs services d&rsquo;urgences, faute de moyens. L&rsquo;organisation d\u00e9nonce une \u00ab\u00a0maltraitance institutionnelle\u00a0\u00bb. Les urgences sont \u00e0 bout de souffle. Et \u00e0 cause d&rsquo;un manque de personnel de plus en plus important, un nombre croissant d&rsquo;\u00e9tablissements [&hellip;]<\/p>\n","protected":false},"author":2,"featured_media":22041,"comment_status":"open","ping_status":"open","sticky":false,"template":"","format":"standard","meta":{"_jetpack_memberships_contains_paid_content":false,"footnotes":"","jetpack_publicize_message":"","jetpack_publicize_feature_enabled":true,"jetpack_social_post_already_shared":true,"jetpack_social_options":{"image_generator_settings":{"template":"highway","default_image_id":0,"font":"","enabled":false},"version":2},"_wpas_customize_per_network":false},"categories":[405],"tags":[],"class_list":["post-22040","post","type-post","status-publish","format-standard","has-post-thumbnail","hentry","category-actu-france-monde"],"jetpack_publicize_connections":[],"jetpack_featured_media_url":"https:\/\/i0.wp.com\/www.iceagetv.com\/radiosite\/wp-content\/uploads\/2022\/08\/CRISE-DES-URGENCES.png?fit=680%2C383&ssl=1","jetpack_sharing_enabled":true,"_links":{"self":[{"href":"https:\/\/www.iceagetv.com\/radiosite\/wp-json\/wp\/v2\/posts\/22040","targetHints":{"allow":["GET"]}}],"collection":[{"href":"https:\/\/www.iceagetv.com\/radiosite\/wp-json\/wp\/v2\/posts"}],"about":[{"href":"https:\/\/www.iceagetv.com\/radiosite\/wp-json\/wp\/v2\/types\/post"}],"author":[{"embeddable":true,"href":"https:\/\/www.iceagetv.com\/radiosite\/wp-json\/wp\/v2\/users\/2"}],"replies":[{"embeddable":true,"href":"https:\/\/www.iceagetv.com\/radiosite\/wp-json\/wp\/v2\/comments?post=22040"}],"version-history":[{"count":1,"href":"https:\/\/www.iceagetv.com\/radiosite\/wp-json\/wp\/v2\/posts\/22040\/revisions"}],"predecessor-version":[{"id":22042,"href":"https:\/\/www.iceagetv.com\/radiosite\/wp-json\/wp\/v2\/posts\/22040\/revisions\/22042"}],"wp:featuredmedia":[{"embeddable":true,"href":"https:\/\/www.iceagetv.com\/radiosite\/wp-json\/wp\/v2\/media\/22041"}],"wp:attachment":[{"href":"https:\/\/www.iceagetv.com\/radiosite\/wp-json\/wp\/v2\/media?parent=22040"}],"wp:term":[{"taxonomy":"category","embeddable":true,"href":"https:\/\/www.iceagetv.com\/radiosite\/wp-json\/wp\/v2\/categories?post=22040"},{"taxonomy":"post_tag","embeddable":true,"href":"https:\/\/www.iceagetv.com\/radiosite\/wp-json\/wp\/v2\/tags?post=22040"}],"curies":[{"name":"wp","href":"https:\/\/api.w.org\/{rel}","templated":true}]}}