{"id":22044,"date":"2022-08-04T07:50:40","date_gmt":"2022-08-04T07:50:40","guid":{"rendered":"http:\/\/www.iceagetv.com\/radiosite\/?p=22044"},"modified":"2022-08-04T07:50:40","modified_gmt":"2022-08-04T07:50:40","slug":"la-cour-dappel-de-paris-autorise-un-amenagement-de-peine-a-lancien-maire-de-levallois-perret-patrick-balkany-qui-sortira-de-prison-demain","status":"publish","type":"post","link":"https:\/\/www.iceagetv.com\/radiosite\/la-cour-dappel-de-paris-autorise-un-amenagement-de-peine-a-lancien-maire-de-levallois-perret-patrick-balkany-qui-sortira-de-prison-demain\/","title":{"rendered":"La cour d&rsquo;appel de Paris autorise un am\u00e9nagement de peine \u00e0 l&rsquo;ancien maire de Levallois-Perret, Patrick Balkany, qui sortira de prison demain"},"content":{"rendered":"\n<p><strong>La cour d&rsquo;appel de Paris autorise un am\u00e9nagement de peine \u00e0 l&rsquo;ancien maire de Levallois-Perret, Patrick Balkany, selon BFMTV. Patrick Balkany sortira de prison demain. Il va b\u00e9n\u00e9ficier d\u2019une lib\u00e9ration conditionnelle.&nbsp;<\/strong><\/p>\n\n\n\n<p>L\u2019ancien baron des Hauts-de-Seine et son \u00e9pouse Isabelle Balkany ont \u00e9t\u00e9 reconnus coupables de ne pas avoir pay\u00e9 d\u2019imp\u00f4t sur la fortune entre 2010 et 2015 et d\u2019avoir pay\u00e9 un imp\u00f4t sur le revenu amplement sous-\u00e9valu\u00e9 entre 2009 et 2014. Apr\u00e8s avoir effectu\u00e9 cinq mois de d\u00e9tention pour fraude fiscale, puis avoir \u00e9t\u00e9 lib\u00e9r\u00e9 sous bracelet \u00e9lectronique pour raisons de sant\u00e9 en f\u00e9vrier 2020, l\u2019ancien \u00e9lu LR est retourn\u00e9 en prison en f\u00e9vrier en raison de nombreux manquements \u00e0 ses obligations, selon la justice.<\/p>\n\n\n\n<p>Son \u00e9pouse avait elle \u00e9t\u00e9 hospitalis\u00e9e apr\u00e8s avoir, selon son mari, fait une tentative de suicide. Elle a regagn\u00e9 son domicile le 4 juin en attendant une \u00e9ventuelle convocation devant la justice. De son c\u00f4t\u00e9, Patrick Balkany est incarc\u00e9r\u00e9 depuis le 7 f\u00e9vrier \u00e0 Fleury-M\u00e9rogis en Essonne.<\/p>\n\n\n\n<p>Le 30 mai, le tribunal d\u2019application des peines d\u2019Evry lui a accord\u00e9 une lib\u00e9ration conditionnelle, sans bracelet \u00e9lectronique. Mais le parquet d\u2019Evry a fait appel, rappelant notamment que l\u2019ancien \u00e9lu LR \u00ab ne justifie, au plus, que du paiement d\u2019une somme totale de 7 000 \u20ac environ, depuis f\u00e9vrier 2022, alors que la dette fiscale dont il a la charge de la r\u00e9paration s\u2019\u00e9l\u00e8ve \u00e0 plus de quatre millions d\u2019euros \u00bb.<\/p>\n\n\n\n<p>Ses avocats ont alors d\u00e9nonc\u00e9 un \u00ab acharnement judiciaire \u00bb. Sa d\u00e9fense a assur\u00e9 que des confiscations avaient d\u00e9j\u00e0 eu lieu, m\u00eame si ces derni\u00e8res ne sont pas encore d\u00e9finitives. Son avocat Robin Binsard a estim\u00e9 que le parquet faisait preuve d\u2019une \u00ab certaine mauvaise foi en ne tenant pas compte de ces confiscations \u00bb.<\/p>\n","protected":false},"excerpt":{"rendered":"<p>La cour d&rsquo;appel de Paris autorise un am\u00e9nagement de peine \u00e0 l&rsquo;ancien maire de Levallois-Perret, Patrick Balkany, selon BFMTV. Patrick Balkany sortira de prison demain. Il va b\u00e9n\u00e9ficier d\u2019une lib\u00e9ration conditionnelle.&nbsp; L\u2019ancien baron des Hauts-de-Seine et son \u00e9pouse Isabelle Balkany ont \u00e9t\u00e9 reconnus coupables de ne pas avoir pay\u00e9 d\u2019imp\u00f4t sur la fortune entre 2010 [&hellip;]<\/p>\n","protected":false},"author":2,"featured_media":22045,"comment_status":"open","ping_status":"open","sticky":false,"template":"","format":"standard","meta":{"_jetpack_memberships_contains_paid_content":false,"footnotes":"","jetpack_publicize_message":"","jetpack_publicize_feature_enabled":true,"jetpack_social_post_already_shared":true,"jetpack_social_options":{"image_generator_settings":{"template":"highway","default_image_id":0,"font":"","enabled":false},"version":2},"_wpas_customize_per_network":false},"categories":[405],"tags":[],"class_list":["post-22044","post","type-post","status-publish","format-standard","has-post-thumbnail","hentry","category-actu-france-monde"],"jetpack_publicize_connections":[],"jetpack_featured_media_url":"https:\/\/i0.wp.com\/www.iceagetv.com\/radiosite\/wp-content\/uploads\/2022\/08\/La-cour-dappel-de-Paris-autorise-un-amenagement-de-peine-a-lancien-maire-de-Levallois-Perret.png?fit=460%2C263&ssl=1","jetpack_sharing_enabled":true,"_links":{"self":[{"href":"https:\/\/www.iceagetv.com\/radiosite\/wp-json\/wp\/v2\/posts\/22044","targetHints":{"allow":["GET"]}}],"collection":[{"href":"https:\/\/www.iceagetv.com\/radiosite\/wp-json\/wp\/v2\/posts"}],"about":[{"href":"https:\/\/www.iceagetv.com\/radiosite\/wp-json\/wp\/v2\/types\/post"}],"author":[{"embeddable":true,"href":"https:\/\/www.iceagetv.com\/radiosite\/wp-json\/wp\/v2\/users\/2"}],"replies":[{"embeddable":true,"href":"https:\/\/www.iceagetv.com\/radiosite\/wp-json\/wp\/v2\/comments?post=22044"}],"version-history":[{"count":1,"href":"https:\/\/www.iceagetv.com\/radiosite\/wp-json\/wp\/v2\/posts\/22044\/revisions"}],"predecessor-version":[{"id":22046,"href":"https:\/\/www.iceagetv.com\/radiosite\/wp-json\/wp\/v2\/posts\/22044\/revisions\/22046"}],"wp:featuredmedia":[{"embeddable":true,"href":"https:\/\/www.iceagetv.com\/radiosite\/wp-json\/wp\/v2\/media\/22045"}],"wp:attachment":[{"href":"https:\/\/www.iceagetv.com\/radiosite\/wp-json\/wp\/v2\/media?parent=22044"}],"wp:term":[{"taxonomy":"category","embeddable":true,"href":"https:\/\/www.iceagetv.com\/radiosite\/wp-json\/wp\/v2\/categories?post=22044"},{"taxonomy":"post_tag","embeddable":true,"href":"https:\/\/www.iceagetv.com\/radiosite\/wp-json\/wp\/v2\/tags?post=22044"}],"curies":[{"name":"wp","href":"https:\/\/api.w.org\/{rel}","templated":true}]}}