{"id":22054,"date":"2022-08-05T07:16:07","date_gmt":"2022-08-05T07:16:07","guid":{"rendered":"http:\/\/www.iceagetv.com\/radiosite\/?p=22054"},"modified":"2022-08-05T07:16:07","modified_gmt":"2022-08-05T07:16:07","slug":"secheresse-la-premiere-ministre-elisabeth-borne-active-la-cellule-interministerielle-de-crise-face-a-une-situation-historique-cette-secheresse-est-la-plus-grave-jamais-enregistree-dans-notre","status":"publish","type":"post","link":"https:\/\/www.iceagetv.com\/radiosite\/secheresse-la-premiere-ministre-elisabeth-borne-active-la-cellule-interministerielle-de-crise-face-a-une-situation-historique-cette-secheresse-est-la-plus-grave-jamais-enregistree-dans-notre\/","title":{"rendered":"S\u00e9cheresse &#8211; La Premi\u00e8re ministre Elisabeth Borne active la cellule interminist\u00e9rielle de crise face \u00e0 une \u00ab\u00a0situation historique\u00a0\u00bb: \u00ab\u00a0Cette s\u00e9cheresse est la plus grave jamais enregistr\u00e9e dans notre pays\u00a0\u00bb"},"content":{"rendered":"\n<p>Face \u00e0 une \u00ab s\u00e9cheresse exceptionnelle \u00bb et une \u00ab situation historique que traversent de nombreux territoires \u00bb, la Premi\u00e8re ministre Elisabeth Borne a d\u00e9cid\u00e9 d\u2019activer la cellule interminist\u00e9rielle de crise, a annonc\u00e9 vendredi Matignon. Elle se r\u00e9unira dans la journ\u00e9e, selon une source gouvernementale.<\/p>\n\n\n\n<p>\u00ab Cette s\u00e9cheresse est la plus grave jamais enregistr\u00e9e dans notre pays \u00bb et \u00ab les pr\u00e9visions m\u00e9t\u00e9o laissent pr\u00e9sager que la situation pourrait perdurer sur les 15 prochains jours, voire devenir plus pr\u00e9occupante encore \u00bb, souligne Matignon. \u00ab La s\u00e9cheresse exceptionnelle que nous connaissons actuellement prive d\u2019eau de nombreuses communes et est un drame pour nos agriculteurs, nos \u00e9cosyst\u00e8mes et la biodiversit\u00e9 \u00bb, ajoutent les services de la Premi\u00e8re ministre dans un communiqu\u00e9.<\/p>\n\n\n\n<p>Cette absence de pluie \u00ab est aggrav\u00e9e par l\u2019accumulation de vagues de chaleur successives qui viennent renforcer l\u2019\u00e9vaporation et les besoins en eau \u00bb, explique cette source. \u00ab Face \u00e0 cette situation historique \u00bb, la Premi\u00e8re ministre a d\u00e9cid\u00e9 d\u2019activer la cellule interminist\u00e9rielle de crise et appelle chacun \u00e0 pr\u00e9server nos ressources en eau\u00ab , \u00e9crit Matignon. Cette cellule doit permettre \u00bbd\u2019assurer une remont\u00e9e d\u2019information r\u00e9guli\u00e8re par les Pr\u00e9fets de d\u00e9partement des zones les plus touch\u00e9es, d\u2019anticiper l\u2019activation \u00e9ventuelle des plans ORSEC \u00ab\u00a0eau\u00a0\u00bb pour les agglom\u00e9rations concern\u00e9es et de coordonner les mesures de s\u00e9curit\u00e9 civile n\u00e9cessaires (approvisionnement en eau des communes, livraison d\u2019eau potable, etc.)\u00ab , selon cette source.<\/p>\n\n\n\n<p>Elle assurera aussi un suivi \u00bbdes impacts de cette s\u00e9cheresse pour nos infrastructures de production d\u2019\u00e9nergie et de transport et pour notre secteur agricole, notamment le secteur de l\u2019\u00e9levage\u00ab . Elisabeth Borne a demand\u00e9 aux Pr\u00e9fets de r\u00e9unir, \u00bbd\u00e8s la semaine prochaine, dans chaque zone de tension les commissions locales de l\u2019eau et, lorsqu\u2019elles existent, les autres structures de concertation locale de gestion de l\u2019eau\u00ab afin de d\u00e9finir \u00bbla priorisation des usages en cas de n\u00e9cessit\u00e9\u00ab . \u00bbDes mesures de restriction ont \u00e9t\u00e9 prises et le seront partout o\u00f9 cela est n\u00e9cessaire afin de garantir les usages prioritaires de sant\u00e9, de s\u00e9curit\u00e9 civile et d\u2019approvisionnement en eau potable\u00ab , pr\u00e9cise encore Matignon.<\/p>\n\n\n\n<p>Jeudi, 93 d\u00e9partements faisaient l\u2019objet de restrictions d\u2019eau dont 62 sont consid\u00e9r\u00e9s \u00bben crise\u00ab , le niveau d\u2019alerte le plus \u00e9lev\u00e9. Depuis mercredi, la Creuse et la Ni\u00e8vre les ont rejoints. Le d\u00e9bat fait d\u2019ailleurs rage sur les r\u00e9seaux sociaux autour des d\u00e9rogations accord\u00e9es aux golfs qui peuvent encore arroser leurs greens m\u00eame lorsque le d\u00e9partement qui les abrite est en \u00bbcrise s\u00e9cheresse\u00a0\u00bb. Lourdes cons\u00e9quences \u00e9galement pour EDF qui pourrait abaisser encore sa production d\u2019\u00e9lectricit\u00e9 nucl\u00e9aire ces prochains jours, voire arr\u00eater un r\u00e9acteur de la centrale du Tricastin (Dr\u00f4me) en raison des temp\u00e9ratures \u00e9lev\u00e9es des fleuves.<\/p>\n","protected":false},"excerpt":{"rendered":"<p>Face \u00e0 une \u00ab s\u00e9cheresse exceptionnelle \u00bb et une \u00ab situation historique que traversent de nombreux territoires \u00bb, la Premi\u00e8re ministre Elisabeth Borne a d\u00e9cid\u00e9 d\u2019activer la cellule interminist\u00e9rielle de crise, a annonc\u00e9 vendredi Matignon. Elle se r\u00e9unira dans la journ\u00e9e, selon une source gouvernementale. \u00ab Cette s\u00e9cheresse est la plus grave jamais enregistr\u00e9e dans [&hellip;]<\/p>\n","protected":false},"author":2,"featured_media":22055,"comment_status":"open","ping_status":"open","sticky":false,"template":"","format":"standard","meta":{"_jetpack_memberships_contains_paid_content":false,"footnotes":"","jetpack_publicize_message":"","jetpack_publicize_feature_enabled":true,"jetpack_social_post_already_shared":true,"jetpack_social_options":{"image_generator_settings":{"template":"highway","default_image_id":0,"font":"","enabled":false},"version":2},"_wpas_customize_per_network":false},"categories":[405],"tags":[],"class_list":["post-22054","post","type-post","status-publish","format-standard","has-post-thumbnail","hentry","category-actu-france-monde"],"jetpack_publicize_connections":[],"jetpack_featured_media_url":"https:\/\/i0.wp.com\/www.iceagetv.com\/radiosite\/wp-content\/uploads\/2022\/08\/La-Premiere-ministre-Elisabeth-Borne-active-la-cellule-interministerielle.jpg?fit=679%2C293&ssl=1","jetpack_sharing_enabled":true,"_links":{"self":[{"href":"https:\/\/www.iceagetv.com\/radiosite\/wp-json\/wp\/v2\/posts\/22054","targetHints":{"allow":["GET"]}}],"collection":[{"href":"https:\/\/www.iceagetv.com\/radiosite\/wp-json\/wp\/v2\/posts"}],"about":[{"href":"https:\/\/www.iceagetv.com\/radiosite\/wp-json\/wp\/v2\/types\/post"}],"author":[{"embeddable":true,"href":"https:\/\/www.iceagetv.com\/radiosite\/wp-json\/wp\/v2\/users\/2"}],"replies":[{"embeddable":true,"href":"https:\/\/www.iceagetv.com\/radiosite\/wp-json\/wp\/v2\/comments?post=22054"}],"version-history":[{"count":1,"href":"https:\/\/www.iceagetv.com\/radiosite\/wp-json\/wp\/v2\/posts\/22054\/revisions"}],"predecessor-version":[{"id":22056,"href":"https:\/\/www.iceagetv.com\/radiosite\/wp-json\/wp\/v2\/posts\/22054\/revisions\/22056"}],"wp:featuredmedia":[{"embeddable":true,"href":"https:\/\/www.iceagetv.com\/radiosite\/wp-json\/wp\/v2\/media\/22055"}],"wp:attachment":[{"href":"https:\/\/www.iceagetv.com\/radiosite\/wp-json\/wp\/v2\/media?parent=22054"}],"wp:term":[{"taxonomy":"category","embeddable":true,"href":"https:\/\/www.iceagetv.com\/radiosite\/wp-json\/wp\/v2\/categories?post=22054"},{"taxonomy":"post_tag","embeddable":true,"href":"https:\/\/www.iceagetv.com\/radiosite\/wp-json\/wp\/v2\/tags?post=22054"}],"curies":[{"name":"wp","href":"https:\/\/api.w.org\/{rel}","templated":true}]}}