{"id":22060,"date":"2022-08-05T12:01:34","date_gmt":"2022-08-05T12:01:34","guid":{"rendered":"http:\/\/www.iceagetv.com\/radiosite\/?p=22060"},"modified":"2022-08-05T12:01:34","modified_gmt":"2022-08-05T12:01:34","slug":"lexpulsion-de-limam-hassan-iquioussen-suspendue-par-le-tribunal-administratif-de-paris","status":"publish","type":"post","link":"https:\/\/www.iceagetv.com\/radiosite\/lexpulsion-de-limam-hassan-iquioussen-suspendue-par-le-tribunal-administratif-de-paris\/","title":{"rendered":"L\u2019expulsion de l\u2019imam Hassan Iquioussen suspendue par le tribunal administratif de Paris"},"content":{"rendered":"\n<p><em>Loin des sir\u00e8nes m\u00e9diatiques, le droit<\/em>\u00a0\u00bb, \u00e9crit Me Lucie Simon. L\u2019avocate\u00a0<a href=\"https:\/\/www.lavoixdunord.fr\/1213403\/article\/2022-08-04\/expulsion-d-hassan-iquioussen-le-tribunal-administratif-de-paris-decidera-avant?referer=%2Farchives%2Frecherche%3Fdatefilter%3Dlastyear%26sort%3Ddate%2Bdesc%26word%3Diquioussen\">d\u2019Hassan Iquioussen\u00a0<\/a>a assur\u00e9 sur Twitter que le tribunal administratif de Paris venait de \u00ab\u00a0<em>suspendre l\u2019expulsion de M. Iquioussen en ce qu\u2019elle porterait une atteinte disproportionn\u00e9e \u00e0 sa vie priv\u00e9e et familiale.<\/em>\u00a0\u00bbL\u2019homme de 57 ans,\u00a0<a href=\"https:\/\/www.lavoixdunord.fr\/1212717\/article\/2022-08-02\/le-predicateur-hassan-iquioussen-bientot-exclu-du-territoire-national-promet\">dans le viseur de G\u00e9rald Darmanin<\/a>\u00a0qui a sign\u00e9 lui-m\u00eame le 29 juillet l\u2019arr\u00eat\u00e9 d\u2019expulsion, est accus\u00e9 par les autorit\u00e9s fran\u00e7aises d\u2019avoir lanc\u00e9 des appels \u00e0 la haine et \u00e0 la violence visant notamment la communaut\u00e9 juive.<\/p>\n\n\n\n<h2 class=\"wp-block-heading\">La CEDH avait rejet\u00e9 la demande de l\u2019avocate<\/h2>\n\n\n\n<p>Son avocate, Lucie Simon, avait saisi mercredi la CEDH, qui si\u00e8ge \u00e0 Strasbourg, consid\u00e9rant que la mesure d\u2019expulsion violait plusieurs dispositions de la Convention europ\u00e9enne des droits de l\u2019Homme sur l\u2019interdiction de la torture et des traitements inhumains et d\u00e9gradants, le droit au respect de la vie priv\u00e9e et familiale, \u00e0 la libert\u00e9 de pens\u00e9e, de conscience et de religion ou encore \u00e0 la libert\u00e9 d\u2019expression.<\/p>\n\n\n\n<p>La CEDH, qui n\u2019a pas motiv\u00e9 sa d\u00e9cision dans son communiqu\u00e9, a rejet\u00e9 sa requ\u00eate, expliquant qu\u2019elle n\u2019accorde des mesures provisoires de suspension \u00ab<em>qu\u2019\u00e0 titre exceptionnel<\/em>\u00bb, lorsque le requ\u00e9rant est expos\u00e9 \u00ab<em>\u00e0 un risque r\u00e9el de dommages irr\u00e9parables<\/em>\u00bb. Ce qu\u2019elle semble consid\u00e9rer ne pas correspondre \u00e0 la situation d\u2019Hassan Iquioussen.<\/p>\n\n\n\n<p>Me Simon avait saisi \u00ab&nbsp;<em>en r\u00e9f\u00e9r\u00e9&nbsp;&nbsp;<\/em>\u00bb, c\u2019est-\u00e0-dire en urgence, le tribunal administratif de Paris pour obtenir la suspension de l\u2019expulsion de son client. \u00c0 l\u2019audience, qui s\u2019est d\u00e9roul\u00e9e jeudi 4 ao\u00fbt, l\u2019avocate a demand\u00e9 au tribunal de se \u00ab&nbsp;<em>m\u00e9fier de phrases coup\u00e9es et sorties de leur contexte&nbsp;&nbsp;<\/em>\u00bb, rejetant \u00ab&nbsp;<em>la gravit\u00e9&nbsp;&nbsp;<\/em>\u00bb comme \u00ab&nbsp;<em>l\u2019actualit\u00e9&nbsp;&nbsp;<\/em>\u00bb des propos reproch\u00e9s \u00e0 l\u2019imam.<\/p>\n\n\n\n<p>Le Maroc a d\u00e9j\u00e0 d\u00e9livr\u00e9 un laisser-passer consulaire \u00e0 la France en d\u00e9but de semaine. Me Lucie Simon s\u2019est refus\u00e9e \u00e0 pr\u00e9ciser la localisation actuelle de son client, inscrit au \u00abFPR\u00bb, le fichier des personnes recherch\u00e9es.<\/p>\n","protected":false},"excerpt":{"rendered":"<p>Loin des sir\u00e8nes m\u00e9diatiques, le droit\u00a0\u00bb, \u00e9crit Me Lucie Simon. L\u2019avocate\u00a0d\u2019Hassan Iquioussen\u00a0a assur\u00e9 sur Twitter que le tribunal administratif de Paris venait de \u00ab\u00a0suspendre l\u2019expulsion de M. Iquioussen en ce qu\u2019elle porterait une atteinte disproportionn\u00e9e \u00e0 sa vie priv\u00e9e et familiale.\u00a0\u00bbL\u2019homme de 57 ans,\u00a0dans le viseur de G\u00e9rald Darmanin\u00a0qui a sign\u00e9 lui-m\u00eame le 29 juillet [&hellip;]<\/p>\n","protected":false},"author":2,"featured_media":22061,"comment_status":"open","ping_status":"open","sticky":false,"template":"","format":"standard","meta":{"_jetpack_memberships_contains_paid_content":false,"footnotes":"","jetpack_publicize_message":"","jetpack_publicize_feature_enabled":true,"jetpack_social_post_already_shared":true,"jetpack_social_options":{"image_generator_settings":{"template":"highway","default_image_id":0,"font":"","enabled":false},"version":2},"_wpas_customize_per_network":false},"categories":[405],"tags":[],"class_list":["post-22060","post","type-post","status-publish","format-standard","has-post-thumbnail","hentry","category-actu-france-monde"],"jetpack_publicize_connections":[],"jetpack_featured_media_url":"https:\/\/i0.wp.com\/www.iceagetv.com\/radiosite\/wp-content\/uploads\/2022\/08\/Lexpulsion-de-limam-Hassan-Iquioussen.jpg?fit=864%2C486&ssl=1","jetpack_sharing_enabled":true,"_links":{"self":[{"href":"https:\/\/www.iceagetv.com\/radiosite\/wp-json\/wp\/v2\/posts\/22060","targetHints":{"allow":["GET"]}}],"collection":[{"href":"https:\/\/www.iceagetv.com\/radiosite\/wp-json\/wp\/v2\/posts"}],"about":[{"href":"https:\/\/www.iceagetv.com\/radiosite\/wp-json\/wp\/v2\/types\/post"}],"author":[{"embeddable":true,"href":"https:\/\/www.iceagetv.com\/radiosite\/wp-json\/wp\/v2\/users\/2"}],"replies":[{"embeddable":true,"href":"https:\/\/www.iceagetv.com\/radiosite\/wp-json\/wp\/v2\/comments?post=22060"}],"version-history":[{"count":1,"href":"https:\/\/www.iceagetv.com\/radiosite\/wp-json\/wp\/v2\/posts\/22060\/revisions"}],"predecessor-version":[{"id":22062,"href":"https:\/\/www.iceagetv.com\/radiosite\/wp-json\/wp\/v2\/posts\/22060\/revisions\/22062"}],"wp:featuredmedia":[{"embeddable":true,"href":"https:\/\/www.iceagetv.com\/radiosite\/wp-json\/wp\/v2\/media\/22061"}],"wp:attachment":[{"href":"https:\/\/www.iceagetv.com\/radiosite\/wp-json\/wp\/v2\/media?parent=22060"}],"wp:term":[{"taxonomy":"category","embeddable":true,"href":"https:\/\/www.iceagetv.com\/radiosite\/wp-json\/wp\/v2\/categories?post=22060"},{"taxonomy":"post_tag","embeddable":true,"href":"https:\/\/www.iceagetv.com\/radiosite\/wp-json\/wp\/v2\/tags?post=22060"}],"curies":[{"name":"wp","href":"https:\/\/api.w.org\/{rel}","templated":true}]}}