{"id":22082,"date":"2022-08-08T05:29:05","date_gmt":"2022-08-08T05:29:05","guid":{"rendered":"https:\/\/www.iceagetv.com\/radiosite\/?p=22082"},"modified":"2022-08-08T05:29:05","modified_gmt":"2022-08-08T05:29:05","slug":"alerte-meteo-meteo-france-place-ce-matin-deux-departements-en-vigilance-orange-canicule-le-gard-et-le-vaucluse","status":"publish","type":"post","link":"https:\/\/www.iceagetv.com\/radiosite\/alerte-meteo-meteo-france-place-ce-matin-deux-departements-en-vigilance-orange-canicule-le-gard-et-le-vaucluse\/","title":{"rendered":"Alerte M\u00e9t\u00e9o &#8211; M\u00e9t\u00e9o France place ce matin deux d\u00e9partements en vigilance orange canicule: le Gard et le Vaucluse"},"content":{"rendered":"\n<p>Ce matin, M\u00e9t\u00e9o France place deux d\u00e9partements en vigilance orange canicule: le Gard et le Vaucluse. \u00ab\u00a0L\u2019\u00e9pisode caniculaire se poursuit autour de la basse vall\u00e9e du Rh\u00f4ne. Sur le Sud-Ouest, la hausse de temp\u00e9rature commence ce lundi apr\u00e8s-midi\u00a0\u00bb, explique l&rsquo;organisme.&nbsp;<\/p>\n\n\n\n<p><strong>Qualification du ph\u00e9nom\u00e8ne<\/strong><\/p>\n\n\n\n<p>Episode caniculaire d\u2019intensit\u00e9 moindre que le pr\u00e9c\u00e9dent, mais durable sur la vall\u00e9e du Rh\u00f4ne et le pourtour m\u00e9diterran\u00e9en.<\/p>\n\n\n\n<p><strong>Situation actuelle<\/strong><\/p>\n\n\n\n<p>Hier dimanche, M\u00e9t\u00e9o-France a encore relev\u00e9 37\u00b0C \u00e0 N\u00eemes (30) et 36\u00b0C \u00e0 Avignon (84). Ce lundi matin, il fait souvent plus de 20\u00b0C sur les r\u00e9gions m\u00e9diterran\u00e9ennes (24\u00b0C \u00e0 N\u00eemes \u00e0 5h).<\/p>\n\n\n\n<p><strong>Evolution pr\u00e9vue<\/strong><\/p>\n\n\n\n<p>Cet apr\u00e8s-midi, les maximales sont \u00e0 nouveau comprises entre 35\u00b0C et 37\u00b0C dans l&rsquo;int\u00e9rieur des r\u00e9gions m\u00e9diterran\u00e9ennes, localement 38\u00b0C sur le pi\u00e9mont c\u00e9venol gardois. Elles sont par ailleurs en hausse sur les d\u00e9partements du Sud-Ouest plac\u00e9s en vigilance jaune, avec 34\u00b0C \u00e0 36\u00b0C. Cette hausse devrait se poursuivre mardi sur le sud-ouest du pays, conduisant probablement \u00e0 hausser le niveau de vigilance de certains d\u00e9partements sur les prochaines cartes.<\/p>\n","protected":false},"excerpt":{"rendered":"<p>Ce matin, M\u00e9t\u00e9o France place deux d\u00e9partements en vigilance orange canicule: le Gard et le Vaucluse. \u00ab\u00a0L\u2019\u00e9pisode caniculaire se poursuit autour de la basse vall\u00e9e du Rh\u00f4ne. Sur le Sud-Ouest, la hausse de temp\u00e9rature commence ce lundi apr\u00e8s-midi\u00a0\u00bb, explique l&rsquo;organisme.&nbsp; Qualification du ph\u00e9nom\u00e8ne Episode caniculaire d\u2019intensit\u00e9 moindre que le pr\u00e9c\u00e9dent, mais durable sur la vall\u00e9e [&hellip;]<\/p>\n","protected":false},"author":2,"featured_media":22083,"comment_status":"open","ping_status":"open","sticky":false,"template":"","format":"standard","meta":{"_jetpack_memberships_contains_paid_content":false,"footnotes":"","jetpack_publicize_message":"","jetpack_publicize_feature_enabled":true,"jetpack_social_post_already_shared":true,"jetpack_social_options":{"image_generator_settings":{"template":"highway","default_image_id":0,"font":"","enabled":false},"version":2},"_wpas_customize_per_network":false},"categories":[14],"tags":[],"class_list":["post-22082","post","type-post","status-publish","format-standard","has-post-thumbnail","hentry","category-actu-meteo"],"jetpack_publicize_connections":[],"jetpack_featured_media_url":"https:\/\/i0.wp.com\/www.iceagetv.com\/radiosite\/wp-content\/uploads\/2022\/08\/capture_decran_2022-08-08_a_07.webp?fit=603%2C435&ssl=1","jetpack_sharing_enabled":true,"_links":{"self":[{"href":"https:\/\/www.iceagetv.com\/radiosite\/wp-json\/wp\/v2\/posts\/22082","targetHints":{"allow":["GET"]}}],"collection":[{"href":"https:\/\/www.iceagetv.com\/radiosite\/wp-json\/wp\/v2\/posts"}],"about":[{"href":"https:\/\/www.iceagetv.com\/radiosite\/wp-json\/wp\/v2\/types\/post"}],"author":[{"embeddable":true,"href":"https:\/\/www.iceagetv.com\/radiosite\/wp-json\/wp\/v2\/users\/2"}],"replies":[{"embeddable":true,"href":"https:\/\/www.iceagetv.com\/radiosite\/wp-json\/wp\/v2\/comments?post=22082"}],"version-history":[{"count":1,"href":"https:\/\/www.iceagetv.com\/radiosite\/wp-json\/wp\/v2\/posts\/22082\/revisions"}],"predecessor-version":[{"id":22084,"href":"https:\/\/www.iceagetv.com\/radiosite\/wp-json\/wp\/v2\/posts\/22082\/revisions\/22084"}],"wp:featuredmedia":[{"embeddable":true,"href":"https:\/\/www.iceagetv.com\/radiosite\/wp-json\/wp\/v2\/media\/22083"}],"wp:attachment":[{"href":"https:\/\/www.iceagetv.com\/radiosite\/wp-json\/wp\/v2\/media?parent=22082"}],"wp:term":[{"taxonomy":"category","embeddable":true,"href":"https:\/\/www.iceagetv.com\/radiosite\/wp-json\/wp\/v2\/categories?post=22082"},{"taxonomy":"post_tag","embeddable":true,"href":"https:\/\/www.iceagetv.com\/radiosite\/wp-json\/wp\/v2\/tags?post=22082"}],"curies":[{"name":"wp","href":"https:\/\/api.w.org\/{rel}","templated":true}]}}