{"id":22094,"date":"2022-08-09T15:49:34","date_gmt":"2022-08-09T15:49:34","guid":{"rendered":"http:\/\/www.iceagetv.com\/radiosite\/?p=22094"},"modified":"2022-08-09T15:49:34","modified_gmt":"2022-08-09T15:49:34","slug":"le-styliste-japonais-issey-miyake-dont-la-carriere-sest-etendue-sur-plus-dun-demi-siecle-est-decede-a-lage-de-84-ans-annonce-son-bureau-de-tokyo","status":"publish","type":"post","link":"https:\/\/www.iceagetv.com\/radiosite\/le-styliste-japonais-issey-miyake-dont-la-carriere-sest-etendue-sur-plus-dun-demi-siecle-est-decede-a-lage-de-84-ans-annonce-son-bureau-de-tokyo\/","title":{"rendered":"Le styliste japonais Issey Miyake, dont la carri\u00e8re s&rsquo;est \u00e9tendue sur plus d&rsquo;un demi-si\u00e8cle, est d\u00e9c\u00e9d\u00e9 \u00e0 l&rsquo;\u00e2ge de 84 ans, annonce son bureau de Tokyo"},"content":{"rendered":"\n<p>Le cr\u00e9ateur de mode japonais Issey Miyake, dont la carri\u00e8re s&rsquo;est \u00e9tendue sur plus d&rsquo;un demi-si\u00e8cle, est d\u00e9c\u00e9d\u00e9 \u00e0 l&rsquo;\u00e2ge de 84 ans, a annonc\u00e9 mardi \u00e0 l&rsquo;AFP une employ\u00e9e de son bureau \u00e0 Tokyo. \u00ab\u00a0Il est mort dans la soir\u00e9e du 5 ao\u00fbt\u00a0\u00bb, a-t-elle dit au t\u00e9l\u00e9phone, refusant d&rsquo;\u00eatre nomm\u00e9e et sans donner plus de d\u00e9tails sur son d\u00e9c\u00e8s. La cha\u00eene de t\u00e9l\u00e9vision publique japonaise a \u00e9galement annonc\u00e9 sa mort.<\/p>\n\n\n\n<p>N\u00e9 le 22 avril 1938 \u00e0 Hiroshima (ouest du Japon), Issey Miyake avait sept ans le 6 ao\u00fbt 1945 quand les Etats-Unis avaient largu\u00e9 la premi\u00e8re bombe atomique de l&rsquo;Histoire sur sa ville natale, faisant 140 000 morts et traumatisant \u00e0 vie les rescap\u00e9s. Il avait surv\u00e9cu mais sa m\u00e8re \u00e9tait morte trois ans plus tard des suites des radiations.<\/p>\n\n\n\n<p>\u00c0 peine dipl\u00f4m\u00e9 de l&rsquo;universit\u00e9 des beaux-arts de Tama \u00e0 Tokyo, il s&rsquo;\u00e9tait install\u00e9 \u00e0 Paris en 1965 et avait \u00e9tudi\u00e9 \u00e0 l&rsquo;\u00e9cole de la Chambre syndicale de la Couture parisienne. \u00c0 partir des ann\u00e9es 1980, Issey Miyake avait fait rayonner son style \u00e0 travers le monde en utilisant des mat\u00e9riaux jamais vus dans la mode jusqu&rsquo;alors.<\/p>\n","protected":false},"excerpt":{"rendered":"<p>Le cr\u00e9ateur de mode japonais Issey Miyake, dont la carri\u00e8re s&rsquo;est \u00e9tendue sur plus d&rsquo;un demi-si\u00e8cle, est d\u00e9c\u00e9d\u00e9 \u00e0 l&rsquo;\u00e2ge de 84 ans, a annonc\u00e9 mardi \u00e0 l&rsquo;AFP une employ\u00e9e de son bureau \u00e0 Tokyo. \u00ab\u00a0Il est mort dans la soir\u00e9e du 5 ao\u00fbt\u00a0\u00bb, a-t-elle dit au t\u00e9l\u00e9phone, refusant d&rsquo;\u00eatre nomm\u00e9e et sans donner plus [&hellip;]<\/p>\n","protected":false},"author":2,"featured_media":22095,"comment_status":"open","ping_status":"open","sticky":false,"template":"","format":"standard","meta":{"_jetpack_memberships_contains_paid_content":false,"footnotes":"","jetpack_publicize_message":"","jetpack_publicize_feature_enabled":true,"jetpack_social_post_already_shared":true,"jetpack_social_options":{"image_generator_settings":{"template":"highway","default_image_id":0,"font":"","enabled":false},"version":2},"_wpas_customize_per_network":false},"categories":[68],"tags":[3071],"class_list":["post-22094","post","type-post","status-publish","format-standard","has-post-thumbnail","hentry","category-actu-culturelle","tag-le-styliste-japonais-issey-miyake"],"jetpack_publicize_connections":[],"jetpack_featured_media_url":"https:\/\/i0.wp.com\/www.iceagetv.com\/radiosite\/wp-content\/uploads\/2022\/08\/Le-styliste-japonais-Issey-Miyake.jpg?fit=679%2C293&ssl=1","jetpack_sharing_enabled":true,"_links":{"self":[{"href":"https:\/\/www.iceagetv.com\/radiosite\/wp-json\/wp\/v2\/posts\/22094","targetHints":{"allow":["GET"]}}],"collection":[{"href":"https:\/\/www.iceagetv.com\/radiosite\/wp-json\/wp\/v2\/posts"}],"about":[{"href":"https:\/\/www.iceagetv.com\/radiosite\/wp-json\/wp\/v2\/types\/post"}],"author":[{"embeddable":true,"href":"https:\/\/www.iceagetv.com\/radiosite\/wp-json\/wp\/v2\/users\/2"}],"replies":[{"embeddable":true,"href":"https:\/\/www.iceagetv.com\/radiosite\/wp-json\/wp\/v2\/comments?post=22094"}],"version-history":[{"count":1,"href":"https:\/\/www.iceagetv.com\/radiosite\/wp-json\/wp\/v2\/posts\/22094\/revisions"}],"predecessor-version":[{"id":22096,"href":"https:\/\/www.iceagetv.com\/radiosite\/wp-json\/wp\/v2\/posts\/22094\/revisions\/22096"}],"wp:featuredmedia":[{"embeddable":true,"href":"https:\/\/www.iceagetv.com\/radiosite\/wp-json\/wp\/v2\/media\/22095"}],"wp:attachment":[{"href":"https:\/\/www.iceagetv.com\/radiosite\/wp-json\/wp\/v2\/media?parent=22094"}],"wp:term":[{"taxonomy":"category","embeddable":true,"href":"https:\/\/www.iceagetv.com\/radiosite\/wp-json\/wp\/v2\/categories?post=22094"},{"taxonomy":"post_tag","embeddable":true,"href":"https:\/\/www.iceagetv.com\/radiosite\/wp-json\/wp\/v2\/tags?post=22094"}],"curies":[{"name":"wp","href":"https:\/\/api.w.org\/{rel}","templated":true}]}}