{"id":22101,"date":"2022-08-12T08:56:15","date_gmt":"2022-08-12T08:56:15","guid":{"rendered":"http:\/\/www.iceagetv.com\/radiosite\/?p=22101"},"modified":"2022-08-12T08:56:15","modified_gmt":"2022-08-12T08:56:15","slug":"incendie-en-gironde-leurope-vole-au-secours-de-la-france-pour-aider-les-pompiers-qui-luttent-depuis-deux-jours-contre-les-feux-de-foret","status":"publish","type":"post","link":"https:\/\/www.iceagetv.com\/radiosite\/incendie-en-gironde-leurope-vole-au-secours-de-la-france-pour-aider-les-pompiers-qui-luttent-depuis-deux-jours-contre-les-feux-de-foret\/","title":{"rendered":"Incendie en Gironde &#8211; L&rsquo;Europe vole au secours de la France pour aider les pompiers qui luttent depuis deux jours contre les feux de for\u00eat"},"content":{"rendered":"\n<p>L&rsquo;Europe vole au secours de la France pour aider les pompiers qui luttent avec acharnement depuis deux jours contre la reprise spectaculaire d&rsquo;un incendie en Gironde et dans les Landes, o\u00f9 de premiers renforts sont arriv\u00e9s d&rsquo;Allemagne jeudi. Au total, 361 pompiers europ\u00e9ens ont pris la route du sud-ouest de la France pour \u00e9pauler les 1.100 pompiers qui combattent nuit et jour une reprise de feu du gigantesque incendie de Landiras (14.000 hectares d\u00e9j\u00e0 br\u00fbl\u00e9s en juillet).<\/p>\n\n\n\n<p>\u00ab\u00a0Le chantier\u00a0\u00bb, dans le jargon des soldats du feu, est colossal dans cette zone o\u00f9 le ciel est napp\u00e9 d&rsquo;un voile gris\u00e2tre, masquant quasi totalement le soleil br\u00fblant. Dans un large p\u00e9rim\u00e8tre autour de Hostens (Gironde), o\u00f9 se sont rendus jeudi la Premi\u00e8re ministre Elisabeth Borne et le ministre de l&rsquo;Int\u00e9rieur G\u00e9rald Darmanin, le feu, chaotique, a ravag\u00e9 depuis maintenant deux jours 7.400 ha de for\u00eats dess\u00e9ch\u00e9es et forc\u00e9 10.000 personnes \u00e0 quitter leur domicile, parfois pour la seconde fois depuis un mois.<\/p>\n\n\n\n<p>Jeudi apr\u00e8s-midi, 65 pompiers allemands et 24 v\u00e9hicules sont arriv\u00e9s. Des dizaines d&rsquo;autres pompiers sont attendus dans les prochains jours avec leurs camions venus de Roumanie, Pologne, Autriche. \u00ab\u00a0Les Roumains et les Allemands seront sur le terrain demain matin \u00e0 l&rsquo;aube\u00a0\u00bb, a assur\u00e9 \u00e0 la presse Martin Guespereau, pr\u00e9fet d\u00e9l\u00e9gu\u00e9 pour la d\u00e9fense et la s\u00e9curit\u00e9 en Gironde.<\/p>\n","protected":false},"excerpt":{"rendered":"<p>L&rsquo;Europe vole au secours de la France pour aider les pompiers qui luttent avec acharnement depuis deux jours contre la reprise spectaculaire d&rsquo;un incendie en Gironde et dans les Landes, o\u00f9 de premiers renforts sont arriv\u00e9s d&rsquo;Allemagne jeudi. Au total, 361 pompiers europ\u00e9ens ont pris la route du sud-ouest de la France pour \u00e9pauler les [&hellip;]<\/p>\n","protected":false},"author":2,"featured_media":22102,"comment_status":"open","ping_status":"open","sticky":false,"template":"","format":"standard","meta":{"_jetpack_memberships_contains_paid_content":false,"footnotes":"","jetpack_publicize_message":"","jetpack_publicize_feature_enabled":true,"jetpack_social_post_already_shared":true,"jetpack_social_options":{"image_generator_settings":{"template":"highway","default_image_id":0,"font":"","enabled":false},"version":2},"_wpas_customize_per_network":false},"categories":[405],"tags":[],"class_list":["post-22101","post","type-post","status-publish","format-standard","has-post-thumbnail","hentry","category-actu-france-monde"],"jetpack_publicize_connections":[],"jetpack_featured_media_url":"https:\/\/i0.wp.com\/www.iceagetv.com\/radiosite\/wp-content\/uploads\/2022\/08\/LEurope-vole-au-secours-de-la-France-pour-aider-les-pompiers-qui-luttent-depuis-deux-jours-contre-les-feux-de-foret.jpg?fit=679%2C293&ssl=1","jetpack_sharing_enabled":true,"_links":{"self":[{"href":"https:\/\/www.iceagetv.com\/radiosite\/wp-json\/wp\/v2\/posts\/22101","targetHints":{"allow":["GET"]}}],"collection":[{"href":"https:\/\/www.iceagetv.com\/radiosite\/wp-json\/wp\/v2\/posts"}],"about":[{"href":"https:\/\/www.iceagetv.com\/radiosite\/wp-json\/wp\/v2\/types\/post"}],"author":[{"embeddable":true,"href":"https:\/\/www.iceagetv.com\/radiosite\/wp-json\/wp\/v2\/users\/2"}],"replies":[{"embeddable":true,"href":"https:\/\/www.iceagetv.com\/radiosite\/wp-json\/wp\/v2\/comments?post=22101"}],"version-history":[{"count":1,"href":"https:\/\/www.iceagetv.com\/radiosite\/wp-json\/wp\/v2\/posts\/22101\/revisions"}],"predecessor-version":[{"id":22103,"href":"https:\/\/www.iceagetv.com\/radiosite\/wp-json\/wp\/v2\/posts\/22101\/revisions\/22103"}],"wp:featuredmedia":[{"embeddable":true,"href":"https:\/\/www.iceagetv.com\/radiosite\/wp-json\/wp\/v2\/media\/22102"}],"wp:attachment":[{"href":"https:\/\/www.iceagetv.com\/radiosite\/wp-json\/wp\/v2\/media?parent=22101"}],"wp:term":[{"taxonomy":"category","embeddable":true,"href":"https:\/\/www.iceagetv.com\/radiosite\/wp-json\/wp\/v2\/categories?post=22101"},{"taxonomy":"post_tag","embeddable":true,"href":"https:\/\/www.iceagetv.com\/radiosite\/wp-json\/wp\/v2\/tags?post=22101"}],"curies":[{"name":"wp","href":"https:\/\/api.w.org\/{rel}","templated":true}]}}