{"id":22108,"date":"2022-08-12T09:47:07","date_gmt":"2022-08-12T09:47:07","guid":{"rendered":"http:\/\/www.iceagetv.com\/radiosite\/?p=22108"},"modified":"2022-08-12T09:47:07","modified_gmt":"2022-08-12T09:47:07","slug":"disparition-de-sempe-genie-du-dessin-de-presse","status":"publish","type":"post","link":"https:\/\/www.iceagetv.com\/radiosite\/disparition-de-sempe-genie-du-dessin-de-presse\/","title":{"rendered":"DISPARITION DE SEMP\u00c9 : G\u00c9NIE DU DESSIN DE PRESSE"},"content":{"rendered":"\n<p>Jean-Jacques Semp\u00e9, mort \u00e0 l\u2019\u00e2ge de 89 ans ce jeudi, est notamment connu pour Le Petit Nicolas. Mais Semp\u00e9 \u00e9tait aussi dessinateur humoristique de presse, un m\u00e9tier qu\u2019il a exerc\u00e9 dans bon nombre de canards, en France, en Belgique mais aussi \u00e0 New York.<\/p>\n\n\n\n<p>Semp\u00e9, c\u2019est aussi la presse. De Sud-Ouest, en passant par World Press, l\u2019Express, Le Moustique ou encore The New Yorker, tous ont \u00e9t\u00e9 marqu\u00e9s par le coup de crayon caustique du dessinateur.<\/p>\n\n\n\n<p>Tout commence en 1950,\u00a0<a rel=\"noreferrer noopener\" href=\"https:\/\/www.cnews.fr\/france\/2022-08-11\/disparition-le-dessinateur-jean-jacques-sempe-pere-du-petit-nicolas-est-mort-lage\" target=\"_blank\">Jean-Jacques Semp\u00e9\u00a0<\/a>pousse alors les portes du journal bordelais Sud-Ouest. Il y fait ses armes, en apprenant le m\u00e9tier de dessinateur de presse, et signe ses croquis par \u00abDRO\u00bb, de l\u2019anglais \u00abto draw\u00bb, dessiner. Dans le num\u00e9ro du\u00a029 avril 1951, il publie son premier dessin sous son vrai nom.<\/p>\n\n\n\n<h2 class=\"wp-block-heading\">RENCONTRE AVEC GOSCINNY<\/h2>\n\n\n\n<p>En 1954, dans les bureaux de l\u2019agence de presse belge World Press, Semp\u00e9 rencontre celui avec qui il partagera une grande partie de sa carri\u00e8re, Ren\u00e9 Goscinny. Les deux artistes continuent de dessiner pour la presse et leurs collaborations s\u2019\u00e9largissent \u00e0 d\u2019autres m\u00e9dias, comme l&rsquo;hebdomadaire belge&nbsp;Le Moustique,&nbsp;qui publie leurs dessins en couverture et sous forme de feuilletons, narrant les aventures d\u2019un petit gar\u00e7on, Nicolas. C\u2019est ainsi que va na\u00eetre le personnage du Petit Nicolas. Malheureusement, l\u2019aventure s\u2019arr\u00eatera \u00e0 la 28\u00e8me planche, l\u2019\u00e9diteur du journal belge ne voulant pas valoriser davantage le travail des deux dessinateurs.<\/p>\n\n\n\n<p>Trois ans plus tard,&nbsp;Sud Ouest Dimanche&nbsp;passe une commande aux deux artistes qui, reprenant leur Petit Nicolas, lui donnent cette fois-ci la forme d\u2019un conte illustr\u00e9.<\/p>\n\n\n\n<h2 class=\"wp-block-heading\">THE NEW YORKER<\/h2>\n\n\n\n<p>Le succ\u00e8s grandissant du duo d\u2019artiste fait que plusieurs m\u00e9dias fran\u00e7ais s\u2019arrachent les talents de Semp\u00e9 et Goscinny. Semp\u00e9 collabore ainsi avec de nombreux journaux et magazines fran\u00e7ais comme&nbsp;France Dimanche,&nbsp;Paris Match, Punch, Esquire&nbsp;et&nbsp;Pilote. Fran\u00e7oise Giroud l\u2019accueille m\u00eame \u00e0&nbsp;L\u2019Express, de 1965 \u00e0 1975. Il croque \u00e9galement dans le Figaro, T\u00e9l\u00e9rama et Le Nouvel Observateur.<\/p>\n\n\n\n<p>La cons\u00e9cration de ses dessins de presse arrive en 1978. Semp\u00e9 est alors embauch\u00e9 au New Yorker, o\u00f9 il&nbsp;signe sa premi\u00e8re Une en dessinant un employ\u00e9 de bureau pr\u00eat \u00e0 s&rsquo;envoler depuis la fen\u00eatre de sa tour. Au fil d&rsquo;une centaine de Unes, il trace son bonheur de vivre dans cette m\u00e9galopole, avec ses chats indolents, ses humains minuscules, sa fr\u00e9n\u00e9sie, ses jazzmen et ses jardins cach\u00e9s.<\/p>\n","protected":false},"excerpt":{"rendered":"<p>Jean-Jacques Semp\u00e9, mort \u00e0 l\u2019\u00e2ge de 89 ans ce jeudi, est notamment connu pour Le Petit Nicolas. Mais Semp\u00e9 \u00e9tait aussi dessinateur humoristique de presse, un m\u00e9tier qu\u2019il a exerc\u00e9 dans bon nombre de canards, en France, en Belgique mais aussi \u00e0 New York. Semp\u00e9, c\u2019est aussi la presse. De Sud-Ouest, en passant par World [&hellip;]<\/p>\n","protected":false},"author":2,"featured_media":22109,"comment_status":"open","ping_status":"open","sticky":false,"template":"","format":"standard","meta":{"_jetpack_memberships_contains_paid_content":false,"footnotes":"","jetpack_publicize_message":"","jetpack_publicize_feature_enabled":true,"jetpack_social_post_already_shared":true,"jetpack_social_options":{"image_generator_settings":{"template":"highway","default_image_id":0,"font":"","enabled":false},"version":2},"_wpas_customize_per_network":false},"categories":[405],"tags":[],"class_list":["post-22108","post","type-post","status-publish","format-standard","has-post-thumbnail","hentry","category-actu-france-monde"],"jetpack_publicize_connections":[],"jetpack_featured_media_url":"https:\/\/i0.wp.com\/www.iceagetv.com\/radiosite\/wp-content\/uploads\/2022\/08\/DISPARITION-DE-SEMPE.jpg?fit=750%2C422&ssl=1","jetpack_sharing_enabled":true,"_links":{"self":[{"href":"https:\/\/www.iceagetv.com\/radiosite\/wp-json\/wp\/v2\/posts\/22108","targetHints":{"allow":["GET"]}}],"collection":[{"href":"https:\/\/www.iceagetv.com\/radiosite\/wp-json\/wp\/v2\/posts"}],"about":[{"href":"https:\/\/www.iceagetv.com\/radiosite\/wp-json\/wp\/v2\/types\/post"}],"author":[{"embeddable":true,"href":"https:\/\/www.iceagetv.com\/radiosite\/wp-json\/wp\/v2\/users\/2"}],"replies":[{"embeddable":true,"href":"https:\/\/www.iceagetv.com\/radiosite\/wp-json\/wp\/v2\/comments?post=22108"}],"version-history":[{"count":1,"href":"https:\/\/www.iceagetv.com\/radiosite\/wp-json\/wp\/v2\/posts\/22108\/revisions"}],"predecessor-version":[{"id":22110,"href":"https:\/\/www.iceagetv.com\/radiosite\/wp-json\/wp\/v2\/posts\/22108\/revisions\/22110"}],"wp:featuredmedia":[{"embeddable":true,"href":"https:\/\/www.iceagetv.com\/radiosite\/wp-json\/wp\/v2\/media\/22109"}],"wp:attachment":[{"href":"https:\/\/www.iceagetv.com\/radiosite\/wp-json\/wp\/v2\/media?parent=22108"}],"wp:term":[{"taxonomy":"category","embeddable":true,"href":"https:\/\/www.iceagetv.com\/radiosite\/wp-json\/wp\/v2\/categories?post=22108"},{"taxonomy":"post_tag","embeddable":true,"href":"https:\/\/www.iceagetv.com\/radiosite\/wp-json\/wp\/v2\/tags?post=22108"}],"curies":[{"name":"wp","href":"https:\/\/api.w.org\/{rel}","templated":true}]}}