{"id":22121,"date":"2022-08-13T14:49:19","date_gmt":"2022-08-13T14:49:19","guid":{"rendered":"http:\/\/www.iceagetv.com\/radiosite\/?p=22121"},"modified":"2022-08-13T14:49:19","modified_gmt":"2022-08-13T14:49:19","slug":"grenoble-un-irakien-arme-dun-couteau-a-agresse-et-menace-des-clients-assis-a-la-terrasse-dun-bar-vous-etes-de-mauvais-musulmans-je-vais-tous-vous-decouper%e2%80%89","status":"publish","type":"post","link":"https:\/\/www.iceagetv.com\/radiosite\/grenoble-un-irakien-arme-dun-couteau-a-agresse-et-menace-des-clients-assis-a-la-terrasse-dun-bar-vous-etes-de-mauvais-musulmans-je-vais-tous-vous-decouper%e2%80%89\/","title":{"rendered":"Grenoble : Un Irakien arm\u00e9 d\u2019un couteau a agress\u00e9 et menac\u00e9 des clients assis \u00e0 la terrasse d\u2019un bar : \u00ab\u00a0Vous \u00eates de mauvais musulmans. Je vais tous vous d\u00e9couper\u2009!\u201d"},"content":{"rendered":"\n<p>A Grenoble, un Irakien arm\u00e9 d\u2019un couteau a agress\u00e9 et menac\u00e9 des clients assis \u00e0 la terrasse d\u2019un bar en les accusant d\u2019\u00eatre de \u00ab\u00a0mauvais musulmans\u00a0\u00bb selon les informations de nos confr\u00e8res du&nbsp;<a href=\"https:\/\/www.ledauphine.com\/faits-divers-justice\/2022\/08\/11\/attaque-au-couteau-sur-la-place-notre-dame\" target=\"_blank\" rel=\"noreferrer noopener\">Dauphin\u00e9.<\/a>&nbsp;La sc\u00e8ne s&rsquo;est produite en plein apr\u00e8s-midi et a provoqu\u00e9 la stupeur parmi tous ceux qui \u00e9taient attabl\u00e9s et ils ont d\u00e9cid\u00e9 de ne pas se laisser faire malgr\u00e9 les menaces et le couteau.<\/p>\n\n\n\n<p>\u00ab\u2009Il a commenc\u00e9 par nous dire \u201cBonjour\u201d et puis il nous a demand\u00e9 si on \u00e9tait Arabes\u2009\u00bb, explique le t\u00e9moin. \u00ab\u2009Il \u00e9tait lui-m\u00eame de type maghr\u00e9bin et il a insist\u00e9 en posant la question plusieurs fois. On lui a r\u00e9pondu \u201coui\u201d et l\u00e0, il a sorti un couteau d\u2019au moins 50 centim\u00e8tres et il s\u2019est mis \u00e0 crier\u2009: \u201cVous faites honte \u00e0 votre religion\u2009! Vous \u00eates de mauvais musulmans. Je vais tous vous d\u00e9couper\u2009!\u201d\u2009\u00bb<\/p>\n\n\n\n<p>Les clients ont alors encercl\u00e9 l&rsquo;homme et l&rsquo;ont poursuivi jusqu\u2019\u00e0 la place de Verdun o\u00f9 il a \u00e9t\u00e9 arr\u00eat\u00e9 par la police.<\/p>\n\n\n\n<p>Interrog\u00e9s par nos confr\u00e8res du Dauphine, certains t\u00e9moins n&rsquo;h\u00e9sitent pas \u00e0 parler \u00ab\u00a0d&rsquo;un acte terroriste\u00a0\u00bb en raison des propos tenus par l&rsquo;individu arm\u00e9. Mais les autorit\u00e9s judiciaires semble d&rsquo;\u00eatre d&rsquo;un autre avis puisque, contact\u00e9 par&nbsp;Le Figaro, le procureur de la R\u00e9publique de Grenoble Eric Vaillant a indiqu\u00e9 que l&rsquo;homme en question avait \u00e9t\u00e9 arr\u00eat\u00e9 et hospitalis\u00e9 en psychiatrie.<\/p>\n","protected":false},"excerpt":{"rendered":"<p>A Grenoble, un Irakien arm\u00e9 d\u2019un couteau a agress\u00e9 et menac\u00e9 des clients assis \u00e0 la terrasse d\u2019un bar en les accusant d\u2019\u00eatre de \u00ab\u00a0mauvais musulmans\u00a0\u00bb selon les informations de nos confr\u00e8res du&nbsp;Dauphin\u00e9.&nbsp;La sc\u00e8ne s&rsquo;est produite en plein apr\u00e8s-midi et a provoqu\u00e9 la stupeur parmi tous ceux qui \u00e9taient attabl\u00e9s et ils ont d\u00e9cid\u00e9 de [&hellip;]<\/p>\n","protected":false},"author":2,"featured_media":22122,"comment_status":"open","ping_status":"open","sticky":false,"template":"","format":"standard","meta":{"_jetpack_memberships_contains_paid_content":false,"footnotes":"","jetpack_publicize_message":"","jetpack_publicize_feature_enabled":true,"jetpack_social_post_already_shared":true,"jetpack_social_options":{"image_generator_settings":{"template":"highway","default_image_id":0,"font":"","enabled":false},"version":2},"_wpas_customize_per_network":false},"categories":[405],"tags":[],"class_list":["post-22121","post","type-post","status-publish","format-standard","has-post-thumbnail","hentry","category-actu-france-monde"],"jetpack_publicize_connections":[],"jetpack_featured_media_url":"https:\/\/i0.wp.com\/www.iceagetv.com\/radiosite\/wp-content\/uploads\/2022\/08\/Grenoble.jpg?fit=1176%2C661&ssl=1","jetpack_sharing_enabled":true,"_links":{"self":[{"href":"https:\/\/www.iceagetv.com\/radiosite\/wp-json\/wp\/v2\/posts\/22121","targetHints":{"allow":["GET"]}}],"collection":[{"href":"https:\/\/www.iceagetv.com\/radiosite\/wp-json\/wp\/v2\/posts"}],"about":[{"href":"https:\/\/www.iceagetv.com\/radiosite\/wp-json\/wp\/v2\/types\/post"}],"author":[{"embeddable":true,"href":"https:\/\/www.iceagetv.com\/radiosite\/wp-json\/wp\/v2\/users\/2"}],"replies":[{"embeddable":true,"href":"https:\/\/www.iceagetv.com\/radiosite\/wp-json\/wp\/v2\/comments?post=22121"}],"version-history":[{"count":1,"href":"https:\/\/www.iceagetv.com\/radiosite\/wp-json\/wp\/v2\/posts\/22121\/revisions"}],"predecessor-version":[{"id":22123,"href":"https:\/\/www.iceagetv.com\/radiosite\/wp-json\/wp\/v2\/posts\/22121\/revisions\/22123"}],"wp:featuredmedia":[{"embeddable":true,"href":"https:\/\/www.iceagetv.com\/radiosite\/wp-json\/wp\/v2\/media\/22122"}],"wp:attachment":[{"href":"https:\/\/www.iceagetv.com\/radiosite\/wp-json\/wp\/v2\/media?parent=22121"}],"wp:term":[{"taxonomy":"category","embeddable":true,"href":"https:\/\/www.iceagetv.com\/radiosite\/wp-json\/wp\/v2\/categories?post=22121"},{"taxonomy":"post_tag","embeddable":true,"href":"https:\/\/www.iceagetv.com\/radiosite\/wp-json\/wp\/v2\/tags?post=22121"}],"curies":[{"name":"wp","href":"https:\/\/api.w.org\/{rel}","templated":true}]}}