{"id":22144,"date":"2022-08-15T13:17:49","date_gmt":"2022-08-15T13:17:49","guid":{"rendered":"http:\/\/www.iceagetv.com\/radiosite\/?p=22144"},"modified":"2022-08-15T13:17:49","modified_gmt":"2022-08-15T13:17:49","slug":"procession-religieuse-du-15-aout-a-saint-raphael-un-individu-menace-et-crache-sur-les-catholiques-avant-detre-interpelle-par-les-forces-de-lordre-alors-quil-sappretait-a-sortir-des-ciseaux","status":"publish","type":"post","link":"https:\/\/www.iceagetv.com\/radiosite\/procession-religieuse-du-15-aout-a-saint-raphael-un-individu-menace-et-crache-sur-les-catholiques-avant-detre-interpelle-par-les-forces-de-lordre-alors-quil-sappretait-a-sortir-des-ciseaux\/","title":{"rendered":"Procession religieuse du 15 ao\u00fbt : A Saint-Rapha\u00ebl, un individu menace et crache sur les catholiques avant d&rsquo;\u00eatre interpell\u00e9 par les forces de l&rsquo;ordre alors qu&rsquo;il s&rsquo;appr\u00eatait \u00e0 sortir des ciseaux"},"content":{"rendered":"\n<p>Le ministre de l\u2019Int\u00e9rieur avait demand\u00e9 la semaine derni\u00e8re de \u00ab\u00a0renforcer significativement la surveillance des \u00e9glises et des offices\u00a0\u00bb \u00e0 l\u2019occasion de la f\u00eate catholique de l\u2019Assomption de ce 15 ao\u00fbt et en raison de la \u00ab\u00a0persistance du risque terroriste\u00a0\u00bb.<\/p>\n\n\n\n<p>\u00ab\u00a0Je souhaite que votre attention se porte tout particuli\u00e8rement sur les offices, rassemblements, processions et p\u00e8lerinages du 15 ao\u00fbt\u00a0\u00bb, avait \u00e9crit le ministre de l\u2019Int\u00e9rieur.<\/p>\n\n\n\n<p>Un premier incident est signal\u00e9 cet apr\u00e8s-midi, puisque une procession religieuse qui avait lieu \u00e0 l&rsquo;occasion du 15 ao\u00fbt \u00e0 Saint-Rapha\u00ebl, a \u00e9t\u00e9 perturb\u00e9e par un individu mena\u00e7ant, selon les informations de BFM TV.<\/p>\n\n\n\n<p>La procession d&rsquo;une centaine de personnes qui se rendait \u00e0 la basilique Notre-Dame-de-la-Victoire a \u00e9t\u00e9 marqu\u00e9 par l&rsquo;apparition d&rsquo;un individu s&rsquo;est mis \u00e0 cracher sur les passants et a tent\u00e9 de les violenter.<\/p>\n\n\n\n<p>L&rsquo;homme \u00e9tait sur le point de sortir une paire de ciseaux qu&rsquo;il avait sur lui, lorsqu&rsquo;il a \u00e9t\u00e9 interpell\u00e9 par les forces de l&rsquo;ordre.<\/p>\n","protected":false},"excerpt":{"rendered":"<p>Le ministre de l\u2019Int\u00e9rieur avait demand\u00e9 la semaine derni\u00e8re de \u00ab\u00a0renforcer significativement la surveillance des \u00e9glises et des offices\u00a0\u00bb \u00e0 l\u2019occasion de la f\u00eate catholique de l\u2019Assomption de ce 15 ao\u00fbt et en raison de la \u00ab\u00a0persistance du risque terroriste\u00a0\u00bb. \u00ab\u00a0Je souhaite que votre attention se porte tout particuli\u00e8rement sur les offices, rassemblements, processions et [&hellip;]<\/p>\n","protected":false},"author":2,"featured_media":22145,"comment_status":"open","ping_status":"open","sticky":false,"template":"","format":"standard","meta":{"_jetpack_memberships_contains_paid_content":false,"footnotes":"","jetpack_publicize_message":"","jetpack_publicize_feature_enabled":true,"jetpack_social_post_already_shared":true,"jetpack_social_options":{"image_generator_settings":{"template":"highway","default_image_id":0,"font":"","enabled":false},"version":2},"_wpas_customize_per_network":false},"categories":[405],"tags":[],"class_list":["post-22144","post","type-post","status-publish","format-standard","has-post-thumbnail","hentry","category-actu-france-monde"],"jetpack_publicize_connections":[],"jetpack_featured_media_url":"https:\/\/i0.wp.com\/www.iceagetv.com\/radiosite\/wp-content\/uploads\/2022\/08\/Procession-religieuse-du-15-aout.jpg?fit=679%2C293&ssl=1","jetpack_sharing_enabled":true,"_links":{"self":[{"href":"https:\/\/www.iceagetv.com\/radiosite\/wp-json\/wp\/v2\/posts\/22144","targetHints":{"allow":["GET"]}}],"collection":[{"href":"https:\/\/www.iceagetv.com\/radiosite\/wp-json\/wp\/v2\/posts"}],"about":[{"href":"https:\/\/www.iceagetv.com\/radiosite\/wp-json\/wp\/v2\/types\/post"}],"author":[{"embeddable":true,"href":"https:\/\/www.iceagetv.com\/radiosite\/wp-json\/wp\/v2\/users\/2"}],"replies":[{"embeddable":true,"href":"https:\/\/www.iceagetv.com\/radiosite\/wp-json\/wp\/v2\/comments?post=22144"}],"version-history":[{"count":1,"href":"https:\/\/www.iceagetv.com\/radiosite\/wp-json\/wp\/v2\/posts\/22144\/revisions"}],"predecessor-version":[{"id":22146,"href":"https:\/\/www.iceagetv.com\/radiosite\/wp-json\/wp\/v2\/posts\/22144\/revisions\/22146"}],"wp:featuredmedia":[{"embeddable":true,"href":"https:\/\/www.iceagetv.com\/radiosite\/wp-json\/wp\/v2\/media\/22145"}],"wp:attachment":[{"href":"https:\/\/www.iceagetv.com\/radiosite\/wp-json\/wp\/v2\/media?parent=22144"}],"wp:term":[{"taxonomy":"category","embeddable":true,"href":"https:\/\/www.iceagetv.com\/radiosite\/wp-json\/wp\/v2\/categories?post=22144"},{"taxonomy":"post_tag","embeddable":true,"href":"https:\/\/www.iceagetv.com\/radiosite\/wp-json\/wp\/v2\/tags?post=22144"}],"curies":[{"name":"wp","href":"https:\/\/api.w.org\/{rel}","templated":true}]}}