{"id":22164,"date":"2022-08-18T12:56:03","date_gmt":"2022-08-18T12:56:03","guid":{"rendered":"http:\/\/www.iceagetv.com\/radiosite\/?p=22164"},"modified":"2022-08-18T12:56:03","modified_gmt":"2022-08-18T12:56:03","slug":"on-vous-explique-pourquoi-les-prix-des-carburants-baissent-un-peu-depuis-deux-mois","status":"publish","type":"post","link":"https:\/\/www.iceagetv.com\/radiosite\/on-vous-explique-pourquoi-les-prix-des-carburants-baissent-un-peu-depuis-deux-mois\/","title":{"rendered":"On vous explique pourquoi les prix des carburants baissent (un peu) depuis deux mois"},"content":{"rendered":"\n<p>La baisse est significative pour le porte-monnaie des automobilistes. Apr\u00e8s avoir d\u00e9pass\u00e9 les 2 euros par litre, les prix de l&rsquo;essence et du diesel diminuent depuis deux mois. Les pompes affichent en moyenne jusqu&rsquo;\u00e0 30 centimes de moins&nbsp;qu&rsquo;au 1er juillet. La tendance se poursuit, selon les derniers chiffres du&nbsp;<a href=\"https:\/\/www.ecologie.gouv.fr\/prix-des-produits-petroliers\" target=\"_blank\" rel=\"noreferrer noopener\">minist\u00e8re de la Transition \u00e9cologique<\/a>. En moyenne, sur la semaine du 8&nbsp;ao\u00fbt, le gazole se vendait \u00e0 1,79&nbsp;euro le litre, soit presque 5 centimes de moins que la semaine pr\u00e9c\u00e9dente. Le sans plomb 95 enregistre une baisse de 6&nbsp;centimes pour atteindre en moyenne 1,74&nbsp;euro le litre.<\/p>\n\n\n\n<p>Ce recul est largement li\u00e9 au contexte international. Franceinfo vous explique cette baisse des prix \u00e0 la pompe, m\u00eame si les carburants restent plus chers que les ann\u00e9es pr\u00e9c\u00e9dentes.<\/p>\n\n\n\n<h2 class=\"wp-block-heading\">Les cours du baril de p\u00e9trole baissent<\/h2>\n\n\n\n<p>Le prix pay\u00e9 par les automobilistes \u00e0 la pompe d\u00e9pend directement du cours du p\u00e9trole brut \u00e9chang\u00e9 sur les march\u00e9s. Celui-ci repr\u00e9sente pr\u00e8s de la moiti\u00e9 du prix au litre,&nbsp;<a href=\"https:\/\/www.energiesetmobilites.fr\/actualites\/decomposition-des-prix-des-carburants\" target=\"_blank\" rel=\"noreferrer noopener\">selon l&rsquo;Ufip<\/a>. Par cons\u00e9quent, la baisse des prix des carburants&nbsp;<em>\u00ab\u00a0s&rsquo;explique essentiellement par celle de ceux du p\u00e9trole brut\u00a0\u00bb<\/em>, selon Olivier Gantois, porte-parole de l&rsquo;industrie p\u00e9troli\u00e8re en France,&nbsp;<a href=\"https:\/\/www.francetvinfo.fr\/economie\/automobile\/diesel\/carburants-on-va-rester-dans-ces-prix-jusqu-a-la-fin-de-la-guerre-en-ukraine-estime-olivier-gantois-porte-parole-de-lindustrie-petroliere-en-france_5313931.html\">interrog\u00e9 par franceinfo<\/a>. Les cours de l&rsquo;or noir s&rsquo;\u00e9taient envol\u00e9s au d\u00e9but de l&rsquo;invasion de l&rsquo;Ukraine par la Russie, fin f\u00e9vrier. Mais depuis plus de deux mois, ils baissent.<\/p>\n\n\n\n<p>La valeur du Brent, la r\u00e9f\u00e9rence europ\u00e9enne, s&rsquo;\u00e9tablit \u00e0 93&nbsp;dollars le baril au 17&nbsp;ao\u00fbt, contre 110&nbsp;fin juillet et 120&nbsp;au d\u00e9but du mois de juin, d&rsquo;apr\u00e8s&nbsp;<a href=\"https:\/\/www.boursorama.com\/bourse\/matieres-premieres\/cours\/8xBRN\/\" target=\"_blank\" rel=\"noreferrer noopener\">les cotations publi\u00e9es par Boursorama<\/a>. Le cours du p\u00e9trole enregistre ainsi son plus faible niveau depuis le d\u00e9but de la guerre en Ukraine.<\/p>\n\n\n\n<h2 class=\"wp-block-heading\">Le risque de r\u00e9cession p\u00e8se sur les pays occidentaux<\/h2>\n\n\n\n<p><em>\u00ab\u00a0Le p\u00e9trole est un thermom\u00e8tre de l&rsquo;activit\u00e9 \u00e9conomique\u00a0\u00bb<\/em>, note Anna Creti, professeur d&rsquo;\u00e9conomie \u00e0 l&rsquo;universit\u00e9 Paris Dauphine, dans&nbsp;<a href=\"https:\/\/www.lefigaro.fr\/conjoncture\/la-baisse-des-prix-des-carburants-va-t-elle-durer-20220816\" target=\"_blank\" rel=\"noreferrer noopener\"><em>Le Figaro<\/em><\/a>. L&rsquo;\u00e9conomie mondiale a besoin de p\u00e9trole pour tourner. Lorsque l&rsquo;activit\u00e9 ralentit, la demande de barils baisse, et le prix avec. Or, l&rsquo;\u00e9conomie de plusieurs pays occidentaux risque d&rsquo;\u00eatre mise \u00e0 mal. Aux&nbsp;<a href=\"https:\/\/francetvinfo.fr\/monde\/usa\/joe-biden\/etats-unis-joe-biden-erige-la-lutte-contre-l-inflation-au-rang-de-grande-priorite-nationale_5130037.html%C2%A0\">Etats-Unis<\/a>&nbsp;en particulier, l&rsquo;inflation est au plus haut. En r\u00e9action, la banque centrale am\u00e9ricaine (Fed) a augment\u00e9 ses taux directeurs, ce qui fait craindre une r\u00e9cession.<\/p>\n\n\n\n<p>En Europe, la situation n&rsquo;est pas plus rose. Les pr\u00e9visions de croissance de la zone euro ont \u00e9t\u00e9 revues \u00e0 la baisse par le FMI. Son&nbsp;<a href=\"https:\/\/www.imf.org\/fr\/Publications\/WEO\/Issues\/2022\/07\/26\/world-economic-outlook-update-july-2022\" target=\"_blank\" rel=\"noreferrer noopener\">rapport sur les perspectives de l&rsquo;\u00e9conomie mondiale<\/a>&nbsp;pr\u00e9voit une croissance du PIB de 2,6% en 2022 et&nbsp;2% en 2023, en de\u00e7\u00e0 de ses pr\u00e9c\u00e9dentes pr\u00e9visions. En France, le minist\u00e8re de l&rsquo;Economie se pr\u00e9pare lui aussi \u00e0&nbsp;<a href=\"https:\/\/www.francetvinfo.fr\/economie\/deficit\/economie-le-gouvernement-prevoit-un-ralentissement-de-l-activite-en-2023-avec-une-croissance-de-1-4_5270587.html\">un ralentissement de l&rsquo;\u00e9conomie<\/a>&nbsp;en 2023.<\/p>\n\n\n\n<h2 class=\"wp-block-heading\">L&rsquo;\u00e9conomie chinoise fragilis\u00e9e par le Covid-19<\/h2>\n\n\n\n<p>En Chine la situation inqui\u00e8te aussi, d&rsquo;autant que le pays est toujours touch\u00e9 par l&rsquo;\u00e9pid\u00e9mie de Covid-19. Fid\u00e8le \u00e0 sa strat\u00e9gie \u00ab\u00a0z\u00e9ro Covid\u00a0\u00bb, P\u00e9kin continue \u00e0 confiner strictement plusieurs millions de personnes lorsque des cas sont d\u00e9tect\u00e9s, ce qui fragilise son \u00e9conomie.<\/p>\n\n\n\n<p>Le&nbsp;<a href=\"https:\/\/www.imf.org\/fr\/Publications\/WEO\/Issues\/2022\/07\/26\/world-economic-outlook-update-july-2022\" target=\"_blank\" rel=\"noreferrer noopener\">FMI<\/a>&nbsp;observe en effet&nbsp;<em>\u00ab\u00a0un ralentissement plus prononc\u00e9 qu&rsquo;attendu en Chine des suites de flamb\u00e9es de Covid-19 et de confinements\u00a0\u00bb<\/em>. Or la Chine consomme beaucoup de p\u00e9trole. Lorsque le pays le plus peupl\u00e9 du monde appuie sur le frein, c&rsquo;est donc la consommation mondiale de p\u00e9trole qui diminue.<\/p>\n\n\n\n<h2 class=\"wp-block-heading\">La perspective d&rsquo;un accord sur le nucl\u00e9aire iranien rassure<\/h2>\n\n\n\n<p>L&rsquo;Iran est un gros producteur de p\u00e9trole&nbsp;: le neuvi\u00e8me,&nbsp;<a href=\"https:\/\/www.eia.gov\/international\/rankings\/country\/IRN?pa=12&amp;u=0&amp;f=A&amp;v=none&amp;y=01%2F01%2F2019\" target=\"_blank\" rel=\"noreferrer noopener\">selon l&rsquo;Agence am\u00e9ricaine d&rsquo;information sur l&rsquo;\u00e9nergie<\/a>&nbsp;<em>(en anglais)<\/em>. En 2018, avant que les Etats-Unis ne se retirent de l&rsquo;accord sur le nucl\u00e9aire iranien, T\u00e9h\u00e9ran exportait environ 2,45&nbsp;millions de barils par jour, selon le service de recherche du Congr\u00e8s am\u00e9ricain. Mais \u00e0 cause des tensions, des sanctions p\u00e8sent sur l&rsquo;Iran et l&#8217;emp\u00eachent de vendre ses barils sur les march\u00e9s mondiaux.<\/p>\n\n\n\n<p>Ces derniers jours, les n\u00e9gociations avancent et&nbsp;<a href=\"https:\/\/www.francetvinfo.fr\/monde\/proche-orient\/nucleaire-iranien\/nucleaire-iranien-emmanuel-macron-croit-un-accord-encore-possible-mais-dans-les-plus-brefs-delais_5275057.html\">la perspective d&rsquo;un nouvel accord<\/a>&nbsp;se pr\u00e9cise.&nbsp;<em>\u00ab\u00a0Il semble qu&rsquo;ils essayent vraiment de parvenir \u00e0 un accord\u00a0\u00bb<\/em>, observe l&rsquo;analyste de Mizuho, Robert Yawger, aupr\u00e8s de l&rsquo;AFP. En cas de succ\u00e8s,&nbsp;<em>\u00ab\u00a0c&rsquo;est la possibilit\u00e9 de voir un million de barils de plus par jour sur le march\u00e9\u00a0\u00bb<\/em>, souligne Robert Yawger, et davantage \u00e0 moyen terme.<\/p>\n\n\n\n<p>Faute d&rsquo;avoir pu exporter librement depuis quatre ans, le pays pourrait, en outre, lib\u00e9rer rapidement quelque 100&nbsp;millions de barils d\u00e9j\u00e0 pomp\u00e9s. Cette nouvelle rassure les march\u00e9s, qui anticipent une augmentation des volumes. Ainsi, quand la ressource est plus abondante, le prix \u00e0 tendance \u00e0 baisser. Pour le sp\u00e9cialiste, la baisse du prix du p\u00e9trole observ\u00e9e ces derni\u00e8res semaines est d&rsquo;ailleurs&nbsp;<em>\u00ab\u00a0principalement li\u00e9e \u00e0 l&rsquo;Iran\u00a0\u00bb<\/em>.&nbsp;<em>\u00ab\u00a0Si l&rsquo;accord sur le nucl\u00e9aire iranien est ressuscit\u00e9, cela pourrait pousser les prix tout pr\u00e8s de 80&nbsp;dollars\u00a0\u00bb<\/em>, anticipe Edward Moya, analyste sp\u00e9cialiste des march\u00e9s chez Oanda, dans une note cit\u00e9e par l&rsquo;AFP.<\/p>\n\n\n\n<h2 class=\"wp-block-heading\">En France, la remise \u00e0 la pompe va augmenter et diminuer un peu plus la facture<\/h2>\n\n\n\n<p>Une mesure va aussi toucher temporairement le prix \u00e0 la pompe en France. La&nbsp;<a href=\"https:\/\/www.francetvinfo.fr\/economie\/transports\/prix-des-carburants\/pouvoir-d-achat-le-gouvernement-pret-a-une-remise-de-30-centimes-par-litre-de-carburant_5273890.html\">remise du gouvernement<\/a>&nbsp;de 18&nbsp;centimes sur le carburant passera \u00e0 30&nbsp;centimes pour septembre et octobre, avant de baisser&nbsp;\u00e0 10&nbsp;centimes pour les mois de novembre et d\u00e9cembre.<\/p>\n\n\n\n<p>Malgr\u00e9 ces aides et la baisse qui s&rsquo;op\u00e8re depuis deux mois, les prix restent \u00e0 un niveau \u00e9lev\u00e9, \u00e0 plus d&rsquo;1,70 euro le litre. En ao\u00fbt 2019, le litre de gazole co\u00fbtait 1,41&nbsp;euro. Un an plus tard, il descendait m\u00eame \u00e0 1,23&nbsp;euro.<\/p>\n\n\n\n<p>Cette baisse des prix ne devrait toutefois pas se poursuivre. D\u00e8s fin d\u00e9cembre, un embargo europ\u00e9en sur le p\u00e9trole russe doit entrer en vigueur. Le porte-parole de l&rsquo;industrie p\u00e9troli\u00e8re en France, Olivier Gantois, se veut rassurant et affirme que cet embargo&nbsp;<em>\u00ab\u00a0n&rsquo;aura pas d&rsquo;impact sur le consommateur\u00a0\u00bb.&nbsp;<\/em>Il envisage plut\u00f4t une stabilisation des prix.&nbsp;<em>\u00ab\u00a0\u00c0 mon avis, on va rester dans des prix comme \u00e7a jusqu&rsquo;\u00e0 la fin de la guerre en Ukraine\u00a0\u00bb,&nbsp;<\/em>estime-t-il.<\/p>\n","protected":false},"excerpt":{"rendered":"<p>La baisse est significative pour le porte-monnaie des automobilistes. Apr\u00e8s avoir d\u00e9pass\u00e9 les 2 euros par litre, les prix de l&rsquo;essence et du diesel diminuent depuis deux mois. Les pompes affichent en moyenne jusqu&rsquo;\u00e0 30 centimes de moins&nbsp;qu&rsquo;au 1er juillet. La tendance se poursuit, selon les derniers chiffres du&nbsp;minist\u00e8re de la Transition \u00e9cologique. En moyenne, [&hellip;]<\/p>\n","protected":false},"author":2,"featured_media":22165,"comment_status":"open","ping_status":"open","sticky":false,"template":"","format":"standard","meta":{"_jetpack_memberships_contains_paid_content":false,"footnotes":"","jetpack_publicize_message":"","jetpack_publicize_feature_enabled":true,"jetpack_social_post_already_shared":true,"jetpack_social_options":{"image_generator_settings":{"template":"highway","default_image_id":0,"font":"","enabled":false},"version":2},"_wpas_customize_per_network":false},"categories":[405],"tags":[],"class_list":["post-22164","post","type-post","status-publish","format-standard","has-post-thumbnail","hentry","category-actu-france-monde"],"jetpack_publicize_connections":[],"jetpack_featured_media_url":"https:\/\/i0.wp.com\/www.iceagetv.com\/radiosite\/wp-content\/uploads\/2022\/08\/On-vous-explique-pourquoi-les-prix-des-carburants-baissent-un-peu-depuis-deux-mois.png?fit=774%2C503&ssl=1","jetpack_sharing_enabled":true,"_links":{"self":[{"href":"https:\/\/www.iceagetv.com\/radiosite\/wp-json\/wp\/v2\/posts\/22164","targetHints":{"allow":["GET"]}}],"collection":[{"href":"https:\/\/www.iceagetv.com\/radiosite\/wp-json\/wp\/v2\/posts"}],"about":[{"href":"https:\/\/www.iceagetv.com\/radiosite\/wp-json\/wp\/v2\/types\/post"}],"author":[{"embeddable":true,"href":"https:\/\/www.iceagetv.com\/radiosite\/wp-json\/wp\/v2\/users\/2"}],"replies":[{"embeddable":true,"href":"https:\/\/www.iceagetv.com\/radiosite\/wp-json\/wp\/v2\/comments?post=22164"}],"version-history":[{"count":1,"href":"https:\/\/www.iceagetv.com\/radiosite\/wp-json\/wp\/v2\/posts\/22164\/revisions"}],"predecessor-version":[{"id":22166,"href":"https:\/\/www.iceagetv.com\/radiosite\/wp-json\/wp\/v2\/posts\/22164\/revisions\/22166"}],"wp:featuredmedia":[{"embeddable":true,"href":"https:\/\/www.iceagetv.com\/radiosite\/wp-json\/wp\/v2\/media\/22165"}],"wp:attachment":[{"href":"https:\/\/www.iceagetv.com\/radiosite\/wp-json\/wp\/v2\/media?parent=22164"}],"wp:term":[{"taxonomy":"category","embeddable":true,"href":"https:\/\/www.iceagetv.com\/radiosite\/wp-json\/wp\/v2\/categories?post=22164"},{"taxonomy":"post_tag","embeddable":true,"href":"https:\/\/www.iceagetv.com\/radiosite\/wp-json\/wp\/v2\/tags?post=22164"}],"curies":[{"name":"wp","href":"https:\/\/api.w.org\/{rel}","templated":true}]}}