{"id":22185,"date":"2022-08-23T07:23:43","date_gmt":"2022-08-23T07:23:43","guid":{"rendered":"http:\/\/www.iceagetv.com\/radiosite\/?p=22185"},"modified":"2022-08-23T07:23:43","modified_gmt":"2022-08-23T07:23:43","slug":"mayotte-darmanin-veut-des-lieux-de-reeducation-et-de-redressement-pour-les-mineurs-delinquants","status":"publish","type":"post","link":"https:\/\/www.iceagetv.com\/radiosite\/mayotte-darmanin-veut-des-lieux-de-reeducation-et-de-redressement-pour-les-mineurs-delinquants\/","title":{"rendered":"MAYOTTE: DARMANIN VEUT DES \u00ab\u00a0LIEUX DE R\u00c9\u00c9DUCATION ET DE REDRESSEMENT\u00a0\u00bb POUR LES MINEURS D\u00c9LINQUANTS"},"content":{"rendered":"\n<p>Le&nbsp;<a href=\"https:\/\/www.bfmtv.com\/politique\/gouvernement\/en-visite-a-mayotte-darmanin-souhaite-refonder-le-droit-du-sol_AD-202208210067.html\">ministre de l&rsquo;Int\u00e9rieur et des Outre-Mer G\u00e9rald Darmanin<\/a>, en visite \u00e0&nbsp;<a href=\"https:\/\/www.bfmtv.com\/politique\/gouvernement\/gerald-darmanin-en-visite-trois-jours-des-ce-dimanche-a-mayotte-pour-parler-immigration_AD-202208200282.html\">Mayotte<\/a>, a annonc\u00e9 qu&rsquo;il allait faire des propositions pour ouvrir \u00ab\u00a0des lieux de r\u00e9\u00e9ducation et de redressement\u00a0\u00bb pour les mineurs d\u00e9linquants, encadr\u00e9s par des militaires.<\/p>\n\n\n\n<p>\u00ab\u00a0Le pr\u00e9sident de la R\u00e9publique dans sa campagne a propos\u00e9 quelque chose qui n&rsquo;a pas beaucoup \u00e9t\u00e9 discut\u00e9: des lieux encadr\u00e9s par des militaires, qui sont des lieux de r\u00e9\u00e9ducation, de redressement d&rsquo;une partie des enfants, des adolescents tr\u00e8s jeunes, qui n&rsquo;ont pas de parents, ou si peu. On l&rsquo;a vu un peu \u00e0 la R\u00e9union, on le voit beaucoup ici \u00e0 Mayotte\u00a0\u00bb, a d\u00e9clar\u00e9 le ministre \u00e0 la presse \u00e0 l&rsquo;issue de la visite du centre hospitalier de cette \u00eele de l&rsquo;oc\u00e9an Indien<\/p>\n\n\n\n<p>Il a annonc\u00e9 qu&rsquo;il ferait des propositions en ce sens au pr\u00e9sident de la R\u00e9publique \u00ab\u00a0d\u00e8s la semaine prochaine\u00a0\u00bb.<\/p>\n\n\n\n<h2 class=\"wp-block-heading\">\u00ab\u00a0Leur offrir un lieu de sanction et d&rsquo;\u00e9ducation\u00a0\u00bb<\/h2>\n\n\n\n<p>Le ministre a indiqu\u00e9 que les policiers et les gendarmes, d\u00e9cor\u00e9s plus t\u00f4t dans la journ\u00e9e, avaient \u00e9voqu\u00e9 \u00ab\u00a0en apart\u00e9 des mineurs de 11 ans, de 10 ans, de neuf ans qui avaient des machettes, des haches, qui attaquaient les policiers et les gendarmes\u00a0\u00bb.<\/p>\n\n\n\n<blockquote class=\"wp-block-quote is-layout-flow wp-block-quote-is-layout-flow\"><p>\u00ab\u00a0Aujourd&rsquo;hui les magistrats, et c&rsquo;est bien normal, les lib\u00e8rent, puisqu&rsquo;on ne met pas les enfants en prison, mais il faut pourtant leur offrir un lieu de sanction et d&rsquo;\u00e9ducation\u00a0\u00bb, a expliqu\u00e9 le ministre.<\/p><\/blockquote>\n\n\n\n<p>De son c\u00f4t\u00e9, le garde des Sceaux avait annonc\u00e9 jeudi l&rsquo;ouverture d&rsquo;ici 2024 d&rsquo;un Centre \u00e9ducatif ferm\u00e9 (CEF) \u00e0 Mayotte, mais ces lieux sont destin\u00e9s \u00e0 des jeunes de 13 ans et plus.<\/p>\n","protected":false},"excerpt":{"rendered":"<p>Le&nbsp;ministre de l&rsquo;Int\u00e9rieur et des Outre-Mer G\u00e9rald Darmanin, en visite \u00e0&nbsp;Mayotte, a annonc\u00e9 qu&rsquo;il allait faire des propositions pour ouvrir \u00ab\u00a0des lieux de r\u00e9\u00e9ducation et de redressement\u00a0\u00bb pour les mineurs d\u00e9linquants, encadr\u00e9s par des militaires. \u00ab\u00a0Le pr\u00e9sident de la R\u00e9publique dans sa campagne a propos\u00e9 quelque chose qui n&rsquo;a pas beaucoup \u00e9t\u00e9 discut\u00e9: des lieux [&hellip;]<\/p>\n","protected":false},"author":2,"featured_media":22186,"comment_status":"open","ping_status":"open","sticky":false,"template":"","format":"standard","meta":{"_jetpack_memberships_contains_paid_content":false,"footnotes":"","jetpack_publicize_message":"","jetpack_publicize_feature_enabled":true,"jetpack_social_post_already_shared":true,"jetpack_social_options":{"image_generator_settings":{"template":"highway","default_image_id":0,"font":"","enabled":false},"version":2},"_wpas_customize_per_network":false},"categories":[405],"tags":[],"class_list":["post-22185","post","type-post","status-publish","format-standard","has-post-thumbnail","hentry","category-actu-france-monde"],"jetpack_publicize_connections":[],"jetpack_featured_media_url":"https:\/\/i0.wp.com\/www.iceagetv.com\/radiosite\/wp-content\/uploads\/2022\/08\/Gerald-Darmanin-1444267.jpg?fit=1600%2C900&ssl=1","jetpack_sharing_enabled":true,"_links":{"self":[{"href":"https:\/\/www.iceagetv.com\/radiosite\/wp-json\/wp\/v2\/posts\/22185","targetHints":{"allow":["GET"]}}],"collection":[{"href":"https:\/\/www.iceagetv.com\/radiosite\/wp-json\/wp\/v2\/posts"}],"about":[{"href":"https:\/\/www.iceagetv.com\/radiosite\/wp-json\/wp\/v2\/types\/post"}],"author":[{"embeddable":true,"href":"https:\/\/www.iceagetv.com\/radiosite\/wp-json\/wp\/v2\/users\/2"}],"replies":[{"embeddable":true,"href":"https:\/\/www.iceagetv.com\/radiosite\/wp-json\/wp\/v2\/comments?post=22185"}],"version-history":[{"count":1,"href":"https:\/\/www.iceagetv.com\/radiosite\/wp-json\/wp\/v2\/posts\/22185\/revisions"}],"predecessor-version":[{"id":22187,"href":"https:\/\/www.iceagetv.com\/radiosite\/wp-json\/wp\/v2\/posts\/22185\/revisions\/22187"}],"wp:featuredmedia":[{"embeddable":true,"href":"https:\/\/www.iceagetv.com\/radiosite\/wp-json\/wp\/v2\/media\/22186"}],"wp:attachment":[{"href":"https:\/\/www.iceagetv.com\/radiosite\/wp-json\/wp\/v2\/media?parent=22185"}],"wp:term":[{"taxonomy":"category","embeddable":true,"href":"https:\/\/www.iceagetv.com\/radiosite\/wp-json\/wp\/v2\/categories?post=22185"},{"taxonomy":"post_tag","embeddable":true,"href":"https:\/\/www.iceagetv.com\/radiosite\/wp-json\/wp\/v2\/tags?post=22185"}],"curies":[{"name":"wp","href":"https:\/\/api.w.org\/{rel}","templated":true}]}}