{"id":22189,"date":"2022-08-23T07:30:54","date_gmt":"2022-08-23T07:30:54","guid":{"rendered":"http:\/\/www.iceagetv.com\/radiosite\/?p=22189"},"modified":"2022-08-23T07:30:54","modified_gmt":"2022-08-23T07:30:54","slug":"secheresse-le-ministre-de-lagriculture-annonce-une-serie-de-mesures","status":"publish","type":"post","link":"https:\/\/www.iceagetv.com\/radiosite\/secheresse-le-ministre-de-lagriculture-annonce-une-serie-de-mesures\/","title":{"rendered":"S\u00e9cheresse : le ministre de l&rsquo;Agriculture annonce une s\u00e9rie de mesures"},"content":{"rendered":"\n<p>Une troisi\u00e8me r\u00e9union du comit\u00e9 de suivi de la situation de&nbsp;<a href=\"https:\/\/www.francebleu.fr\/infos\/environnement\/secheresse-quel-est-le-niveau-d-alerte-dans-votre-commune-1660836245\">s\u00e9cheresse<\/a>&nbsp;dans le monde agricole s&rsquo;est tenue ce lundi. Apr\u00e8s cet \u00e9change avec des acteurs du secteur, le ministre de l&rsquo;Agriculture a annonc\u00e9 u<strong>ne s\u00e9rie de mesures pour aider les \u00e9leveurs et agriculteurs<\/strong>. L&rsquo;objectif est de pr\u00e9server au maximum les tr\u00e9soreries.&nbsp;<\/p>\n\n\n\n<p>Parmi ces mesures&nbsp;: la mobilisation, le plus rapidement possible,&nbsp;<a target=\"_blank\" href=\"https:\/\/agriculture.gouv.fr\/tout-savoir-sur-le-regime-des-calamites-agricoles#:~:text=Le%2520r%25C3%25A9gime%2520des%2520calamit%25C3%25A9s%2520agricoles%2520vise%2520%25C3%25A0%2520assurer%2520aux%2520exploitations,risques%2520en%2520agriculture%2520(FNGRA).\" rel=\"noreferrer noopener\">le r\u00e9gime de calamit\u00e9 agricole<\/a>&nbsp;pour les cultures \u00e9ligibles, c&rsquo;est-\u00e0-dire celles qui ne sont pas assurables. Les prairies par exemple.&nbsp;<em>\u00ab\u00a0Certains \u00e9leveurs vendent leurs animaux, -2% de vaches de race \u00e0 viande en juillet, c\u2019est pr\u00e9occupant\u00a0\u00bb,<\/em>&nbsp;souligne Christiane Lambert, la pr\u00e9sidente du syndicat FNSEA. Le minist\u00e8re de l&rsquo;Agriculture indique que&nbsp;<em>\u00ab\u00a0la production d\u2019herbe est d\u00e9ficitaire&nbsp;: la production cumul\u00e9e des prairies permanentes est inf\u00e9rieure de 21% par rapport \u00e0 la p\u00e9riode de r\u00e9f\u00e9rence, avec une acc\u00e9l\u00e9ration de la d\u00e9gradation en juillet\u00a0\u00bb.<\/em><\/p>\n\n\n\n<h2 class=\"wp-block-heading\">L&rsquo;avance sur les aides de la PAC sera plus \u00e9lev\u00e9e<\/h2>\n\n\n\n<p>L&rsquo;avance sur les aides de la PAC, la politique agricole commune, sera plus \u00e9lev\u00e9e.&nbsp;<em>\u00ab\u00a0Les avances l\u2019indemnit\u00e9 compensatoire de handicap naturel &#8211; habituellement \u00e0 hauteur de 75% &#8211; seront vers\u00e9es \u00e0 hauteur de 85% et les avances pour les aides d\u00e9coupl\u00e9es &#8211; habituellement \u00e0 hauteur de 50% &#8211; seront vers\u00e9es \u00e0 hauteur de 75%\u00a0\u00bb,<\/em>&nbsp;pr\u00e9cise le minist\u00e8re de l&rsquo;Agriculture. Par ailleurs, des exon\u00e9rations de cotisations sociales et de taxe sur le foncier non b\u00e2ti seront accord\u00e9es. &nbsp;&nbsp;&nbsp;<\/p>\n\n\n\n<h2 class=\"wp-block-heading\">Des ajustements des cahiers des charges pour les AOP<\/h2>\n\n\n\n<p>Des productions sous label obtiennent des d\u00e9rogations comme le&nbsp;<a href=\"https:\/\/www.francebleu.fr\/infos\/agriculture-peche\/secheresse-la-recolte-du-piment-d-espelette-est-menacee-1659519198\">piment d\u2019Espelette<\/a>. Le cahier des charges de l&rsquo;appellation d\u2019origine contr\u00f4l\u00e9e (AOP) ne pr\u00e9voit la possibilit\u00e9 d&rsquo;arroser que dans le premier mois suivant la semence. Mais la production est menac\u00e9e \u00e0 cause du manque de pluie. Les conditions impos\u00e9es par l&rsquo;AOP sont \u00e9galement difficiles \u00e0 remplir pour producteurs de fromages. Pour le cantal ou&nbsp;<a href=\"https:\/\/www.francebleu.fr\/infos\/agriculture-peche\/a-cause-de-la-secheresse-les-eleveurs-stoppent-la-production-de-salers-1660230174\">le salers<\/a>&nbsp;par exemple, le lait doit provenir de vache qui se sont principalement nourris dans les prairies. &nbsp;&nbsp;<\/p>\n","protected":false},"excerpt":{"rendered":"<p>Une troisi\u00e8me r\u00e9union du comit\u00e9 de suivi de la situation de&nbsp;s\u00e9cheresse&nbsp;dans le monde agricole s&rsquo;est tenue ce lundi. Apr\u00e8s cet \u00e9change avec des acteurs du secteur, le ministre de l&rsquo;Agriculture a annonc\u00e9 une s\u00e9rie de mesures pour aider les \u00e9leveurs et agriculteurs. L&rsquo;objectif est de pr\u00e9server au maximum les tr\u00e9soreries.&nbsp; Parmi ces mesures&nbsp;: la mobilisation, [&hellip;]<\/p>\n","protected":false},"author":2,"featured_media":22190,"comment_status":"open","ping_status":"open","sticky":false,"template":"","format":"standard","meta":{"_jetpack_memberships_contains_paid_content":false,"footnotes":"","jetpack_publicize_message":"","jetpack_publicize_feature_enabled":true,"jetpack_social_post_already_shared":true,"jetpack_social_options":{"image_generator_settings":{"template":"highway","default_image_id":0,"font":"","enabled":false},"version":2},"_wpas_customize_per_network":false},"categories":[405],"tags":[],"class_list":["post-22189","post","type-post","status-publish","format-standard","has-post-thumbnail","hentry","category-actu-france-monde"],"jetpack_publicize_connections":[],"jetpack_featured_media_url":"https:\/\/i0.wp.com\/www.iceagetv.com\/radiosite\/wp-content\/uploads\/2022\/08\/870x489_695692-vy5bgdubuk-whr.webp?fit=870%2C489&ssl=1","jetpack_sharing_enabled":true,"_links":{"self":[{"href":"https:\/\/www.iceagetv.com\/radiosite\/wp-json\/wp\/v2\/posts\/22189","targetHints":{"allow":["GET"]}}],"collection":[{"href":"https:\/\/www.iceagetv.com\/radiosite\/wp-json\/wp\/v2\/posts"}],"about":[{"href":"https:\/\/www.iceagetv.com\/radiosite\/wp-json\/wp\/v2\/types\/post"}],"author":[{"embeddable":true,"href":"https:\/\/www.iceagetv.com\/radiosite\/wp-json\/wp\/v2\/users\/2"}],"replies":[{"embeddable":true,"href":"https:\/\/www.iceagetv.com\/radiosite\/wp-json\/wp\/v2\/comments?post=22189"}],"version-history":[{"count":1,"href":"https:\/\/www.iceagetv.com\/radiosite\/wp-json\/wp\/v2\/posts\/22189\/revisions"}],"predecessor-version":[{"id":22191,"href":"https:\/\/www.iceagetv.com\/radiosite\/wp-json\/wp\/v2\/posts\/22189\/revisions\/22191"}],"wp:featuredmedia":[{"embeddable":true,"href":"https:\/\/www.iceagetv.com\/radiosite\/wp-json\/wp\/v2\/media\/22190"}],"wp:attachment":[{"href":"https:\/\/www.iceagetv.com\/radiosite\/wp-json\/wp\/v2\/media?parent=22189"}],"wp:term":[{"taxonomy":"category","embeddable":true,"href":"https:\/\/www.iceagetv.com\/radiosite\/wp-json\/wp\/v2\/categories?post=22189"},{"taxonomy":"post_tag","embeddable":true,"href":"https:\/\/www.iceagetv.com\/radiosite\/wp-json\/wp\/v2\/tags?post=22189"}],"curies":[{"name":"wp","href":"https:\/\/api.w.org\/{rel}","templated":true}]}}