{"id":22225,"date":"2022-09-07T17:19:42","date_gmt":"2022-09-07T17:19:42","guid":{"rendered":"https:\/\/www.iceagetv.com\/radiosite\/?p=22225"},"modified":"2022-09-07T17:19:42","modified_gmt":"2022-09-07T17:19:42","slug":"dijon-un-collegien-de-13-ans-blesse-avec-un-couteau-deux-eleves-de-14-ans-et-une-professeure-qui-tentait-de-sinterposer-lors-dune-bagarre-dans-lenceinte-du-college-andre-malraux","status":"publish","type":"post","link":"https:\/\/www.iceagetv.com\/radiosite\/dijon-un-collegien-de-13-ans-blesse-avec-un-couteau-deux-eleves-de-14-ans-et-une-professeure-qui-tentait-de-sinterposer-lors-dune-bagarre-dans-lenceinte-du-college-andre-malraux\/","title":{"rendered":"Dijon : Un coll\u00e9gien de 13 ans blesse avec un couteau deux \u00e9l\u00e8ves de 14 ans et une professeure qui tentait de s&rsquo;interposer lors d&rsquo;une bagarre dans l&rsquo;enceinte du coll\u00e8ge Andr\u00e9 Malraux"},"content":{"rendered":"\n<p>Un coll\u00e9gien de 13 ans a&nbsp; bless\u00e9 avec un couteau deux \u00e9l\u00e8ves de 14 ans et une professeure qui tentait de s&rsquo;interposer dans la bagarre, cet apr\u00e8s-midi dans un \u00e9tablissement dijonnais, a indiqu\u00e9 le parquet. L&rsquo;agresseur pr\u00e9sum\u00e9 a \u00e9t\u00e9 plac\u00e9 en garde \u00e0 vue pour \u00abviolences avec arme en milieu scolaire\u00bb, a indiqu\u00e9 \u00e0 l&rsquo;AFP le procureur de la R\u00e9publique, Olivier Caracotch.<\/p>\n\n\n\n<p>\u00abPour l&rsquo;heure, sa version des faits n&rsquo;est pas connue\u00bb, a-t-il ajout\u00e9.<\/p>\n\n\n\n<p>Selon les premiers \u00e9l\u00e9ments de l&rsquo;enqu\u00eate, une \u00abbagarre\u00bb a \u00e9clat\u00e9 entre ce jeune de 13 ans et deux \u00e9l\u00e8ves de 14 ans dans l&rsquo;enceinte du coll\u00e8ge Andr\u00e9 Malraux de Dijon.<\/p>\n\n\n\n<p>\u00abUne professeure intervient pour les s\u00e9parer et le mis en cause sort un petit couteau, atteignant l\u00e9g\u00e8rement les trois victimes\u00bb, a pr\u00e9cis\u00e9 le procureur.<\/p>\n\n\n\n<p>Selon le rectorat, les faits sont survenus \u00e0 10H35, en fin de r\u00e9cr\u00e9ation. L&rsquo;auteur pr\u00e9sum\u00e9 est un \u00e9l\u00e8ve de 4e et la victime principale, bless\u00e9e \u00e0 l&rsquo;oreille, est un \u00e9l\u00e8ve de 3e. \u00abUn \u00e9l\u00e8ve t\u00e9moin et une professeure qui s&rsquo;est interpos\u00e9e sont \u00e9galement bless\u00e9s de mani\u00e8re superficielle\u00bb, a indiqu\u00e9 le rectorat, pr\u00e9cisant qu&rsquo;une cellule d&rsquo;\u00e9coute m\u00e9dico-psychologique sera mise en place d\u00e8s jeudi dans le coll\u00e8ge.<\/p>\n\n\n\n<p>Fran\u00e7ois Sauvadet, pr\u00e9sident du Conseil d\u00e9partemental de la C\u00f4te-d&rsquo;Or, dont d\u00e9pend l&rsquo;\u00e9tablissement, a demand\u00e9 que \u00abtoute la lumi\u00e8re soit faite autour de cet acte de violence afin de comprendre comment de tels agissements peuvent \u00eatre possibles au sein d&rsquo;un coll\u00e8ge et d&rsquo;apporter la meilleure r\u00e9ponse possible pour que ce genre de situation ne se r\u00e9p\u00e8te pas\u00bb.<\/p>\n\n\n\n<p>\u00abIl est urgent de faire face \u00e0 la mont\u00e9e de la violence, qui s&rsquo;exprime aujourd&rsquo;hui dans l&rsquo;enceinte d&rsquo;un coll\u00e8ge\u00bb, a-t-il ajout\u00e9 dans un communiqu\u00e9.<\/p>\n","protected":false},"excerpt":{"rendered":"<p>Un coll\u00e9gien de 13 ans a&nbsp; bless\u00e9 avec un couteau deux \u00e9l\u00e8ves de 14 ans et une professeure qui tentait de s&rsquo;interposer dans la bagarre, cet apr\u00e8s-midi dans un \u00e9tablissement dijonnais, a indiqu\u00e9 le parquet. L&rsquo;agresseur pr\u00e9sum\u00e9 a \u00e9t\u00e9 plac\u00e9 en garde \u00e0 vue pour \u00abviolences avec arme en milieu scolaire\u00bb, a indiqu\u00e9 \u00e0 l&rsquo;AFP [&hellip;]<\/p>\n","protected":false},"author":2,"featured_media":22226,"comment_status":"open","ping_status":"open","sticky":false,"template":"","format":"standard","meta":{"_jetpack_memberships_contains_paid_content":false,"footnotes":"","jetpack_publicize_message":"","jetpack_publicize_feature_enabled":true,"jetpack_social_post_already_shared":true,"jetpack_social_options":{"image_generator_settings":{"template":"highway","default_image_id":0,"font":"","enabled":false},"version":2},"_wpas_customize_per_network":false},"categories":[405],"tags":[],"class_list":["post-22225","post","type-post","status-publish","format-standard","has-post-thumbnail","hentry","category-actu-france-monde"],"jetpack_publicize_connections":[],"jetpack_featured_media_url":"https:\/\/i0.wp.com\/www.iceagetv.com\/radiosite\/wp-content\/uploads\/2022\/09\/Un-collegien-de-13-ans-blesse-avec-un-couteau-deux-eleves-de-14-ans-et-une-professeure-qui-tentait-de-sinterposer-lors-dune-bagarre-dans-lenceinte-du-college-Andre-Malraux.jpg?fit=679%2C293&ssl=1","jetpack_sharing_enabled":true,"_links":{"self":[{"href":"https:\/\/www.iceagetv.com\/radiosite\/wp-json\/wp\/v2\/posts\/22225","targetHints":{"allow":["GET"]}}],"collection":[{"href":"https:\/\/www.iceagetv.com\/radiosite\/wp-json\/wp\/v2\/posts"}],"about":[{"href":"https:\/\/www.iceagetv.com\/radiosite\/wp-json\/wp\/v2\/types\/post"}],"author":[{"embeddable":true,"href":"https:\/\/www.iceagetv.com\/radiosite\/wp-json\/wp\/v2\/users\/2"}],"replies":[{"embeddable":true,"href":"https:\/\/www.iceagetv.com\/radiosite\/wp-json\/wp\/v2\/comments?post=22225"}],"version-history":[{"count":1,"href":"https:\/\/www.iceagetv.com\/radiosite\/wp-json\/wp\/v2\/posts\/22225\/revisions"}],"predecessor-version":[{"id":22227,"href":"https:\/\/www.iceagetv.com\/radiosite\/wp-json\/wp\/v2\/posts\/22225\/revisions\/22227"}],"wp:featuredmedia":[{"embeddable":true,"href":"https:\/\/www.iceagetv.com\/radiosite\/wp-json\/wp\/v2\/media\/22226"}],"wp:attachment":[{"href":"https:\/\/www.iceagetv.com\/radiosite\/wp-json\/wp\/v2\/media?parent=22225"}],"wp:term":[{"taxonomy":"category","embeddable":true,"href":"https:\/\/www.iceagetv.com\/radiosite\/wp-json\/wp\/v2\/categories?post=22225"},{"taxonomy":"post_tag","embeddable":true,"href":"https:\/\/www.iceagetv.com\/radiosite\/wp-json\/wp\/v2\/tags?post=22225"}],"curies":[{"name":"wp","href":"https:\/\/api.w.org\/{rel}","templated":true}]}}