{"id":22231,"date":"2022-09-08T06:37:15","date_gmt":"2022-09-08T06:37:15","guid":{"rendered":"https:\/\/www.iceagetv.com\/radiosite\/?p=22231"},"modified":"2022-09-08T06:37:15","modified_gmt":"2022-09-08T06:37:15","slug":"guerre-en-ukraine-volodymyr-zelensky-affirme-que-les-forces-de-kiev-ont-repris-plusieurs-localites-aux-russes-pres-de-kharkiv","status":"publish","type":"post","link":"https:\/\/www.iceagetv.com\/radiosite\/guerre-en-ukraine-volodymyr-zelensky-affirme-que-les-forces-de-kiev-ont-repris-plusieurs-localites-aux-russes-pres-de-kharkiv\/","title":{"rendered":"Guerre en Ukraine : Volodymyr Zelensky affirme que les forces de Kiev ont repris plusieurs localit\u00e9s aux Russes pr\u00e8s de Kharkiv"},"content":{"rendered":"\n<p>De bonnes nouvelles du c\u00f4t\u00e9 ukrainien. Le pr\u00e9sident ukrainien Volodymyr Zelensky a affirm\u00e9 mercredi 7 septembre que les forces de Kiev avaient repris aux troupes russes plusieurs localit\u00e9s de la r\u00e9gion de Kharkiv, dans le nord-est de l&rsquo;Ukraine, sans toutefois donner aucun d\u00e9tail.&nbsp;<em>\u00ab\u00a0Cette semaine, nous avons de bonnes nouvelles de la r\u00e9gion de Kharkiv\u00a0\u00bb<\/em>, a d\u00e9clar\u00e9&nbsp;le pr\u00e9sident ukrainien dans son discours vid\u00e9o du soir diffus\u00e9 sur les r\u00e9seaux sociaux. Refusant de les nommer, il a \u00e9voqu\u00e9 des&nbsp;<em>\u00ab\u00a0localit\u00e9s o\u00f9 le drapeau ukrainien est revenu\u00a0\u00bb<\/em>.&nbsp;<\/p>\n\n\n\n<p><strong>&nbsp;Des accusations d&rsquo;enfants ukrainiens transf\u00e9r\u00e9s de force en Russie \u00ab\u00a0cr\u00e9dibles\u00a0\u00bb selon l&rsquo;ONU.<\/strong>&nbsp;Il existe des&nbsp;<em>\u00ab\u00a0accusations cr\u00e9dibles\u00a0\u00bb<\/em>&nbsp;d&rsquo;enfants seuls transf\u00e9r\u00e9s de force d&rsquo;Ukraine vers la Russie, a d\u00e9clar\u00e9 mercredi la sous-secr\u00e9taire g\u00e9n\u00e9rale des Nations unies pour les droits de l&rsquo;Homme, s&rsquo;inqui\u00e9tant de leur possible adoption par des familles russes.&nbsp;Ces transferts auraient lieu<em>&nbsp;\u00ab\u00a0vers le&nbsp;<a href=\"https:\/\/mobile.francetvinfo.fr\/monde\/europe\/manifestations-en-ukraine\/guerre-en-ukraine-la-communication-bien-huilee-du-kremlin-dans-les-territoires-occupes_5308819.html\">territoire occup\u00e9 par la Russie<\/a>&nbsp;ou vers la F\u00e9d\u00e9ration de Russie elle-m\u00eame\u00a0\u00bb<\/em>, a&nbsp;pr\u00e9cis\u00e9&nbsp;Ilze Brands Kehris&nbsp;<a href=\"https:\/\/mobile.francetvinfo.fr\/monde\/europe\/manifestations-en-ukraine\/guerre-en-ukraine-les-accusations-d-enfants-ukrainiens-transferes-de-force-en-russie-sont-credibles-selon-l-onu_5348203.html\">lors d&rsquo;une r\u00e9union du Conseil de s\u00e9curit\u00e9 de l&rsquo;ONU<\/a>&nbsp;sur les d\u00e9placements forc\u00e9s en Ukraine.<\/p>\n\n\n\n<p><strong>&nbsp;La Russie propose la tenue de r\u00e9f\u00e9rendums dans les territoires ukrainiens occup\u00e9s<\/strong>. Le parti de Vladimir Poutine, Russie unie, a propos\u00e9, mercredi 7&nbsp;septembre, d&rsquo;organiser le 4&nbsp;novembre des r\u00e9f\u00e9rendums dans les territoires ukrainiens occup\u00e9s par les forces russes&nbsp;pour les rattacher \u00e0 la Russie.&nbsp;<em>\u00ab\u00a0Donetsk, Lougansk et de nombreuses autres villes russes vont enfin retrouver leur port d&rsquo;attache. Et le monde russe, aujourd&rsquo;hui divis\u00e9 par des fronti\u00e8res formelles, retrouvera son int\u00e9grit\u00e9\u00a0\u00bb<\/em>, a d\u00e9clar\u00e9, selon le parti, le secr\u00e9taire du Conseil g\u00e9n\u00e9ral de Russie unie, Andre\u00ef Tourtchak, alors que la Russie c\u00e9l\u00e8bre le 4&nbsp;novembre la Journ\u00e9e de l&rsquo;unit\u00e9 nationale.<\/p>\n\n\n\n<p><strong>L&rsquo;Union europ\u00e9enne pr\u00e9pare une nouvelle aide financi\u00e8re de 5 milliards d&rsquo;euros.&nbsp;<\/strong><em>\u00ab\u00a0La situation en Ukraine requiert tout notre soutien\u00a0\u00bb<\/em>, a pr\u00e9venu la pr\u00e9sidente de la Commission europ\u00e9enne.&nbsp;Ursula von der Leyen a propos\u00e9 que l&rsquo;Union europ\u00e9enne verse une aide financi\u00e8re pour&nbsp;<a href=\"https:\/\/mobile.francetvinfo.fr\/monde\/europe\/manifestations-en-ukraine\/direct-guerre-en-ukraine-l-evacuation-des-soldats-de-marioupol-n-est-pas-terminee-assure-volodymyr-zelensky_5144743.html\">aider l&rsquo;Ukraine \u00e0 faire face aux cons\u00e9quences de la guerre<\/a>.&nbsp;Cette aide, sous forme de pr\u00eats, doit encore \u00eatre approuv\u00e9e par les Vingt-Sept, qui ont pr\u00e9vu d&rsquo;en discuter vendredi lors d&rsquo;une r\u00e9union des ministres des Finances \u00e0 Prague.&nbsp;<\/p>\n\n\n\n<p><strong>&nbsp;Olivier V\u00e9ran&nbsp;d\u00e9fend les sanctions contre la Russie.&nbsp;<\/strong>Interrog\u00e9 \u00e0 l&rsquo;issue du Conseil des ministres mercredi midi, le porte-parole du gouvernement a&nbsp;list\u00e9 les cons\u00e9quences des sanctions occidentales contre la Russie&nbsp;:&nbsp;<em>\u00ab\u00a0Le PIB de la Russie baisse, l&rsquo;acc\u00e8s aux ressources essentielles est difficile\u00a0\u00bb<\/em>&nbsp;a-t-il d\u00e9clar\u00e9.<strong>&nbsp;<\/strong><em>\u00ab\u00a0Le simple fait qu&rsquo;il&nbsp;<\/em>[Vladimir Poutine]<em>&nbsp;appelle \u00e0 arr\u00eater les sanctions (&#8230;) nous incite \u00e0 consid\u00e9rer qu&rsquo;elles sont efficaces\u00a0\u00bb<\/em>, a-t-il&nbsp;tranch\u00e9.<\/p>\n","protected":false},"excerpt":{"rendered":"<p>De bonnes nouvelles du c\u00f4t\u00e9 ukrainien. Le pr\u00e9sident ukrainien Volodymyr Zelensky a affirm\u00e9 mercredi 7 septembre que les forces de Kiev avaient repris aux troupes russes plusieurs localit\u00e9s de la r\u00e9gion de Kharkiv, dans le nord-est de l&rsquo;Ukraine, sans toutefois donner aucun d\u00e9tail.&nbsp;\u00ab\u00a0Cette semaine, nous avons de bonnes nouvelles de la r\u00e9gion de Kharkiv\u00a0\u00bb, a [&hellip;]<\/p>\n","protected":false},"author":2,"featured_media":22232,"comment_status":"open","ping_status":"open","sticky":false,"template":"","format":"standard","meta":{"_jetpack_memberships_contains_paid_content":false,"footnotes":"","jetpack_publicize_message":"","jetpack_publicize_feature_enabled":true,"jetpack_social_post_already_shared":true,"jetpack_social_options":{"image_generator_settings":{"template":"highway","default_image_id":0,"font":"","enabled":false},"version":2},"_wpas_customize_per_network":false},"categories":[405],"tags":[],"class_list":["post-22231","post","type-post","status-publish","format-standard","has-post-thumbnail","hentry","category-actu-france-monde"],"jetpack_publicize_connections":[],"jetpack_featured_media_url":"https:\/\/i0.wp.com\/www.iceagetv.com\/radiosite\/wp-content\/uploads\/2022\/09\/28910542.jpg?fit=284%2C160&ssl=1","jetpack_sharing_enabled":true,"_links":{"self":[{"href":"https:\/\/www.iceagetv.com\/radiosite\/wp-json\/wp\/v2\/posts\/22231","targetHints":{"allow":["GET"]}}],"collection":[{"href":"https:\/\/www.iceagetv.com\/radiosite\/wp-json\/wp\/v2\/posts"}],"about":[{"href":"https:\/\/www.iceagetv.com\/radiosite\/wp-json\/wp\/v2\/types\/post"}],"author":[{"embeddable":true,"href":"https:\/\/www.iceagetv.com\/radiosite\/wp-json\/wp\/v2\/users\/2"}],"replies":[{"embeddable":true,"href":"https:\/\/www.iceagetv.com\/radiosite\/wp-json\/wp\/v2\/comments?post=22231"}],"version-history":[{"count":1,"href":"https:\/\/www.iceagetv.com\/radiosite\/wp-json\/wp\/v2\/posts\/22231\/revisions"}],"predecessor-version":[{"id":22233,"href":"https:\/\/www.iceagetv.com\/radiosite\/wp-json\/wp\/v2\/posts\/22231\/revisions\/22233"}],"wp:featuredmedia":[{"embeddable":true,"href":"https:\/\/www.iceagetv.com\/radiosite\/wp-json\/wp\/v2\/media\/22232"}],"wp:attachment":[{"href":"https:\/\/www.iceagetv.com\/radiosite\/wp-json\/wp\/v2\/media?parent=22231"}],"wp:term":[{"taxonomy":"category","embeddable":true,"href":"https:\/\/www.iceagetv.com\/radiosite\/wp-json\/wp\/v2\/categories?post=22231"},{"taxonomy":"post_tag","embeddable":true,"href":"https:\/\/www.iceagetv.com\/radiosite\/wp-json\/wp\/v2\/tags?post=22231"}],"curies":[{"name":"wp","href":"https:\/\/api.w.org\/{rel}","templated":true}]}}