{"id":22241,"date":"2022-09-09T04:16:57","date_gmt":"2022-09-09T04:16:57","guid":{"rendered":"https:\/\/www.iceagetv.com\/radiosite\/?p=22241"},"modified":"2022-09-09T04:16:57","modified_gmt":"2022-09-09T04:16:57","slug":"mort-delizabeth-ii-le-nouveau-roi-charles-iii-sadressera-pour-la-premiere-fois-a-ses-sujets-ce-soir","status":"publish","type":"post","link":"https:\/\/www.iceagetv.com\/radiosite\/mort-delizabeth-ii-le-nouveau-roi-charles-iii-sadressera-pour-la-premiere-fois-a-ses-sujets-ce-soir\/","title":{"rendered":"Mort d\u2019Elizabeth II : le nouveau roi Charles III s\u2019adressera pour la premi\u00e8re fois \u00e0 ses sujets ce soir"},"content":{"rendered":"\n<ul class=\"wp-block-list\"><li>La reine Elizabeth II&nbsp;<a target=\"_blank\" href=\"https:\/\/www.leparisien.fr\/international\/elizabeth-ii-la-reine-eternelle-est-morte-08-09-2022-BB6E5DTYFFFZBHOQTYIPLKNFNI.php\" rel=\"noreferrer noopener\">est morte \u00ab paisiblement \u00bb jeudi \u00e0 96 ans<\/a>&nbsp;dans sa r\u00e9sidence \u00e9cossaise de Balmoral. Elle avait \u00e9t\u00e9 plac\u00e9e sous surveillance, quelques heures plus t\u00f4t, ses m\u00e9decins&nbsp;<a target=\"_blank\" href=\"https:\/\/www.leparisien.fr\/international\/les-medecins-de-la-reine-elizabeth-ii-se-disent-preoccupes-par-son-etat-de-sante-08-09-2022-PTJG6G7RGBBAPMI6AXKRCZXB3Q.php\" rel=\"noreferrer noopener\">se disant \u00ab pr\u00e9occup\u00e9s \u00bb par son \u00e9tat de sant\u00e9<\/a>.<\/li><li>Son fils Charles, 73 ans,&nbsp;<a target=\"_blank\" href=\"https:\/\/www.leparisien.fr\/international\/mort-delizabeth-ii-le-regne-de-charles-iii-peut-enfin-commencer-08-09-2022-MJM3EWF5Q5F6RJBZLFF4BRWRDA.php\" rel=\"noreferrer noopener\">devient le roi Charles III<\/a>, tandis que l&rsquo;\u00e9pouse de ce dernier, Camilla, devient reine consort.&nbsp;<\/li><li>Le nouveau roi doit rentrer \u00e0 Londres ce vendredi et&nbsp;<a href=\"https:\/\/www.leparisien.fr\/international\/direct-mort-delizabeth-ii-le-monde-pleure-la-reine-charles-iii-va-sadresser-aux-britanniques-09-09-2022-TSUAYPUB7BG5DMO5UTEO5G3JA4.php#47da95b0-74b9-426b-bbed-1d41cb9dbb3f\">s&rsquo;adresser \u00e0 ses sujets pour la premi\u00e8re fois<\/a>&nbsp;dans un message enregistr\u00e9 \u00e0 l&rsquo;avance et diffus\u00e9 dans la soir\u00e9e. Il doit \u00eatre proclam\u00e9 officiellement roi samedi.&nbsp;<\/li><li>La mort de la souveraine ouvre&nbsp;<a target=\"_blank\" href=\"https:\/\/www.leparisien.fr\/international\/london-bridge-is-down-le-protocole-prevu-en-cas-de-deces-delizabeth-ii-08-09-2022-TLMDBZR54FA4FG3NZKXCR2NTTU.php\" rel=\"noreferrer noopener\">une p\u00e9riode de deuil national<\/a>, jusqu&rsquo;\u00e0 ses fun\u00e9railles dans une dizaine de jours.<\/li><li>Dans la journ\u00e9e, 96 coups de canon seront tir\u00e9s de plusieurs endroits dans le pays et les cloches de Saint-Paul, l&rsquo;abbaye de Westminster et au ch\u00e2teau de Windsor vont retentir.<\/li><li>Adressant \u00ab leurs pens\u00e9es \u00bb \u00e0 la famille royale et \u00e0 son peuple, chefs d&rsquo;Etat ou de gouvernement&nbsp;<a target=\"_blank\" href=\"https:\/\/www.leparisien.fr\/international\/mort-delizabeth-ii-emmanuel-macron-joe-biden-les-dirigeants-rendent-hommage-a-la-reine-de-coeur-08-09-2022-LD4L4TIK3VEUZO4VO5SCTKI7VY.php\" rel=\"noreferrer noopener\">ont multipli\u00e9 les hommages<\/a>. En 70 ans de r\u00e8gne, la reine Elizabeth a rencontr\u00e9 quasiment tous les grands responsables de la plan\u00e8te.<\/li><\/ul>\n","protected":false},"excerpt":{"rendered":"<p>La reine Elizabeth II&nbsp;est morte \u00ab paisiblement \u00bb jeudi \u00e0 96 ans&nbsp;dans sa r\u00e9sidence \u00e9cossaise de Balmoral. Elle avait \u00e9t\u00e9 plac\u00e9e sous surveillance, quelques heures plus t\u00f4t, ses m\u00e9decins&nbsp;se disant \u00ab pr\u00e9occup\u00e9s \u00bb par son \u00e9tat de sant\u00e9. Son fils Charles, 73 ans,&nbsp;devient le roi Charles III, tandis que l&rsquo;\u00e9pouse de ce dernier, Camilla, devient [&hellip;]<\/p>\n","protected":false},"author":2,"featured_media":22242,"comment_status":"open","ping_status":"open","sticky":false,"template":"","format":"standard","meta":{"_jetpack_memberships_contains_paid_content":false,"footnotes":"","jetpack_publicize_message":"","jetpack_publicize_feature_enabled":true,"jetpack_social_post_already_shared":true,"jetpack_social_options":{"image_generator_settings":{"template":"highway","default_image_id":0,"font":"","enabled":false},"version":2},"_wpas_customize_per_network":false},"categories":[405],"tags":[],"class_list":["post-22241","post","type-post","status-publish","format-standard","has-post-thumbnail","hentry","category-actu-france-monde"],"jetpack_publicize_connections":[],"jetpack_featured_media_url":"https:\/\/i0.wp.com\/www.iceagetv.com\/radiosite\/wp-content\/uploads\/2022\/09\/SEP7YA4IWVFLJKK5PCNIJDOVZE.jpg?fit=932%2C582&ssl=1","jetpack_sharing_enabled":true,"_links":{"self":[{"href":"https:\/\/www.iceagetv.com\/radiosite\/wp-json\/wp\/v2\/posts\/22241","targetHints":{"allow":["GET"]}}],"collection":[{"href":"https:\/\/www.iceagetv.com\/radiosite\/wp-json\/wp\/v2\/posts"}],"about":[{"href":"https:\/\/www.iceagetv.com\/radiosite\/wp-json\/wp\/v2\/types\/post"}],"author":[{"embeddable":true,"href":"https:\/\/www.iceagetv.com\/radiosite\/wp-json\/wp\/v2\/users\/2"}],"replies":[{"embeddable":true,"href":"https:\/\/www.iceagetv.com\/radiosite\/wp-json\/wp\/v2\/comments?post=22241"}],"version-history":[{"count":1,"href":"https:\/\/www.iceagetv.com\/radiosite\/wp-json\/wp\/v2\/posts\/22241\/revisions"}],"predecessor-version":[{"id":22243,"href":"https:\/\/www.iceagetv.com\/radiosite\/wp-json\/wp\/v2\/posts\/22241\/revisions\/22243"}],"wp:featuredmedia":[{"embeddable":true,"href":"https:\/\/www.iceagetv.com\/radiosite\/wp-json\/wp\/v2\/media\/22242"}],"wp:attachment":[{"href":"https:\/\/www.iceagetv.com\/radiosite\/wp-json\/wp\/v2\/media?parent=22241"}],"wp:term":[{"taxonomy":"category","embeddable":true,"href":"https:\/\/www.iceagetv.com\/radiosite\/wp-json\/wp\/v2\/categories?post=22241"},{"taxonomy":"post_tag","embeddable":true,"href":"https:\/\/www.iceagetv.com\/radiosite\/wp-json\/wp\/v2\/tags?post=22241"}],"curies":[{"name":"wp","href":"https:\/\/api.w.org\/{rel}","templated":true}]}}