{"id":22325,"date":"2022-09-19T18:15:02","date_gmt":"2022-09-19T18:15:02","guid":{"rendered":"http:\/\/www.iceagetv.com\/radiosite\/?p=22325"},"modified":"2022-09-19T18:15:02","modified_gmt":"2022-09-19T18:15:02","slug":"football-kylian-mbappe-refuse-de-participer-a-la-seance-photo-de-lequipe-de-france-prevue-demain-affirmant-quil-est-soucieux-de-ses-droits-a-limage","status":"publish","type":"post","link":"https:\/\/www.iceagetv.com\/radiosite\/football-kylian-mbappe-refuse-de-participer-a-la-seance-photo-de-lequipe-de-france-prevue-demain-affirmant-quil-est-soucieux-de-ses-droits-a-limage\/","title":{"rendered":"Football: Kylian Mbapp\u00e9 refuse de participer \u00e0 la s\u00e9ance photo de l&rsquo;\u00e9quipe de France pr\u00e9vue demain affirmant qu&rsquo;il est \u00ab\u00a0soucieux de ses droits \u00e0 l&rsquo;image\u00a0\u00bb"},"content":{"rendered":"\n<p>Kylian Mbapp\u00e9 a \u00ab\u00a0d\u00e9cid\u00e9 de ne pas prendre part \u00e0 la s\u00e9ance photo pr\u00e9vue\u00a0\u00bb mardi avec l&rsquo;\u00e9quipe de France apr\u00e8s le refus de la F\u00e9d\u00e9ration de \u00ab\u00a0modifier la convention\u00a0\u00bb des droits \u00e0 l&rsquo;image des joueurs, a-t-il fait savoir lundi dans un communiqu\u00e9 transmis \u00e0 l&rsquo;AFP.<\/p>\n\n\n\n<p>La star des Bleus et du Paris Saint-Germain \u00ab\u00a0et ses repr\u00e9sentants (&#8230;) regrettent vivement qu&rsquo;aucun accord n&rsquo;ait pu, comme demand\u00e9, \u00eatre trouv\u00e9 en amont de la Coupe du monde\u00a0\u00bb sur ce sujet qui a d\u00e9j\u00e0 fait pol\u00e9mique en mars.<\/p>\n\n\n\n<p>Lors de diff\u00e9rentes rencontres les conseillers de Mbapp\u00e9, notamment son avocate, Delphine Verheyden, avaient pu aupr\u00e8s des dirigeants de la FFF \u00ab\u00a0exposer leur position quant \u00e0 la n\u00e9cessit\u00e9 de modifier la convention r\u00e9gissant les conditions d&rsquo;utilisation de son image\u00a0\u00bb, poursuit le communiqu\u00e9, et un accord semblait avoir \u00e9t\u00e9 trouv\u00e9 d\u00e9but juin.<\/p>\n\n\n\n<p>Mais le pr\u00e9sident de la FFF, No\u00ebl Le Gra\u00ebt, a expliqu\u00e9 lundi dans L&rsquo;\u00c9quipe que \u00ab\u00a0rien ne changera d&rsquo;ici la Coupe du monde\u00a0\u00bb.<\/p>\n\n\n\n<p>Ces d\u00e9clarations \u00ab\u00a0renvoyant les discussions apr\u00e8s la Coupe du monde, Kylian Mbapp\u00e9, fid\u00e8le \u00e0 ses positions et comme il l&rsquo;avait indiqu\u00e9 \u00e0 la FFF, a donc d\u00e9cid\u00e9 de ne pas prendre part \u00e0 la s\u00e9ance photo pr\u00e9vue demain (mardi)\u00a0\u00bb.<\/p>\n\n\n\n<p>Cette d\u00e9cision \u00ab\u00a0ne remet \u00e9videmment pas en cause son engagement total et sa d\u00e9termination \u00e0 contribuer \u00e0 la r\u00e9ussite collective de l&rsquo;\u00e9quipe nationale pour les importantes \u00e9ch\u00e9ances sportives \u00e0 venir\u00a0\u00bb, conclut le communiqu\u00e9.<\/p>\n\n\n\n<p>Sollicit\u00e9e, la FFF n&rsquo;avait pas r\u00e9agi en milieu d&rsquo;apr\u00e8s-midi. No\u00ebl Le Gra\u00ebt et Fran\u00e7ois Vasseur, directeur marketing, sont attendus dans l&rsquo;apr\u00e8s-midi \u00e0 Clairefontaine, o\u00f9 ils s&rsquo;entretiendront avec des joueurs, a-t-on appris de source proche du dossier.<\/p>\n","protected":false},"excerpt":{"rendered":"<p>Kylian Mbapp\u00e9 a \u00ab\u00a0d\u00e9cid\u00e9 de ne pas prendre part \u00e0 la s\u00e9ance photo pr\u00e9vue\u00a0\u00bb mardi avec l&rsquo;\u00e9quipe de France apr\u00e8s le refus de la F\u00e9d\u00e9ration de \u00ab\u00a0modifier la convention\u00a0\u00bb des droits \u00e0 l&rsquo;image des joueurs, a-t-il fait savoir lundi dans un communiqu\u00e9 transmis \u00e0 l&rsquo;AFP. La star des Bleus et du Paris Saint-Germain \u00ab\u00a0et ses [&hellip;]<\/p>\n","protected":false},"author":2,"featured_media":22326,"comment_status":"open","ping_status":"open","sticky":false,"template":"","format":"standard","meta":{"_jetpack_memberships_contains_paid_content":false,"footnotes":"","jetpack_publicize_message":"","jetpack_publicize_feature_enabled":true,"jetpack_social_post_already_shared":true,"jetpack_social_options":{"image_generator_settings":{"template":"highway","default_image_id":0,"font":"","enabled":false},"version":2},"_wpas_customize_per_network":false},"categories":[18],"tags":[],"class_list":["post-22325","post","type-post","status-publish","format-standard","has-post-thumbnail","hentry","category-actu-sport"],"jetpack_publicize_connections":[],"jetpack_featured_media_url":"https:\/\/i0.wp.com\/www.iceagetv.com\/radiosite\/wp-content\/uploads\/2022\/09\/Kylian-Mbappe-refuse-de-participer-a-la-seance-photo-de-lequipe-de-France.jpg?fit=679%2C293&ssl=1","jetpack_sharing_enabled":true,"_links":{"self":[{"href":"https:\/\/www.iceagetv.com\/radiosite\/wp-json\/wp\/v2\/posts\/22325","targetHints":{"allow":["GET"]}}],"collection":[{"href":"https:\/\/www.iceagetv.com\/radiosite\/wp-json\/wp\/v2\/posts"}],"about":[{"href":"https:\/\/www.iceagetv.com\/radiosite\/wp-json\/wp\/v2\/types\/post"}],"author":[{"embeddable":true,"href":"https:\/\/www.iceagetv.com\/radiosite\/wp-json\/wp\/v2\/users\/2"}],"replies":[{"embeddable":true,"href":"https:\/\/www.iceagetv.com\/radiosite\/wp-json\/wp\/v2\/comments?post=22325"}],"version-history":[{"count":1,"href":"https:\/\/www.iceagetv.com\/radiosite\/wp-json\/wp\/v2\/posts\/22325\/revisions"}],"predecessor-version":[{"id":22327,"href":"https:\/\/www.iceagetv.com\/radiosite\/wp-json\/wp\/v2\/posts\/22325\/revisions\/22327"}],"wp:featuredmedia":[{"embeddable":true,"href":"https:\/\/www.iceagetv.com\/radiosite\/wp-json\/wp\/v2\/media\/22326"}],"wp:attachment":[{"href":"https:\/\/www.iceagetv.com\/radiosite\/wp-json\/wp\/v2\/media?parent=22325"}],"wp:term":[{"taxonomy":"category","embeddable":true,"href":"https:\/\/www.iceagetv.com\/radiosite\/wp-json\/wp\/v2\/categories?post=22325"},{"taxonomy":"post_tag","embeddable":true,"href":"https:\/\/www.iceagetv.com\/radiosite\/wp-json\/wp\/v2\/tags?post=22325"}],"curies":[{"name":"wp","href":"https:\/\/api.w.org\/{rel}","templated":true}]}}